{"id":37165,"date":"2022-03-21T03:59:09","date_gmt":"2022-03-21T03:59:09","guid":{"rendered":"http:\/\/elterritorialweb.com.ar\/web\/?p=37165"},"modified":"2022-03-21T03:59:10","modified_gmt":"2022-03-21T03:59:10","slug":"continua-el-programa-de-fumigaciones-en-distintos-barrios-de-la-capital","status":"publish","type":"post","link":"https:\/\/elterritorialweb.com.ar\/web\/continua-el-programa-de-fumigaciones-en-distintos-barrios-de-la-capital\/","title":{"rendered":"CONTIN\u00daA EL PROGRAMA DE FUMIGACIONES EN DISTINTOS BARRIOS DE LA CAPITAL"},"content":{"rendered":"\n<p>Este lunes comenzar\u00e1n las pulverizaciones en los barrios Juramento, Ram\u00f3n Carrillo, Sarmiento, Tradici\u00f3n, Mariano Moreno, Lomas de Golf, Aeropuerto y Los Lagos. El martes se intervendr\u00e1 en Vinalar, Santa Lucia, Smata, Villa del Carmen (desde colector hac\u00eda el Sur), Borges y Coesa.<br>El mi\u00e9rcoles las cuadrillas y veh\u00edculos fumigadores se trasladar\u00e1n a los barrios Libertad, Industria, San Mart\u00edn (de Alsina a Lavalle), Siglo XIX, Siglo XX, Siglo XXI, 750 viviendas, Saint Germ\u00e9s, General Paz, Juan Felipe Ibarra, Huaico Hondo y Jorge Newbery. Asimismo, el jueves ser\u00e1 el turno de Ej\u00e9rcito Argentino, Am\u00e9rica del Sur y Juan Diaz de Sol\u00eds.<br>Para el viernes est\u00e1 previsto el trabajo en los barrios Campo Contreras, Almirante Brown, Islas Malvinas, Jerarquizado municipal, Jard\u00edn, Col\u00f3n, Rivadavia, Saenz Pe\u00f1a, Santa Teresita y Bel\u00e9n.<\/p>\n","protected":false},"excerpt":{"rendered":"<p>Tal como ocurre todas las semanas, la Municipalidad de la Capital continuar\u00e1 con su plan de acciones preventivas con fumigaciones contra mosquitos y otros insectos, reforzando los trabajos con llegada a toda la ciudad.<\/p>\n","protected":false},"author":2,"featured_media":37166,"comment_status":"open","ping_status":"open","sticky":false,"template":"","format":"standard","meta":{"om_disable_all_campaigns":false,"_monsterinsights_skip_tracking":false,"_monsterinsights_sitenote_active":false,"_monsterinsights_sitenote_note":"","_monsterinsights_sitenote_category":0,"_uf_show_specific_survey":0,"_uf_disable_surveys":false,"jetpack_post_was_ever_published":false,"_jetpack_newsletter_access":"","_jetpack_dont_email_post_to_subs":false,"_jetpack_newsletter_tier_id":0,"_jetpack_memberships_contains_paywalled_content":false,"_jetpack_memberships_contains_paid_content":false,"footnotes":"","jetpack_publicize_message":"","jetpack_publicize_feature_enabled":true,"jetpack_social_post_already_shared":false,"jetpack_social_options":{"image_generator_settings":{"template":"highway","default_image_id":0,"font":"","enabled":false},"version":2}},"categories":[21],"tags":[],"class_list":["post-37165","post","type-post","status-publish","format-standard","has-post-thumbnail","hentry","category-locales"],"aioseo_notices":[],"views":7,"jetpack_publicize_connections":[],"jetpack_featured_media_url":"https:\/\/i0.wp.com\/elterritorialweb.com.ar\/web\/wp-content\/uploads\/2022\/03\/fumiga-80.jpeg?fit=1600%2C998&ssl=1","jetpack_sharing_enabled":true,"_links":{"self":[{"href":"https:\/\/elterritorialweb.com.ar\/web\/wp-json\/wp\/v2\/posts\/37165","targetHints":{"allow":["GET"]}}],"collection":[{"href":"https:\/\/elterritorialweb.com.ar\/web\/wp-json\/wp\/v2\/posts"}],"about":[{"href":"https:\/\/elterritorialweb.com.ar\/web\/wp-json\/wp\/v2\/types\/post"}],"author":[{"embeddable":true,"href":"https:\/\/elterritorialweb.com.ar\/web\/wp-json\/wp\/v2\/users\/2"}],"replies":[{"embeddable":true,"href":"https:\/\/elterritorialweb.com.ar\/web\/wp-json\/wp\/v2\/comments?post=37165"}],"version-history":[{"count":1,"href":"https:\/\/elterritorialweb.com.ar\/web\/wp-json\/wp\/v2\/posts\/37165\/revisions"}],"predecessor-version":[{"id":37167,"href":"https:\/\/elterritorialweb.com.ar\/web\/wp-json\/wp\/v2\/posts\/37165\/revisions\/37167"}],"wp:featuredmedia":[{"embeddable":true,"href":"https:\/\/elterritorialweb.com.ar\/web\/wp-json\/wp\/v2\/media\/37166"}],"wp:attachment":[{"href":"https:\/\/elterritorialweb.com.ar\/web\/wp-json\/wp\/v2\/media?parent=37165"}],"wp:term":[{"taxonomy":"category","embeddable":true,"href":"https:\/\/elterritorialweb.com.ar\/web\/wp-json\/wp\/v2\/categories?post=37165"},{"taxonomy":"post_tag","embeddable":true,"href":"https:\/\/elterritorialweb.com.ar\/web\/wp-json\/wp\/v2\/tags?post=37165"}],"curies":[{"name":"wp","href":"https:\/\/api.w.org\/{rel}","templated":true}]}}