{"id":37168,"date":"2022-03-21T04:04:35","date_gmt":"2022-03-21T04:04:35","guid":{"rendered":"http:\/\/elterritorialweb.com.ar\/web\/?p=37168"},"modified":"2022-03-21T04:04:36","modified_gmt":"2022-03-21T04:04:36","slug":"convocan-a-cubrir-cargos-docentes-en-jardines-de-infantes","status":"publish","type":"post","link":"https:\/\/elterritorialweb.com.ar\/web\/convocan-a-cubrir-cargos-docentes-en-jardines-de-infantes\/","title":{"rendered":"CONVOCAN A CUBRIR CARGOS DOCENTES EN JARDINES DE INFANTES"},"content":{"rendered":"\n<p>La convocatoria es para maestra de secci\u00f3n interina para el Jard\u00edn de Infantes 6 \u201cPulgarcito\u201d (un cargo-turno Tarde), Jard\u00edn de Infantes N\u00ba 11 \u201cShunko\u201d (un cargo-Turno tarde) y para el Jard\u00edn de Infantes N\u00ba 22 \u201cVirgen del Carmen\u201d (un cargo-Turno Ma\u00f1ana).<br>El acto de opci\u00f3n de cargos se llevara a cabo el d\u00eda 22 de marzo de 2022 a las 8 horas en la sede de la Casa de la Cultura Arga\u00f1araz Alcorta, sita en Libertad 179 de esta ciudad.<br>Las docentes interesadas, en el momento de la opci\u00f3n, deber\u00e1n presentar declaraci\u00f3n jurada de cargos, formulario que debe ser adquirido en Supervisi\u00f3n General, C\u00f3rdoba 254.<\/p>\n","protected":false},"excerpt":{"rendered":"<p>La Subsecretaria de Educaci\u00f3n de la Capital llam\u00f3 a cubrir cargos docentes, de acuerdo a los Listados de Orden de M\u00e9rito vigente.<\/p>\n","protected":false},"author":2,"featured_media":37169,"comment_status":"open","ping_status":"open","sticky":false,"template":"","format":"standard","meta":{"om_disable_all_campaigns":false,"_monsterinsights_skip_tracking":false,"_monsterinsights_sitenote_active":false,"_monsterinsights_sitenote_note":"","_monsterinsights_sitenote_category":0,"_uf_show_specific_survey":0,"_uf_disable_surveys":false,"jetpack_post_was_ever_published":false,"_jetpack_newsletter_access":"","_jetpack_dont_email_post_to_subs":false,"_jetpack_newsletter_tier_id":0,"_jetpack_memberships_contains_paywalled_content":false,"_jetpack_memberships_contains_paid_content":false,"footnotes":"","jetpack_publicize_message":"","jetpack_publicize_feature_enabled":true,"jetpack_social_post_already_shared":false,"jetpack_social_options":{"image_generator_settings":{"template":"highway","default_image_id":0,"font":"","enabled":false},"version":2}},"categories":[19],"tags":[],"class_list":["post-37168","post","type-post","status-publish","format-standard","has-post-thumbnail","hentry","category-educacion"],"aioseo_notices":[],"views":6,"jetpack_publicize_connections":[],"jetpack_featured_media_url":"https:\/\/i0.wp.com\/elterritorialweb.com.ar\/web\/wp-content\/uploads\/2022\/03\/docentes-jardines-2.jpeg?fit=1600%2C1067&ssl=1","jetpack_sharing_enabled":true,"_links":{"self":[{"href":"https:\/\/elterritorialweb.com.ar\/web\/wp-json\/wp\/v2\/posts\/37168","targetHints":{"allow":["GET"]}}],"collection":[{"href":"https:\/\/elterritorialweb.com.ar\/web\/wp-json\/wp\/v2\/posts"}],"about":[{"href":"https:\/\/elterritorialweb.com.ar\/web\/wp-json\/wp\/v2\/types\/post"}],"author":[{"embeddable":true,"href":"https:\/\/elterritorialweb.com.ar\/web\/wp-json\/wp\/v2\/users\/2"}],"replies":[{"embeddable":true,"href":"https:\/\/elterritorialweb.com.ar\/web\/wp-json\/wp\/v2\/comments?post=37168"}],"version-history":[{"count":1,"href":"https:\/\/elterritorialweb.com.ar\/web\/wp-json\/wp\/v2\/posts\/37168\/revisions"}],"predecessor-version":[{"id":37170,"href":"https:\/\/elterritorialweb.com.ar\/web\/wp-json\/wp\/v2\/posts\/37168\/revisions\/37170"}],"wp:featuredmedia":[{"embeddable":true,"href":"https:\/\/elterritorialweb.com.ar\/web\/wp-json\/wp\/v2\/media\/37169"}],"wp:attachment":[{"href":"https:\/\/elterritorialweb.com.ar\/web\/wp-json\/wp\/v2\/media?parent=37168"}],"wp:term":[{"taxonomy":"category","embeddable":true,"href":"https:\/\/elterritorialweb.com.ar\/web\/wp-json\/wp\/v2\/categories?post=37168"},{"taxonomy":"post_tag","embeddable":true,"href":"https:\/\/elterritorialweb.com.ar\/web\/wp-json\/wp\/v2\/tags?post=37168"}],"curies":[{"name":"wp","href":"https:\/\/api.w.org\/{rel}","templated":true}]}}