{"id":37171,"date":"2022-03-21T16:49:31","date_gmt":"2022-03-21T16:49:31","guid":{"rendered":"http:\/\/elterritorialweb.com.ar\/web\/?p=37171"},"modified":"2022-03-21T16:49:32","modified_gmt":"2022-03-21T16:49:32","slug":"comienza-la-semana-de-la-memoria-la-verdad-y-la-justicia-del-instituto-universitario-de-madres","status":"publish","type":"post","link":"https:\/\/elterritorialweb.com.ar\/web\/comienza-la-semana-de-la-memoria-la-verdad-y-la-justicia-del-instituto-universitario-de-madres\/","title":{"rendered":"COMIENZA LA SEMANA DE LA MEMORIA, LA VERDAD Y LA JUSTICIA DEL INSTITUTO UNIVERSITARIO DE MADRES"},"content":{"rendered":"\n<p>El embajador argentino en Chile,&nbsp;<strong>Rafael Bielsa<\/strong>; el secretario de Malvinas,&nbsp;<strong>Guillermo Carmona<\/strong>; la exgobernadora de Tierra del Fuego y diputada nacional&nbsp;<strong>Rosana Bertone<\/strong>, el diputado nacional&nbsp;<strong>Eduardo Vald\u00e9s<\/strong>, el exjuez de la Corte Suprema&nbsp;<strong>Ra\u00fal Zaffaroni<\/strong>&nbsp;y la soci\u00f3loga&nbsp;<strong>Dora Barrancos<\/strong>, entre otros, participar\u00e1n desde este lunes de la Semana de la Memoria por la Verdad y la Justicia organizada por el<strong>&nbsp;Instituto Universitario Nacional de Derechos Humanos \u00abMadres de Plaza de Mayo\u00bb (IUNMa).<\/strong><\/p>\n\n\n\n<p>El ciclo se desarrollar\u00e1 desde el 21 al 29 de marzo con exposiciones diarias, a las 18, que se transmitir\u00e1n por las plataformas Youtube y Zoom.<\/p>\n\n\n\n<p>Las ponencias, en la semana en que&nbsp;<strong>se cumplir\u00e1n 46 a\u00f1os del \u00faltimo golpe de Estado c\u00edvico-militar<\/strong>, estar\u00e1n vinculadas con los acontecimientos y consecuencias pol\u00edticas, sociales, culturales, subjetivas y econ\u00f3micas de la \u00faltima dictadura.<\/p>\n\n\n\n<p>Adem\u00e1s, se abordar\u00e1 el tema de la Guerra de Malvinas y de la soberan\u00eda argentina sobre el archipi\u00e9lago austral, ya que el 2 de abril se cumplir\u00e1n 40 a\u00f1os del comienzo del conflicto b\u00e9lico con Gran Breta\u00f1a.<\/p>\n\n\n\n<p>El IUNMa, unidad dependiente del Ministerio de Justicia y Derechos Humanos de la Naci\u00f3n, destac\u00f3 en un comunicado que \u00ababorda la problem\u00e1tica de los Derechos Humanos desde una perspectiva amplia y compleja, los concibe como derechos sociales inherentes a la condici\u00f3n humana y el fruto de luchas sociales y de las conquistas hist\u00f3ricas de los pueblos\u00bb y los entiende \u00abdesde una perspectiva integral, que concibe a las instituciones del Estado como promotoras y garantes de los derechos para todas\/os las\/os sujetos sociales que habitan el territorio nacional\u00bb.<\/p>\n\n\n\n<h3 class=\"wp-block-heading\">Charlas y exposiciones<\/h3>\n\n\n\n<p>Este lunes 21, Bielsa y Vald\u00e9s expondr\u00e1n sobre \u00abConflicto b\u00e9lico y derechos humanos en el contexto de un cambio de \u00e9poca\u00bb; el martes 22 Dora Barrancos y las escritoras Gloria Peirano y Lucila Grossman disertar\u00e1n sobre \u00abG\u00e9nero y memoria: una mirada desde la historia y la literatura\u00bb, mientras el mi\u00e9rcoles 23 la Defensora del P\u00fablico Miriam Lewin y el profesor Javier Romero abordar\u00e1n el tema \u00abPor la memoria, la verdad y la justicia. La manipulaci\u00f3n medi\u00e1tica\u00bb.<\/p>\n\n\n\n<p>Tras la jornada del 24 de marzo y las conmemoraciones por el aniversario del golpe de Estado de 1976, el viernes 25 se retomar\u00e1n las charlas-debate con exposiciones de la exprocuradora Alejandra Gils Carb\u00f3, el fiscal Jorge Auat y el soci\u00f3logo Jorge Elbaum acerca de \u00abDisputas en la construcci\u00f3n de la Memoria\u00bb.<\/p>\n\n\n\n<p>El s\u00e1bado 26 Ra\u00fal Zaffaroni y el fiscal Alejandro Alagia disertar\u00e1n sobre el tema \u00abPor la memoria, la verdad y la justicia. Cr\u00edmenes de Lesa Humanidad\u00bb. El lunes 28 la educadora Silvia Vilta y la periodista Sandra Russo expondr\u00e1n el tema \u00abPor las banderas de la memoria, la verdad y la justicia: lo que somos\u00bb.<\/p>\n\n\n\n<p>Y el martes 29 de marzo el excombatiente de Malvinas e investigador del Museo Malvinas Mario Volpe, la exgobernadora de Tierra del Fuego, Ant\u00e1rtida e Islas del Atl\u00e1ntico Sur y diputada nacional, Rosana Bertone, y el Secretario de Malvinas, Guillermo Carmona, expondr\u00e1n sobre \u00abConmemoraci\u00f3n del 40\u00b0 aniversario de la Guerra de Malvinas. Malvinas: memorias, presente y futuro\u00bb.<\/p>\n\n\n\n<p>El IUNMa resalt\u00f3 adem\u00e1s la importancia del \u00abdesarrollo de una memoria activa que permita la no repetici\u00f3n de los oscuros hechos de nuestra historia y accione perform\u00e1ndonos como sujetos sociales capaces de construir y reconstruir nuestra historia colectiva como naci\u00f3n, promoviendo el ejercicio colectivo de la memoria y explicitando continuidades y rupturas en nuestro presente\u00bb.<\/p>\n","protected":false},"excerpt":{"rendered":"<p>Figuras pol\u00edticas y autoridades participar\u00e1n del evento organizado por el Instituto Universitario Nacional de Derechos Humanos \u00abMadres de Plaza de Mayo\u00bb (IUNMa), que se desarrollar\u00e1 desde el 21 al 29 de marzo con exposiciones diarias, a las 18, que se transmitir\u00e1n por las plataformas Youtube y Zoom.<\/p>\n","protected":false},"author":2,"featured_media":37172,"comment_status":"open","ping_status":"open","sticky":false,"template":"","format":"standard","meta":{"om_disable_all_campaigns":false,"_monsterinsights_skip_tracking":false,"_monsterinsights_sitenote_active":false,"_monsterinsights_sitenote_note":"","_monsterinsights_sitenote_category":0,"_uf_show_specific_survey":0,"_uf_disable_surveys":false,"jetpack_post_was_ever_published":false,"_jetpack_newsletter_access":"","_jetpack_dont_email_post_to_subs":false,"_jetpack_newsletter_tier_id":0,"_jetpack_memberships_contains_paywalled_content":false,"_jetpack_memberships_contains_paid_content":false,"footnotes":"","jetpack_publicize_message":"","jetpack_publicize_feature_enabled":true,"jetpack_social_post_already_shared":false,"jetpack_social_options":{"image_generator_settings":{"template":"highway","default_image_id":0,"font":"","enabled":false},"version":2}},"categories":[7],"tags":[],"class_list":["post-37171","post","type-post","status-publish","format-standard","has-post-thumbnail","hentry","category-nacionales"],"aioseo_notices":[],"views":10,"jetpack_publicize_connections":[],"jetpack_featured_media_url":"https:\/\/i0.wp.com\/elterritorialweb.com.ar\/web\/wp-content\/uploads\/2022\/03\/e4cefbea42a636d968e8f6b4e3eb582f.jpg?fit=450%2C416&ssl=1","jetpack_sharing_enabled":true,"_links":{"self":[{"href":"https:\/\/elterritorialweb.com.ar\/web\/wp-json\/wp\/v2\/posts\/37171","targetHints":{"allow":["GET"]}}],"collection":[{"href":"https:\/\/elterritorialweb.com.ar\/web\/wp-json\/wp\/v2\/posts"}],"about":[{"href":"https:\/\/elterritorialweb.com.ar\/web\/wp-json\/wp\/v2\/types\/post"}],"author":[{"embeddable":true,"href":"https:\/\/elterritorialweb.com.ar\/web\/wp-json\/wp\/v2\/users\/2"}],"replies":[{"embeddable":true,"href":"https:\/\/elterritorialweb.com.ar\/web\/wp-json\/wp\/v2\/comments?post=37171"}],"version-history":[{"count":1,"href":"https:\/\/elterritorialweb.com.ar\/web\/wp-json\/wp\/v2\/posts\/37171\/revisions"}],"predecessor-version":[{"id":37173,"href":"https:\/\/elterritorialweb.com.ar\/web\/wp-json\/wp\/v2\/posts\/37171\/revisions\/37173"}],"wp:featuredmedia":[{"embeddable":true,"href":"https:\/\/elterritorialweb.com.ar\/web\/wp-json\/wp\/v2\/media\/37172"}],"wp:attachment":[{"href":"https:\/\/elterritorialweb.com.ar\/web\/wp-json\/wp\/v2\/media?parent=37171"}],"wp:term":[{"taxonomy":"category","embeddable":true,"href":"https:\/\/elterritorialweb.com.ar\/web\/wp-json\/wp\/v2\/categories?post=37171"},{"taxonomy":"post_tag","embeddable":true,"href":"https:\/\/elterritorialweb.com.ar\/web\/wp-json\/wp\/v2\/tags?post=37171"}],"curies":[{"name":"wp","href":"https:\/\/api.w.org\/{rel}","templated":true}]}}