{"id":37174,"date":"2022-03-21T18:16:30","date_gmt":"2022-03-21T18:16:30","guid":{"rendered":"http:\/\/elterritorialweb.com.ar\/web\/?p=37174"},"modified":"2022-03-21T18:17:21","modified_gmt":"2022-03-21T18:17:21","slug":"el-gobernador-zamora-inauguro-dos-edificios-educativos-en-chauchillas","status":"publish","type":"post","link":"https:\/\/elterritorialweb.com.ar\/web\/el-gobernador-zamora-inauguro-dos-edificios-educativos-en-chauchillas\/","title":{"rendered":"EL GOBERNADOR ZAMORA INAUGUR\u00d3 DOS EDIFICIOS EDUCATIVOS EN CHAUCHILLAS"},"content":{"rendered":"\n<p>Obras en el departamento R\u00edo Hondo<\/p>\n\n\n\n<p>El gobernador Gerardo Zamora visit\u00f3 este lunes por la ma\u00f1ana la localidad de Chauchillas, en el departamento R\u00edo Hondo, donde inaugur\u00f3 los edificios del Colegio Secundario \u00abProf. Domingo Bravo\u00bb sede del Agrupamiento N\u00b086037 y del Jard\u00edn de Infantes N\u00b0 19 anexo de la Escuela N\u00b0 10 \u00abProvincia de Tucum\u00e1n\u00bb.<\/p>\n\n\n\n<figure class=\"wp-block-image size-full\"><a href=\"https:\/\/i0.wp.com\/elterritorialweb.com.ar\/web\/wp-content\/uploads\/2022\/03\/FB_IMG_1647883308016.jpg\"><img data-recalc-dims=\"1\" decoding=\"async\" width=\"640\" height=\"427\" data-src=\"https:\/\/i0.wp.com\/elterritorialweb.com.ar\/web\/wp-content\/uploads\/2022\/03\/FB_IMG_1647883308016.jpg?resize=640%2C427\" alt=\"\" class=\"wp-image-37177 lazyload\" data-srcset=\"https:\/\/i0.wp.com\/elterritorialweb.com.ar\/web\/wp-content\/uploads\/2022\/03\/FB_IMG_1647883308016.jpg?w=720&amp;ssl=1 720w, https:\/\/i0.wp.com\/elterritorialweb.com.ar\/web\/wp-content\/uploads\/2022\/03\/FB_IMG_1647883308016.jpg?resize=300%2C200&amp;ssl=1 300w\" data-sizes=\"(max-width: 640px) 100vw, 640px\" src=\"data:image\/svg+xml;base64,PHN2ZyB3aWR0aD0iMSIgaGVpZ2h0PSIxIiB4bWxucz0iaHR0cDovL3d3dy53My5vcmcvMjAwMC9zdmciPjwvc3ZnPg==\" style=\"--smush-placeholder-width: 640px; --smush-placeholder-aspect-ratio: 640\/427;\" \/><\/a><\/figure>\n\n\n\n<p>Tambi\u00e9n en esta oportunidad fueron entregadas tablets a los alumnos que cursan el \u00faltimo a\u00f1o del secundario, como parte del programa provincial Metas Digitales que este a\u00f1o beneficiar\u00e1 a m\u00e1s de 13 mil estudiantes.<\/p>\n\n\n\n<figure class=\"wp-block-image size-full\"><a href=\"https:\/\/i0.wp.com\/elterritorialweb.com.ar\/web\/wp-content\/uploads\/2022\/03\/FB_IMG_1647883311231.jpg\"><img data-recalc-dims=\"1\" decoding=\"async\" width=\"640\" height=\"427\" data-src=\"https:\/\/i0.wp.com\/elterritorialweb.com.ar\/web\/wp-content\/uploads\/2022\/03\/FB_IMG_1647883311231.jpg?resize=640%2C427\" alt=\"\" class=\"wp-image-37176 lazyload\" data-srcset=\"https:\/\/i0.wp.com\/elterritorialweb.com.ar\/web\/wp-content\/uploads\/2022\/03\/FB_IMG_1647883311231.jpg?w=720&amp;ssl=1 720w, https:\/\/i0.wp.com\/elterritorialweb.com.ar\/web\/wp-content\/uploads\/2022\/03\/FB_IMG_1647883311231.jpg?resize=300%2C200&amp;ssl=1 300w\" data-sizes=\"(max-width: 640px) 100vw, 640px\" src=\"data:image\/svg+xml;base64,PHN2ZyB3aWR0aD0iMSIgaGVpZ2h0PSIxIiB4bWxucz0iaHR0cDovL3d3dy53My5vcmcvMjAwMC9zdmciPjwvc3ZnPg==\" style=\"--smush-placeholder-width: 640px; --smush-placeholder-aspect-ratio: 640\/427;\" \/><\/a><\/figure>\n\n\n\n<p>El mandatario estuvo acompa\u00f1ado por el vicegobernador Carlos Silva Neder y los ministros de Educaci\u00f3n, Mariela Nasif, y de Obras P\u00fablicas, Argentino Cambrini, entre otros funcionarios.<\/p>\n\n\n\n<figure class=\"wp-block-image size-full\"><a href=\"https:\/\/i0.wp.com\/elterritorialweb.com.ar\/web\/wp-content\/uploads\/2022\/03\/FB_IMG_1647883314104.jpg\"><img data-recalc-dims=\"1\" decoding=\"async\" width=\"640\" height=\"427\" data-src=\"https:\/\/i0.wp.com\/elterritorialweb.com.ar\/web\/wp-content\/uploads\/2022\/03\/FB_IMG_1647883314104.jpg?resize=640%2C427\" alt=\"\" class=\"wp-image-37178 lazyload\" data-srcset=\"https:\/\/i0.wp.com\/elterritorialweb.com.ar\/web\/wp-content\/uploads\/2022\/03\/FB_IMG_1647883314104.jpg?w=720&amp;ssl=1 720w, https:\/\/i0.wp.com\/elterritorialweb.com.ar\/web\/wp-content\/uploads\/2022\/03\/FB_IMG_1647883314104.jpg?resize=300%2C200&amp;ssl=1 300w\" data-sizes=\"(max-width: 640px) 100vw, 640px\" src=\"data:image\/svg+xml;base64,PHN2ZyB3aWR0aD0iMSIgaGVpZ2h0PSIxIiB4bWxucz0iaHR0cDovL3d3dy53My5vcmcvMjAwMC9zdmciPjwvc3ZnPg==\" style=\"--smush-placeholder-width: 640px; --smush-placeholder-aspect-ratio: 640\/427;\" \/><\/a><\/figure>\n\n\n\n<p>Tambi\u00e9n asisti\u00f3 al acto como invitada especial la Lic. Mar\u00eda In\u00e9s Bravo de Gentile, hija del Prof. Domingo Bravo, reconocido investigador del quechua santiague\u00f1o.<\/p>\n\n\n\n<figure class=\"wp-block-image size-full\"><a href=\"https:\/\/i0.wp.com\/elterritorialweb.com.ar\/web\/wp-content\/uploads\/2022\/03\/FB_IMG_1647883317466.jpg\"><img data-recalc-dims=\"1\" decoding=\"async\" width=\"640\" height=\"427\" data-src=\"https:\/\/i0.wp.com\/elterritorialweb.com.ar\/web\/wp-content\/uploads\/2022\/03\/FB_IMG_1647883317466.jpg?resize=640%2C427\" alt=\"\" class=\"wp-image-37179 lazyload\" data-srcset=\"https:\/\/i0.wp.com\/elterritorialweb.com.ar\/web\/wp-content\/uploads\/2022\/03\/FB_IMG_1647883317466.jpg?w=720&amp;ssl=1 720w, https:\/\/i0.wp.com\/elterritorialweb.com.ar\/web\/wp-content\/uploads\/2022\/03\/FB_IMG_1647883317466.jpg?resize=300%2C200&amp;ssl=1 300w\" data-sizes=\"(max-width: 640px) 100vw, 640px\" src=\"data:image\/svg+xml;base64,PHN2ZyB3aWR0aD0iMSIgaGVpZ2h0PSIxIiB4bWxucz0iaHR0cDovL3d3dy53My5vcmcvMjAwMC9zdmciPjwvc3ZnPg==\" style=\"--smush-placeholder-width: 640px; --smush-placeholder-aspect-ratio: 640\/427;\" \/><\/a><\/figure>\n\n\n<div>\u00abVenimos trabajando para dar un salto cualitativo que incluya a todos. Por eso la educaci\u00f3n es nuestra inversi\u00f3n m\u00e1s importante\u00bb, dijo, para luego resaltar los avances alcanzados en infraestructura, equipamiento, salarios y estabilidad docente y conectividad con Internet gratuito para todos los establecimientos educativos de la provincia.<\/div>\n<div>\u00a0<\/div>\n<div><span style=\"color: initial;\">En ese contexto, remarc\u00f3 la trascendencia del programa Metas, a trav\u00e9s de su l\u00ednea de subsidios y cr\u00e9ditos blandos para financiar proyectos innovadores impulsados por j\u00f3venes emprendedores.<\/span><\/div>\n<div>\u00a0<\/div>\n<div style=\"text-align: left;\">En su mensaje, Zamora tambi\u00e9n destac\u00f3 el \u00e9xito de la campa\u00f1a de vacunaci\u00f3n contra el covid y alent\u00f3 a completar el esquema a quienes todav\u00eda no lo hicieron. Adem\u00e1s de seguir cuid\u00e1ndose para las enfermedades estacionales.<\/div>","protected":false},"excerpt":{"rendered":"<p>El mandatario entreg\u00f3 tablets y anunci\u00f3 mejoras edilicias para la escuela primaria de la localidad.<\/p>\n","protected":false},"author":2,"featured_media":37175,"comment_status":"open","ping_status":"open","sticky":false,"template":"","format":"standard","meta":{"om_disable_all_campaigns":false,"_monsterinsights_skip_tracking":false,"_monsterinsights_sitenote_active":false,"_monsterinsights_sitenote_note":"","_monsterinsights_sitenote_category":0,"_uf_show_specific_survey":0,"_uf_disable_surveys":false,"jetpack_post_was_ever_published":false,"_jetpack_newsletter_access":"","_jetpack_dont_email_post_to_subs":false,"_jetpack_newsletter_tier_id":0,"_jetpack_memberships_contains_paywalled_content":false,"_jetpack_memberships_contains_paid_content":false,"footnotes":"","jetpack_publicize_message":"","jetpack_publicize_feature_enabled":true,"jetpack_social_post_already_shared":false,"jetpack_social_options":{"image_generator_settings":{"template":"highway","default_image_id":0,"font":"","enabled":false},"version":2}},"categories":[21],"tags":[],"class_list":["post-37174","post","type-post","status-publish","format-standard","has-post-thumbnail","hentry","category-locales"],"aioseo_notices":[],"views":8,"jetpack_publicize_connections":[],"jetpack_featured_media_url":"https:\/\/i0.wp.com\/elterritorialweb.com.ar\/web\/wp-content\/uploads\/2022\/03\/FB_IMG_1647883305404.jpg?fit=720%2C480&ssl=1","jetpack_sharing_enabled":true,"_links":{"self":[{"href":"https:\/\/elterritorialweb.com.ar\/web\/wp-json\/wp\/v2\/posts\/37174","targetHints":{"allow":["GET"]}}],"collection":[{"href":"https:\/\/elterritorialweb.com.ar\/web\/wp-json\/wp\/v2\/posts"}],"about":[{"href":"https:\/\/elterritorialweb.com.ar\/web\/wp-json\/wp\/v2\/types\/post"}],"author":[{"embeddable":true,"href":"https:\/\/elterritorialweb.com.ar\/web\/wp-json\/wp\/v2\/users\/2"}],"replies":[{"embeddable":true,"href":"https:\/\/elterritorialweb.com.ar\/web\/wp-json\/wp\/v2\/comments?post=37174"}],"version-history":[{"count":1,"href":"https:\/\/elterritorialweb.com.ar\/web\/wp-json\/wp\/v2\/posts\/37174\/revisions"}],"predecessor-version":[{"id":37180,"href":"https:\/\/elterritorialweb.com.ar\/web\/wp-json\/wp\/v2\/posts\/37174\/revisions\/37180"}],"wp:featuredmedia":[{"embeddable":true,"href":"https:\/\/elterritorialweb.com.ar\/web\/wp-json\/wp\/v2\/media\/37175"}],"wp:attachment":[{"href":"https:\/\/elterritorialweb.com.ar\/web\/wp-json\/wp\/v2\/media?parent=37174"}],"wp:term":[{"taxonomy":"category","embeddable":true,"href":"https:\/\/elterritorialweb.com.ar\/web\/wp-json\/wp\/v2\/categories?post=37174"},{"taxonomy":"post_tag","embeddable":true,"href":"https:\/\/elterritorialweb.com.ar\/web\/wp-json\/wp\/v2\/tags?post=37174"}],"curies":[{"name":"wp","href":"https:\/\/api.w.org\/{rel}","templated":true}]}}