{"id":37182,"date":"2022-03-21T21:38:22","date_gmt":"2022-03-21T21:38:22","guid":{"rendered":"http:\/\/elterritorialweb.com.ar\/web\/?p=37182"},"modified":"2022-03-21T21:42:05","modified_gmt":"2022-03-21T21:42:05","slug":"la-unse-presento-su-agencia-de-noticias-y-contenidos-para-el-territorio","status":"publish","type":"post","link":"https:\/\/elterritorialweb.com.ar\/web\/la-unse-presento-su-agencia-de-noticias-y-contenidos-para-el-territorio\/","title":{"rendered":"LA UNSE PRESENT\u00d3 SU AGENCIA DE NOTICIAS Y CONTENIDOS PARA EL TERRITORIO"},"content":{"rendered":"\n<p>La agencia viene funcionando de hecho desde 2019, con el objetivo poner al alcance de poblaciones distantes de la sede UNSE informaci\u00f3n que puede implicar oportunidades de desarrollos individuales y colectivos y que es un derecho de los y las ciudadanas. Su oficializaci\u00f3n como \u00e1rea en 2021, a trav\u00e9s de una resoluci\u00f3n del Consejo Superior de la UNSE, motiv\u00f3 esta presentaci\u00f3n.<br>El acto protocolar realizado en el Paraninfo de la UNSE fue presidido por el rector H\u00e9ctor Paz, la subsecretaria de Comunicaciones, Gabriela Moyano, y el coordinador de la Agencia, Sergio Salerno. Tambi\u00e9n acompa\u00f1aron, la vicerrectora Marcela Ju\u00e1rez, los decanos y el subsecretario de Cultura de la Provincia, Juan Leguizam\u00f3n, entre otras autoridades y funcionarios.<br>El coordinador de la Agencia invit\u00f3 a propietarios de radios y\/o portales gr\u00e1ficos y digitales, comunicadores, periodistas o conductores de programas radiales, de toda la provincia, a sumarse a la recepci\u00f3n de contenidos de la Universidad Nacional de Santiago del Estero. Para ello, basta con suscribirse en la p\u00e1gina web de la Agencia: www.agencia.unse.edu.ar<br>Los medios o comunicadores que se suscriban recibir\u00e1n un servicio gratuito diario o semanal en formatos de boletines sonoros y de texto y notas, con actividad universitaria.<\/p>\n","protected":false},"excerpt":{"rendered":"<p>El viernes pasado en un acto al que asistieron autoridades provinciales y de la Universidad, se present\u00f3 formalmente el \u00e1rea de la Agencia de Noticias y Contenidos Universitarios para el territorio.<\/p>\n","protected":false},"author":2,"featured_media":37183,"comment_status":"open","ping_status":"open","sticky":false,"template":"","format":"standard","meta":{"om_disable_all_campaigns":false,"_monsterinsights_skip_tracking":false,"_monsterinsights_sitenote_active":false,"_monsterinsights_sitenote_note":"","_monsterinsights_sitenote_category":0,"_uf_show_specific_survey":0,"_uf_disable_surveys":false,"jetpack_post_was_ever_published":false,"_jetpack_newsletter_access":"","_jetpack_dont_email_post_to_subs":false,"_jetpack_newsletter_tier_id":0,"_jetpack_memberships_contains_paywalled_content":false,"_jetpack_memberships_contains_paid_content":false,"footnotes":"","jetpack_publicize_message":"","jetpack_publicize_feature_enabled":true,"jetpack_social_post_already_shared":false,"jetpack_social_options":{"image_generator_settings":{"template":"highway","default_image_id":0,"font":"","enabled":false},"version":2}},"categories":[21],"tags":[],"class_list":["post-37182","post","type-post","status-publish","format-standard","has-post-thumbnail","hentry","category-locales"],"aioseo_notices":[],"views":11,"jetpack_publicize_connections":[],"jetpack_featured_media_url":"https:\/\/i0.wp.com\/elterritorialweb.com.ar\/web\/wp-content\/uploads\/2022\/03\/IMG-20220321-WA0038.jpg?fit=1280%2C853&ssl=1","jetpack_sharing_enabled":true,"_links":{"self":[{"href":"https:\/\/elterritorialweb.com.ar\/web\/wp-json\/wp\/v2\/posts\/37182","targetHints":{"allow":["GET"]}}],"collection":[{"href":"https:\/\/elterritorialweb.com.ar\/web\/wp-json\/wp\/v2\/posts"}],"about":[{"href":"https:\/\/elterritorialweb.com.ar\/web\/wp-json\/wp\/v2\/types\/post"}],"author":[{"embeddable":true,"href":"https:\/\/elterritorialweb.com.ar\/web\/wp-json\/wp\/v2\/users\/2"}],"replies":[{"embeddable":true,"href":"https:\/\/elterritorialweb.com.ar\/web\/wp-json\/wp\/v2\/comments?post=37182"}],"version-history":[{"count":3,"href":"https:\/\/elterritorialweb.com.ar\/web\/wp-json\/wp\/v2\/posts\/37182\/revisions"}],"predecessor-version":[{"id":37187,"href":"https:\/\/elterritorialweb.com.ar\/web\/wp-json\/wp\/v2\/posts\/37182\/revisions\/37187"}],"wp:featuredmedia":[{"embeddable":true,"href":"https:\/\/elterritorialweb.com.ar\/web\/wp-json\/wp\/v2\/media\/37183"}],"wp:attachment":[{"href":"https:\/\/elterritorialweb.com.ar\/web\/wp-json\/wp\/v2\/media?parent=37182"}],"wp:term":[{"taxonomy":"category","embeddable":true,"href":"https:\/\/elterritorialweb.com.ar\/web\/wp-json\/wp\/v2\/categories?post=37182"},{"taxonomy":"post_tag","embeddable":true,"href":"https:\/\/elterritorialweb.com.ar\/web\/wp-json\/wp\/v2\/tags?post=37182"}],"curies":[{"name":"wp","href":"https:\/\/api.w.org\/{rel}","templated":true}]}}