{"id":37202,"date":"2022-03-22T02:34:30","date_gmt":"2022-03-22T02:34:30","guid":{"rendered":"http:\/\/elterritorialweb.com.ar\/web\/?p=37202"},"modified":"2022-03-23T10:54:29","modified_gmt":"2022-03-23T10:54:29","slug":"la-municipalidad-habilita-esta-semana-una-oficina-movil-para-el-censo-digital-en-el-barrio-750-viviendas","status":"publish","type":"post","link":"https:\/\/elterritorialweb.com.ar\/web\/la-municipalidad-habilita-esta-semana-una-oficina-movil-para-el-censo-digital-en-el-barrio-750-viviendas\/","title":{"rendered":"LA MUNICIPALIDAD HABILITA ESTA SEMANA UNA OFICINA M\u00d3VIL PARA EL CENSO DIGITAL EN EL BARRIO 750 VIVIENDAS"},"content":{"rendered":"\n<p>En ese lugar, el personal que cumple el papel de facilitadores ayudar\u00e1 a los vecinos a cargar los datos de los formularios y a asesorar sobre cualquier duda respecto del cuestionario censal, el que se puede responder desde un dispositivo electr\u00f3nico con acceso a Internet (computadoras, tablets o celulares).<\/p>\n\n\n\n<p>Los formularios digitales se pueden completar hasta el 18 de mayo, fecha en la cual los censistas visitar\u00e1n los hogares. Las personas que realicen el censo en forma digital obtendr\u00e1n un c\u00f3digo que deben entregar el d\u00eda que se concrete la entrevista domiciliaria con el censista lo que permitir\u00e1 una mayor agilidad.<\/p>\n\n\n\n<p>Adem\u00e1s de los puestos m\u00f3viles, actualmente est\u00e1n abiertos cinco puntos fijos ubicados en sectores estrat\u00e9gicos de la ciudad, como lo son el Caps Los Lagos y Francisco de Aguirre, el CIC Campo Contreras, y los SUM de los barrios Bel\u00e9n y La Cat\u00f3lica, en el horario de 8 a 18 horas.<\/p>\n\n\n\n<p>Los d\u00edas de atenci\u00f3n al p\u00fablico, en el barrio 750 Viviendas, ser\u00e1n 22, 23 y 25 de marzo, en el horario de 9 a 12 y de 18 a 21, en Lisandro de la Torre y Juli\u00e1n Tardeu, plaza Mama Antula.<\/p>\n","protected":false},"excerpt":{"rendered":"<p>A partir de este martes y hasta el viernes pr\u00f3ximo, funcionar\u00e1 una oficina m\u00f3vil de la Municipalidad de la Capital del Censo Digital 2022 en la plaza Mama Antula del barrio 750 Viviendas, en el sector sur de la ciudad.<\/p>\n","protected":false},"author":2,"featured_media":37205,"comment_status":"open","ping_status":"open","sticky":false,"template":"","format":"standard","meta":{"om_disable_all_campaigns":false,"_monsterinsights_skip_tracking":false,"_monsterinsights_sitenote_active":false,"_monsterinsights_sitenote_note":"","_monsterinsights_sitenote_category":0,"_uf_show_specific_survey":0,"_uf_disable_surveys":false,"jetpack_post_was_ever_published":false,"_jetpack_newsletter_access":"","_jetpack_dont_email_post_to_subs":false,"_jetpack_newsletter_tier_id":0,"_jetpack_memberships_contains_paywalled_content":false,"_jetpack_memberships_contains_paid_content":false,"footnotes":"","jetpack_publicize_message":"","jetpack_publicize_feature_enabled":true,"jetpack_social_post_already_shared":false,"jetpack_social_options":{"image_generator_settings":{"template":"highway","default_image_id":0,"font":"","enabled":false},"version":2}},"categories":[31],"tags":[],"class_list":["post-37202","post","type-post","status-publish","format-standard","has-post-thumbnail","hentry","category-censo-nacional"],"aioseo_notices":[],"views":26,"jetpack_publicize_connections":[],"jetpack_featured_media_url":"https:\/\/i0.wp.com\/elterritorialweb.com.ar\/web\/wp-content\/uploads\/2022\/03\/censo-digital-1.jpg?fit=590%2C438&ssl=1","jetpack_sharing_enabled":true,"_links":{"self":[{"href":"https:\/\/elterritorialweb.com.ar\/web\/wp-json\/wp\/v2\/posts\/37202","targetHints":{"allow":["GET"]}}],"collection":[{"href":"https:\/\/elterritorialweb.com.ar\/web\/wp-json\/wp\/v2\/posts"}],"about":[{"href":"https:\/\/elterritorialweb.com.ar\/web\/wp-json\/wp\/v2\/types\/post"}],"author":[{"embeddable":true,"href":"https:\/\/elterritorialweb.com.ar\/web\/wp-json\/wp\/v2\/users\/2"}],"replies":[{"embeddable":true,"href":"https:\/\/elterritorialweb.com.ar\/web\/wp-json\/wp\/v2\/comments?post=37202"}],"version-history":[{"count":2,"href":"https:\/\/elterritorialweb.com.ar\/web\/wp-json\/wp\/v2\/posts\/37202\/revisions"}],"predecessor-version":[{"id":37211,"href":"https:\/\/elterritorialweb.com.ar\/web\/wp-json\/wp\/v2\/posts\/37202\/revisions\/37211"}],"wp:featuredmedia":[{"embeddable":true,"href":"https:\/\/elterritorialweb.com.ar\/web\/wp-json\/wp\/v2\/media\/37205"}],"wp:attachment":[{"href":"https:\/\/elterritorialweb.com.ar\/web\/wp-json\/wp\/v2\/media?parent=37202"}],"wp:term":[{"taxonomy":"category","embeddable":true,"href":"https:\/\/elterritorialweb.com.ar\/web\/wp-json\/wp\/v2\/categories?post=37202"},{"taxonomy":"post_tag","embeddable":true,"href":"https:\/\/elterritorialweb.com.ar\/web\/wp-json\/wp\/v2\/tags?post=37202"}],"curies":[{"name":"wp","href":"https:\/\/api.w.org\/{rel}","templated":true}]}}