{"id":37207,"date":"2022-03-22T02:42:53","date_gmt":"2022-03-22T02:42:53","guid":{"rendered":"http:\/\/elterritorialweb.com.ar\/web\/?p=37207"},"modified":"2022-03-22T02:42:53","modified_gmt":"2022-03-22T02:42:53","slug":"fuentes-entrego-tricicletas-electricas-para-asociaciones-de-recuperadores-urbanos","status":"publish","type":"post","link":"https:\/\/elterritorialweb.com.ar\/web\/fuentes-entrego-tricicletas-electricas-para-asociaciones-de-recuperadores-urbanos\/","title":{"rendered":"FUENTES ENTREG\u00d3 TRICICLETAS EL\u00c9CTRICAS PARA ASOCIACIONES DE RECUPERADORES URBANOS"},"content":{"rendered":"\n<p>Estos innovadores veh\u00edculos facilitar\u00e1n la recolecci\u00f3n, separaci\u00f3n, acondicionamiento, comercializaci\u00f3n y recuperaci\u00f3n de los desechos urbanos, contribuyendo a mejorar las condiciones medioambientales de la ciudad y brindando nuevas oportunidades laborales y econ\u00f3micas para los recicladores.<\/p>\n\n\n\n<p>Las organizaciones que las recibieron fueron Coresa, Traeer, EmpoderarSE, La Revuelta, Siminisqa y el Sum del barrio La Cat\u00f3lica.<\/p>\n\n\n\n<p>\u00abPor medio de estas herramientas, se busca reducir la cantidad de desechos urbanos, la dignificaci\u00f3n de los trabajadores y la articulaci\u00f3n de las cooperativas con el municipio para fortalecer el circuito formal de recuperaci\u00f3n de materiales\u00bb, indic\u00f3 la jefa comunal.<\/p>\n\n\n\n<p>\u00abDebemos entender que cuidar el medio ambiente es una responsabilidad de todos, procurando trabajar juntos para dejar un mundo mejor\u00bb, expres\u00f3.<\/p>\n\n\n\n<p>Adem\u00e1s, la intendente Fuentes destac\u00f3 la importancia de visibilizar la actividad de los recuperadores urbanos, \u00abgener\u00e1ndoles la posibilidad de que puedan tener una mejor fuente de ingresos para sus familias\u00bb.<\/p>\n\n\n\n<p>\u00abEl t\u00e9rmino basura ha desaparecido, dando lugar a la idea de que todos los materiales que desechamos pueden reutilizarse para dar paso a un mundo y una ciudad m\u00e1s verde y sustentable\u00bb, afirm\u00f3.<\/p>\n\n\n\n<p>Por su parte, en representaci\u00f3n de las entidades beneficiarias, Lautaro Sayago, de la asociaci\u00f3n \u00abLa Revuelta\u00bb agradeci\u00f3 a la intendente Fuentes \u00abpor acompa\u00f1ar todas nuestras iniciativas y trabajar en\u00e9rgicamente en alcanzar una ciudad m\u00e1s amigable con el medio ambiente\u00bb.<\/p>\n\n\n\n<p>Las nuevas tricicletas cuentan con una bater\u00eda de litio y una jaula trasera cuya capacidad de carga asciende a los 250 kg, desarrollando una velocidad m\u00e1xima de 25 km por hora.<\/p>\n","protected":false},"excerpt":{"rendered":"<p>La intendente de la Capital, Ing. Norma Fuentes, encabez\u00f3 el acto de entrega de diez tricicletas el\u00e9ctricas a diferentes organizaciones de recuperadores urbanos, que se destinar\u00e1n al reciclaje de materiales y residuos s\u00f3lidos. <\/p>\n","protected":false},"author":2,"featured_media":37208,"comment_status":"open","ping_status":"open","sticky":false,"template":"","format":"standard","meta":{"om_disable_all_campaigns":false,"_monsterinsights_skip_tracking":false,"_monsterinsights_sitenote_active":false,"_monsterinsights_sitenote_note":"","_monsterinsights_sitenote_category":0,"_uf_show_specific_survey":0,"_uf_disable_surveys":false,"jetpack_post_was_ever_published":false,"_jetpack_newsletter_access":"","_jetpack_dont_email_post_to_subs":false,"_jetpack_newsletter_tier_id":0,"_jetpack_memberships_contains_paywalled_content":false,"_jetpack_memberships_contains_paid_content":false,"footnotes":"","jetpack_publicize_message":"","jetpack_publicize_feature_enabled":true,"jetpack_social_post_already_shared":false,"jetpack_social_options":{"image_generator_settings":{"template":"highway","default_image_id":0,"font":"","enabled":false},"version":2}},"categories":[21],"tags":[],"class_list":["post-37207","post","type-post","status-publish","format-standard","has-post-thumbnail","hentry","category-locales"],"aioseo_notices":[],"views":10,"jetpack_publicize_connections":[],"jetpack_featured_media_url":"https:\/\/i0.wp.com\/elterritorialweb.com.ar\/web\/wp-content\/uploads\/2022\/03\/tricicletas.jpg?fit=1124%2C750&ssl=1","jetpack_sharing_enabled":true,"_links":{"self":[{"href":"https:\/\/elterritorialweb.com.ar\/web\/wp-json\/wp\/v2\/posts\/37207","targetHints":{"allow":["GET"]}}],"collection":[{"href":"https:\/\/elterritorialweb.com.ar\/web\/wp-json\/wp\/v2\/posts"}],"about":[{"href":"https:\/\/elterritorialweb.com.ar\/web\/wp-json\/wp\/v2\/types\/post"}],"author":[{"embeddable":true,"href":"https:\/\/elterritorialweb.com.ar\/web\/wp-json\/wp\/v2\/users\/2"}],"replies":[{"embeddable":true,"href":"https:\/\/elterritorialweb.com.ar\/web\/wp-json\/wp\/v2\/comments?post=37207"}],"version-history":[{"count":1,"href":"https:\/\/elterritorialweb.com.ar\/web\/wp-json\/wp\/v2\/posts\/37207\/revisions"}],"predecessor-version":[{"id":37209,"href":"https:\/\/elterritorialweb.com.ar\/web\/wp-json\/wp\/v2\/posts\/37207\/revisions\/37209"}],"wp:featuredmedia":[{"embeddable":true,"href":"https:\/\/elterritorialweb.com.ar\/web\/wp-json\/wp\/v2\/media\/37208"}],"wp:attachment":[{"href":"https:\/\/elterritorialweb.com.ar\/web\/wp-json\/wp\/v2\/media?parent=37207"}],"wp:term":[{"taxonomy":"category","embeddable":true,"href":"https:\/\/elterritorialweb.com.ar\/web\/wp-json\/wp\/v2\/categories?post=37207"},{"taxonomy":"post_tag","embeddable":true,"href":"https:\/\/elterritorialweb.com.ar\/web\/wp-json\/wp\/v2\/tags?post=37207"}],"curies":[{"name":"wp","href":"https:\/\/api.w.org\/{rel}","templated":true}]}}