{"id":37681,"date":"2022-03-28T21:28:56","date_gmt":"2022-03-28T21:28:56","guid":{"rendered":"http:\/\/elterritorialweb.com.ar\/web\/?p=37681"},"modified":"2022-03-28T21:38:41","modified_gmt":"2022-03-28T21:38:41","slug":"la-policia-de-la-provincia-recibio-28-camionetas-0k-totalmente-equipadas","status":"publish","type":"post","link":"https:\/\/elterritorialweb.com.ar\/web\/la-policia-de-la-provincia-recibio-28-camionetas-0k-totalmente-equipadas\/","title":{"rendered":"LA POLIC\u00cdA DE LA PROVINCIA RECIBI\u00d3 28 CAMIONETAS NUEVAS TOTALMENTE EQUIPADAS"},"content":{"rendered":"\n<p>Como parte de la renovaci\u00f3n permanente de su flota de veh\u00edculos, este lunes la Polic\u00eda de la provincia incorpor\u00f3 28 camionetas doble cabina 0 Km, las que fueron entregadas por el jefe de Gabinete de ministros, El\u00edas Su\u00e1rez, en nombre del gobernador Gerardo Zamora.<\/p>\n\n\n\n<figure class=\"wp-block-image size-full\"><a href=\"https:\/\/i0.wp.com\/elterritorialweb.com.ar\/web\/wp-content\/uploads\/2022\/03\/FB_IMG_1648502201288.jpg\"><img data-recalc-dims=\"1\" decoding=\"async\" width=\"640\" height=\"434\" data-src=\"https:\/\/i0.wp.com\/elterritorialweb.com.ar\/web\/wp-content\/uploads\/2022\/03\/FB_IMG_1648502201288.jpg?resize=640%2C434\" alt=\"\" class=\"wp-image-37683 lazyload\" data-srcset=\"https:\/\/i0.wp.com\/elterritorialweb.com.ar\/web\/wp-content\/uploads\/2022\/03\/FB_IMG_1648502201288.jpg?w=720&amp;ssl=1 720w, https:\/\/i0.wp.com\/elterritorialweb.com.ar\/web\/wp-content\/uploads\/2022\/03\/FB_IMG_1648502201288.jpg?resize=300%2C203&amp;ssl=1 300w\" data-sizes=\"(max-width: 640px) 100vw, 640px\" src=\"data:image\/svg+xml;base64,PHN2ZyB3aWR0aD0iMSIgaGVpZ2h0PSIxIiB4bWxucz0iaHR0cDovL3d3dy53My5vcmcvMjAwMC9zdmciPjwvc3ZnPg==\" style=\"--smush-placeholder-width: 640px; --smush-placeholder-aspect-ratio: 640\/434;\" \/><\/a><\/figure>\n\n\n\n<p>El acto se realiz\u00f3 frente a Casa de Gobierno, donde estuvieron el ministro de Gobierno, Seguridad y Culto, Marcelo Barbur; el secretario de Seguridad, comisario general (r) Marcelo Pato, y el jefe de Polic\u00eda de la provincia, comisario general Roger Coronel, entre otras autoridades de la fuerza.<\/p>\n\n\n\n<figure class=\"wp-block-image size-full\"><a href=\"https:\/\/i0.wp.com\/elterritorialweb.com.ar\/web\/wp-content\/uploads\/2022\/03\/FB_IMG_1648502204013.jpg\"><img data-recalc-dims=\"1\" decoding=\"async\" width=\"640\" height=\"436\" data-src=\"https:\/\/i0.wp.com\/elterritorialweb.com.ar\/web\/wp-content\/uploads\/2022\/03\/FB_IMG_1648502204013.jpg?resize=640%2C436\" alt=\"\" class=\"wp-image-37684 lazyload\" data-srcset=\"https:\/\/i0.wp.com\/elterritorialweb.com.ar\/web\/wp-content\/uploads\/2022\/03\/FB_IMG_1648502204013.jpg?w=720&amp;ssl=1 720w, https:\/\/i0.wp.com\/elterritorialweb.com.ar\/web\/wp-content\/uploads\/2022\/03\/FB_IMG_1648502204013.jpg?resize=300%2C205&amp;ssl=1 300w\" data-sizes=\"(max-width: 640px) 100vw, 640px\" src=\"data:image\/svg+xml;base64,PHN2ZyB3aWR0aD0iMSIgaGVpZ2h0PSIxIiB4bWxucz0iaHR0cDovL3d3dy53My5vcmcvMjAwMC9zdmciPjwvc3ZnPg==\" style=\"--smush-placeholder-width: 640px; --smush-placeholder-aspect-ratio: 640\/436;\" \/><\/a><\/figure>\n\n\n\n<p>\u201cEsta es una entrega m\u00e1s de unidades que se realiza a la Polic\u00eda de la provincia por instrucciones del gobernador Gerardo Zamora, que asume como un verdadero compromiso hacer la inversi\u00f3n necesaria para mejorar la seguridad y hacer prevenci\u00f3n, para tranquilidad de los santiague\u00f1os\u201d, dijo el jefe de Gabinete.<\/p>\n\n\n\n<figure class=\"wp-block-image size-full\"><a href=\"https:\/\/i0.wp.com\/elterritorialweb.com.ar\/web\/wp-content\/uploads\/2022\/03\/FB_IMG_1648502206473.jpg\"><img data-recalc-dims=\"1\" decoding=\"async\" width=\"640\" height=\"380\" data-src=\"https:\/\/i0.wp.com\/elterritorialweb.com.ar\/web\/wp-content\/uploads\/2022\/03\/FB_IMG_1648502206473.jpg?resize=640%2C380\" alt=\"\" class=\"wp-image-37685 lazyload\" data-srcset=\"https:\/\/i0.wp.com\/elterritorialweb.com.ar\/web\/wp-content\/uploads\/2022\/03\/FB_IMG_1648502206473.jpg?w=720&amp;ssl=1 720w, https:\/\/i0.wp.com\/elterritorialweb.com.ar\/web\/wp-content\/uploads\/2022\/03\/FB_IMG_1648502206473.jpg?resize=300%2C178&amp;ssl=1 300w\" data-sizes=\"(max-width: 640px) 100vw, 640px\" src=\"data:image\/svg+xml;base64,PHN2ZyB3aWR0aD0iMSIgaGVpZ2h0PSIxIiB4bWxucz0iaHR0cDovL3d3dy53My5vcmcvMjAwMC9zdmciPjwvc3ZnPg==\" style=\"--smush-placeholder-width: 640px; --smush-placeholder-aspect-ratio: 640\/380;\" \/><\/a><\/figure>\n\n\n\n<p>A su turno, Marcelo Pato valor\u00f3 la decisi\u00f3n pol\u00edtica del gobernador Zamora de seguir invirtiendo en seguridad mediante la provisi\u00f3n de equipamiento, personal e infraestructura a lo largo y ancho de la provincia.<\/p>\n\n\n\n<figure class=\"wp-block-image size-full\"><a href=\"https:\/\/i0.wp.com\/elterritorialweb.com.ar\/web\/wp-content\/uploads\/2022\/03\/FB_IMG_1648502210703.jpg\"><img data-recalc-dims=\"1\" decoding=\"async\" width=\"640\" height=\"524\" data-src=\"https:\/\/i0.wp.com\/elterritorialweb.com.ar\/web\/wp-content\/uploads\/2022\/03\/FB_IMG_1648502210703.jpg?resize=640%2C524\" alt=\"\" class=\"wp-image-37686 lazyload\" data-srcset=\"https:\/\/i0.wp.com\/elterritorialweb.com.ar\/web\/wp-content\/uploads\/2022\/03\/FB_IMG_1648502210703.jpg?w=720&amp;ssl=1 720w, https:\/\/i0.wp.com\/elterritorialweb.com.ar\/web\/wp-content\/uploads\/2022\/03\/FB_IMG_1648502210703.jpg?resize=300%2C245&amp;ssl=1 300w\" data-sizes=\"(max-width: 640px) 100vw, 640px\" src=\"data:image\/svg+xml;base64,PHN2ZyB3aWR0aD0iMSIgaGVpZ2h0PSIxIiB4bWxucz0iaHR0cDovL3d3dy53My5vcmcvMjAwMC9zdmciPjwvc3ZnPg==\" style=\"--smush-placeholder-width: 640px; --smush-placeholder-aspect-ratio: 640\/524;\" \/><\/a><\/figure>\n\n\n\n<p>Dijo que \u00e9sta es una primera tanda de veh\u00edculos que ser\u00e1n distribuidos en las distintas dependencias, en funci\u00f3n de las necesidades operativas, que se suman a otras unidades, como las motocicletas Tornado que fueron entregadas meses atr\u00e1s.<\/p>\n","protected":false},"excerpt":{"rendered":"<p>Fuerte inversi\u00f3n en seguridad y prevenci\u00f3n del gobierno provincial.<\/p>\n","protected":false},"author":2,"featured_media":37682,"comment_status":"open","ping_status":"open","sticky":false,"template":"","format":"standard","meta":{"om_disable_all_campaigns":false,"_monsterinsights_skip_tracking":false,"_monsterinsights_sitenote_active":false,"_monsterinsights_sitenote_note":"","_monsterinsights_sitenote_category":0,"_uf_show_specific_survey":0,"_uf_disable_surveys":false,"jetpack_post_was_ever_published":false,"_jetpack_newsletter_access":"","_jetpack_dont_email_post_to_subs":false,"_jetpack_newsletter_tier_id":0,"_jetpack_memberships_contains_paywalled_content":false,"_jetpack_memberships_contains_paid_content":false,"footnotes":"","jetpack_publicize_message":"","jetpack_publicize_feature_enabled":true,"jetpack_social_post_already_shared":false,"jetpack_social_options":{"image_generator_settings":{"template":"highway","default_image_id":0,"font":"","enabled":false},"version":2}},"categories":[21],"tags":[],"class_list":["post-37681","post","type-post","status-publish","format-standard","has-post-thumbnail","hentry","category-locales"],"aioseo_notices":[],"views":8,"jetpack_publicize_connections":[],"jetpack_featured_media_url":"https:\/\/i0.wp.com\/elterritorialweb.com.ar\/web\/wp-content\/uploads\/2022\/03\/FB_IMG_1648502199187.jpg?fit=720%2C481&ssl=1","jetpack_sharing_enabled":true,"_links":{"self":[{"href":"https:\/\/elterritorialweb.com.ar\/web\/wp-json\/wp\/v2\/posts\/37681","targetHints":{"allow":["GET"]}}],"collection":[{"href":"https:\/\/elterritorialweb.com.ar\/web\/wp-json\/wp\/v2\/posts"}],"about":[{"href":"https:\/\/elterritorialweb.com.ar\/web\/wp-json\/wp\/v2\/types\/post"}],"author":[{"embeddable":true,"href":"https:\/\/elterritorialweb.com.ar\/web\/wp-json\/wp\/v2\/users\/2"}],"replies":[{"embeddable":true,"href":"https:\/\/elterritorialweb.com.ar\/web\/wp-json\/wp\/v2\/comments?post=37681"}],"version-history":[{"count":2,"href":"https:\/\/elterritorialweb.com.ar\/web\/wp-json\/wp\/v2\/posts\/37681\/revisions"}],"predecessor-version":[{"id":37689,"href":"https:\/\/elterritorialweb.com.ar\/web\/wp-json\/wp\/v2\/posts\/37681\/revisions\/37689"}],"wp:featuredmedia":[{"embeddable":true,"href":"https:\/\/elterritorialweb.com.ar\/web\/wp-json\/wp\/v2\/media\/37682"}],"wp:attachment":[{"href":"https:\/\/elterritorialweb.com.ar\/web\/wp-json\/wp\/v2\/media?parent=37681"}],"wp:term":[{"taxonomy":"category","embeddable":true,"href":"https:\/\/elterritorialweb.com.ar\/web\/wp-json\/wp\/v2\/categories?post=37681"},{"taxonomy":"post_tag","embeddable":true,"href":"https:\/\/elterritorialweb.com.ar\/web\/wp-json\/wp\/v2\/tags?post=37681"}],"curies":[{"name":"wp","href":"https:\/\/api.w.org\/{rel}","templated":true}]}}