{"id":37701,"date":"2022-03-29T01:48:54","date_gmt":"2022-03-29T01:48:54","guid":{"rendered":"http:\/\/elterritorialweb.com.ar\/web\/?p=37701"},"modified":"2022-03-29T01:48:55","modified_gmt":"2022-03-29T01:48:55","slug":"presentan-programa-de-pasantias-en-el-hospital-zonal-de-pinto","status":"publish","type":"post","link":"https:\/\/elterritorialweb.com.ar\/web\/presentan-programa-de-pasantias-en-el-hospital-zonal-de-pinto\/","title":{"rendered":"PRESENTAN PROGRAMA DE PASANT\u00cdAS EN EL HOSPITAL ZONAL DE PINTO"},"content":{"rendered":"\n<p>Participaron del acto el Subsecretario de Salud de la provincia, Dr. Cesar Monti, la Directora de Interior Dra. Graciela Alsogaray el Decano Normalizador de la Facultad de Ciencias M\u00e9dicas Dr. Eduardo Lian Allub, el Coordinador General de pasantes Dr. N\u00e9stor Cioccolani, la Dra. Natalia Nieva Coordinadora de Pasant\u00eda Rural, la Profesora Adjunta Dra. Giselle Artaza, el intendente Jorge Leguizam\u00f3n, el secretario de Gobierno Dr. \u00c1ngel \u00c1lvarez, la directora de Cultura Ramona Ant\u00f3n, el director del Hospital Zonal Pinto, Dr. Cesar Ganem y representantes de instituciones locales.<\/p>\n\n\n\n<figure class=\"wp-block-image size-large\"><a href=\"https:\/\/i0.wp.com\/elterritorialweb.com.ar\/web\/wp-content\/uploads\/2022\/03\/PASANTIAS-EN-PINTO-2.jpg\"><img data-recalc-dims=\"1\" decoding=\"async\" width=\"640\" height=\"335\" data-src=\"https:\/\/i0.wp.com\/elterritorialweb.com.ar\/web\/wp-content\/uploads\/2022\/03\/PASANTIAS-EN-PINTO-2.jpg?resize=640%2C335\" alt=\"\" class=\"wp-image-37703 lazyload\" data-srcset=\"https:\/\/i0.wp.com\/elterritorialweb.com.ar\/web\/wp-content\/uploads\/2022\/03\/PASANTIAS-EN-PINTO-2.jpg?resize=1024%2C536&amp;ssl=1 1024w, https:\/\/i0.wp.com\/elterritorialweb.com.ar\/web\/wp-content\/uploads\/2022\/03\/PASANTIAS-EN-PINTO-2.jpg?resize=300%2C157&amp;ssl=1 300w, https:\/\/i0.wp.com\/elterritorialweb.com.ar\/web\/wp-content\/uploads\/2022\/03\/PASANTIAS-EN-PINTO-2.jpg?resize=768%2C402&amp;ssl=1 768w, https:\/\/i0.wp.com\/elterritorialweb.com.ar\/web\/wp-content\/uploads\/2022\/03\/PASANTIAS-EN-PINTO-2.jpg?w=1200&amp;ssl=1 1200w\" data-sizes=\"(max-width: 640px) 100vw, 640px\" src=\"data:image\/svg+xml;base64,PHN2ZyB3aWR0aD0iMSIgaGVpZ2h0PSIxIiB4bWxucz0iaHR0cDovL3d3dy53My5vcmcvMjAwMC9zdmciPjwvc3ZnPg==\" style=\"--smush-placeholder-width: 640px; --smush-placeholder-aspect-ratio: 640\/335;\" \/><\/a><\/figure>\n\n\n\n<p>En dicho evento, las autoridades presentaron a las futuras m\u00e9dicas Cinthia Bel\u00e9n Aguirre y Ana Cecilia Carranza, quienes cumplir\u00e1n con las pasant\u00edas entre las 8 y las 16 hs, bajo la supervisi\u00f3n de los doctores Ganem y Gustavo Peralta.<\/p>\n\n\n\n<figure class=\"wp-block-image size-large\"><a href=\"https:\/\/i0.wp.com\/elterritorialweb.com.ar\/web\/wp-content\/uploads\/2022\/03\/PASANTIAS-EN-PINTO-4.jpg\"><img data-recalc-dims=\"1\" decoding=\"async\" width=\"640\" height=\"335\" data-src=\"https:\/\/i0.wp.com\/elterritorialweb.com.ar\/web\/wp-content\/uploads\/2022\/03\/PASANTIAS-EN-PINTO-4.jpg?resize=640%2C335\" alt=\"\" class=\"wp-image-37704 lazyload\" data-srcset=\"https:\/\/i0.wp.com\/elterritorialweb.com.ar\/web\/wp-content\/uploads\/2022\/03\/PASANTIAS-EN-PINTO-4.jpg?resize=1024%2C536&amp;ssl=1 1024w, https:\/\/i0.wp.com\/elterritorialweb.com.ar\/web\/wp-content\/uploads\/2022\/03\/PASANTIAS-EN-PINTO-4.jpg?resize=300%2C157&amp;ssl=1 300w, https:\/\/i0.wp.com\/elterritorialweb.com.ar\/web\/wp-content\/uploads\/2022\/03\/PASANTIAS-EN-PINTO-4.jpg?resize=768%2C402&amp;ssl=1 768w, https:\/\/i0.wp.com\/elterritorialweb.com.ar\/web\/wp-content\/uploads\/2022\/03\/PASANTIAS-EN-PINTO-4.jpg?w=1200&amp;ssl=1 1200w\" data-sizes=\"(max-width: 640px) 100vw, 640px\" src=\"data:image\/svg+xml;base64,PHN2ZyB3aWR0aD0iMSIgaGVpZ2h0PSIxIiB4bWxucz0iaHR0cDovL3d3dy53My5vcmcvMjAwMC9zdmciPjwvc3ZnPg==\" style=\"--smush-placeholder-width: 640px; --smush-placeholder-aspect-ratio: 640\/335;\" \/><\/a><\/figure>\n\n\n\n<p>Adem\u00e1s, el padre Miguel Esp\u00edndola bendijo los elementos de trabajo entregados a pasantes tales como estetoscopio, tensi\u00f3metro, term\u00f3metro digital, ropa de sala, ropa de internaci\u00f3n, barbijos.<\/p>\n\n\n\n<figure class=\"wp-block-image size-large\"><a href=\"https:\/\/i0.wp.com\/elterritorialweb.com.ar\/web\/wp-content\/uploads\/2022\/03\/PASANTIAS-EN-PINTO-5.jpg\"><img data-recalc-dims=\"1\" decoding=\"async\" width=\"640\" height=\"335\" data-src=\"https:\/\/i0.wp.com\/elterritorialweb.com.ar\/web\/wp-content\/uploads\/2022\/03\/PASANTIAS-EN-PINTO-5.jpg?resize=640%2C335\" alt=\"\" class=\"wp-image-37705 lazyload\" data-srcset=\"https:\/\/i0.wp.com\/elterritorialweb.com.ar\/web\/wp-content\/uploads\/2022\/03\/PASANTIAS-EN-PINTO-5.jpg?resize=1024%2C536&amp;ssl=1 1024w, https:\/\/i0.wp.com\/elterritorialweb.com.ar\/web\/wp-content\/uploads\/2022\/03\/PASANTIAS-EN-PINTO-5.jpg?resize=300%2C157&amp;ssl=1 300w, https:\/\/i0.wp.com\/elterritorialweb.com.ar\/web\/wp-content\/uploads\/2022\/03\/PASANTIAS-EN-PINTO-5.jpg?resize=768%2C402&amp;ssl=1 768w, https:\/\/i0.wp.com\/elterritorialweb.com.ar\/web\/wp-content\/uploads\/2022\/03\/PASANTIAS-EN-PINTO-5.jpg?w=1200&amp;ssl=1 1200w\" data-sizes=\"(max-width: 640px) 100vw, 640px\" src=\"data:image\/svg+xml;base64,PHN2ZyB3aWR0aD0iMSIgaGVpZ2h0PSIxIiB4bWxucz0iaHR0cDovL3d3dy53My5vcmcvMjAwMC9zdmciPjwvc3ZnPg==\" style=\"--smush-placeholder-width: 640px; --smush-placeholder-aspect-ratio: 640\/335;\" \/><\/a><\/figure>\n","protected":false},"excerpt":{"rendered":"<p>En horas de la ma\u00f1ana del lunes, se dio inicio el m\u00f3dulo de Practica Formal Obligar\u00eda Rural en el Hospital Zonal Pinto. El mismo tendr\u00e1 una duraci\u00f3n de ocho semanas e incluir\u00e1 a dos pasantes.<\/p>\n","protected":false},"author":2,"featured_media":37702,"comment_status":"open","ping_status":"open","sticky":false,"template":"","format":"standard","meta":{"om_disable_all_campaigns":false,"_monsterinsights_skip_tracking":false,"_monsterinsights_sitenote_active":false,"_monsterinsights_sitenote_note":"","_monsterinsights_sitenote_category":0,"_uf_show_specific_survey":0,"_uf_disable_surveys":false,"jetpack_post_was_ever_published":false,"_jetpack_newsletter_access":"","_jetpack_dont_email_post_to_subs":false,"_jetpack_newsletter_tier_id":0,"_jetpack_memberships_contains_paywalled_content":false,"_jetpack_memberships_contains_paid_content":false,"footnotes":"","jetpack_publicize_message":"","jetpack_publicize_feature_enabled":true,"jetpack_social_post_already_shared":false,"jetpack_social_options":{"image_generator_settings":{"template":"highway","default_image_id":0,"font":"","enabled":false},"version":2}},"categories":[21],"tags":[],"class_list":["post-37701","post","type-post","status-publish","format-standard","has-post-thumbnail","hentry","category-locales"],"aioseo_notices":[],"views":42,"jetpack_publicize_connections":[],"jetpack_featured_media_url":"https:\/\/i0.wp.com\/elterritorialweb.com.ar\/web\/wp-content\/uploads\/2022\/03\/PASANTIAS-EN-PINTO.jpg?fit=1200%2C628&ssl=1","jetpack_sharing_enabled":true,"_links":{"self":[{"href":"https:\/\/elterritorialweb.com.ar\/web\/wp-json\/wp\/v2\/posts\/37701","targetHints":{"allow":["GET"]}}],"collection":[{"href":"https:\/\/elterritorialweb.com.ar\/web\/wp-json\/wp\/v2\/posts"}],"about":[{"href":"https:\/\/elterritorialweb.com.ar\/web\/wp-json\/wp\/v2\/types\/post"}],"author":[{"embeddable":true,"href":"https:\/\/elterritorialweb.com.ar\/web\/wp-json\/wp\/v2\/users\/2"}],"replies":[{"embeddable":true,"href":"https:\/\/elterritorialweb.com.ar\/web\/wp-json\/wp\/v2\/comments?post=37701"}],"version-history":[{"count":1,"href":"https:\/\/elterritorialweb.com.ar\/web\/wp-json\/wp\/v2\/posts\/37701\/revisions"}],"predecessor-version":[{"id":37706,"href":"https:\/\/elterritorialweb.com.ar\/web\/wp-json\/wp\/v2\/posts\/37701\/revisions\/37706"}],"wp:featuredmedia":[{"embeddable":true,"href":"https:\/\/elterritorialweb.com.ar\/web\/wp-json\/wp\/v2\/media\/37702"}],"wp:attachment":[{"href":"https:\/\/elterritorialweb.com.ar\/web\/wp-json\/wp\/v2\/media?parent=37701"}],"wp:term":[{"taxonomy":"category","embeddable":true,"href":"https:\/\/elterritorialweb.com.ar\/web\/wp-json\/wp\/v2\/categories?post=37701"},{"taxonomy":"post_tag","embeddable":true,"href":"https:\/\/elterritorialweb.com.ar\/web\/wp-json\/wp\/v2\/tags?post=37701"}],"curies":[{"name":"wp","href":"https:\/\/api.w.org\/{rel}","templated":true}]}}