{"id":37707,"date":"2022-03-29T02:04:13","date_gmt":"2022-03-29T02:04:13","guid":{"rendered":"http:\/\/elterritorialweb.com.ar\/web\/?p=37707"},"modified":"2022-03-29T02:04:13","modified_gmt":"2022-03-29T02:04:13","slug":"presentan-el-plan-progresar-argentina-2022-en-el-centro-cultural-general-san-martin","status":"publish","type":"post","link":"https:\/\/elterritorialweb.com.ar\/web\/presentan-el-plan-progresar-argentina-2022-en-el-centro-cultural-general-san-martin\/","title":{"rendered":"PRESENTAN EL PLAN PROGRESAR ARGENTINA 2022 EN EL CENTRO CULTURAL GENERAL SAN MART\u00cdN"},"content":{"rendered":"\n<p>Durante la actividad se cont\u00f3 con la presencia del Intendente Jorge Mukdise, Subsecretario de Educaci\u00f3n Prof. Jos\u00e9 Alejandro Piccoli, Coordinaci\u00f3n de Gesti\u00f3n Dr. Diego Nicolas Garcia, Directora de Nivel de Modalidades Lic. Fabiola M\u00e9ndez, Concejal Lic. Roxana Ponce, Directora del \u00e1rea de Educaci\u00f3n Dra. Sidney Divarvaro y la facilitadora del Programa PROGRESAR Luciana Gay. <\/p>\n\n\n\n<figure class=\"wp-block-image size-large\"><a href=\"https:\/\/i0.wp.com\/elterritorialweb.com.ar\/web\/wp-content\/uploads\/2022\/03\/TERMAS-PROGRESAR-1.jpg\"><img data-recalc-dims=\"1\" decoding=\"async\" width=\"640\" height=\"427\" data-src=\"https:\/\/i0.wp.com\/elterritorialweb.com.ar\/web\/wp-content\/uploads\/2022\/03\/TERMAS-PROGRESAR-1.jpg?resize=640%2C427\" alt=\"\" class=\"wp-image-37709 lazyload\" data-srcset=\"https:\/\/i0.wp.com\/elterritorialweb.com.ar\/web\/wp-content\/uploads\/2022\/03\/TERMAS-PROGRESAR-1.jpg?resize=1024%2C683&amp;ssl=1 1024w, https:\/\/i0.wp.com\/elterritorialweb.com.ar\/web\/wp-content\/uploads\/2022\/03\/TERMAS-PROGRESAR-1.jpg?resize=300%2C200&amp;ssl=1 300w, https:\/\/i0.wp.com\/elterritorialweb.com.ar\/web\/wp-content\/uploads\/2022\/03\/TERMAS-PROGRESAR-1.jpg?resize=768%2C512&amp;ssl=1 768w, https:\/\/i0.wp.com\/elterritorialweb.com.ar\/web\/wp-content\/uploads\/2022\/03\/TERMAS-PROGRESAR-1.jpg?resize=1536%2C1024&amp;ssl=1 1536w, https:\/\/i0.wp.com\/elterritorialweb.com.ar\/web\/wp-content\/uploads\/2022\/03\/TERMAS-PROGRESAR-1.jpg?w=1599&amp;ssl=1 1599w, https:\/\/i0.wp.com\/elterritorialweb.com.ar\/web\/wp-content\/uploads\/2022\/03\/TERMAS-PROGRESAR-1.jpg?w=1280 1280w\" data-sizes=\"(max-width: 640px) 100vw, 640px\" src=\"data:image\/svg+xml;base64,PHN2ZyB3aWR0aD0iMSIgaGVpZ2h0PSIxIiB4bWxucz0iaHR0cDovL3d3dy53My5vcmcvMjAwMC9zdmciPjwvc3ZnPg==\" style=\"--smush-placeholder-width: 640px; --smush-placeholder-aspect-ratio: 640\/427;\" \/><\/a><\/figure>\n\n\n\n<p>Por su parte el Mandatario Comunal, destac\u00f3 la importancia de la aplicaci\u00f3n de este programa en la ciudad, e inst\u00f3 a los j\u00f3venes a seguir en el camino de la formaci\u00f3n acad\u00e9mica, dando valor a esta herramienta proporcionada por el estado. <\/p>\n\n\n\n<figure class=\"wp-block-image size-large\"><a href=\"https:\/\/i0.wp.com\/elterritorialweb.com.ar\/web\/wp-content\/uploads\/2022\/03\/TERMAS-PROGRESAR-2.jpg\"><img data-recalc-dims=\"1\" decoding=\"async\" width=\"640\" height=\"427\" data-src=\"https:\/\/i0.wp.com\/elterritorialweb.com.ar\/web\/wp-content\/uploads\/2022\/03\/TERMAS-PROGRESAR-2.jpg?resize=640%2C427\" alt=\"\" class=\"wp-image-37710 lazyload\" data-srcset=\"https:\/\/i0.wp.com\/elterritorialweb.com.ar\/web\/wp-content\/uploads\/2022\/03\/TERMAS-PROGRESAR-2.jpg?resize=1024%2C683&amp;ssl=1 1024w, https:\/\/i0.wp.com\/elterritorialweb.com.ar\/web\/wp-content\/uploads\/2022\/03\/TERMAS-PROGRESAR-2.jpg?resize=300%2C200&amp;ssl=1 300w, https:\/\/i0.wp.com\/elterritorialweb.com.ar\/web\/wp-content\/uploads\/2022\/03\/TERMAS-PROGRESAR-2.jpg?resize=768%2C512&amp;ssl=1 768w, https:\/\/i0.wp.com\/elterritorialweb.com.ar\/web\/wp-content\/uploads\/2022\/03\/TERMAS-PROGRESAR-2.jpg?resize=1536%2C1024&amp;ssl=1 1536w, https:\/\/i0.wp.com\/elterritorialweb.com.ar\/web\/wp-content\/uploads\/2022\/03\/TERMAS-PROGRESAR-2.jpg?w=1599&amp;ssl=1 1599w, https:\/\/i0.wp.com\/elterritorialweb.com.ar\/web\/wp-content\/uploads\/2022\/03\/TERMAS-PROGRESAR-2.jpg?w=1280 1280w\" data-sizes=\"(max-width: 640px) 100vw, 640px\" src=\"data:image\/svg+xml;base64,PHN2ZyB3aWR0aD0iMSIgaGVpZ2h0PSIxIiB4bWxucz0iaHR0cDovL3d3dy53My5vcmcvMjAwMC9zdmciPjwvc3ZnPg==\" style=\"--smush-placeholder-width: 640px; --smush-placeholder-aspect-ratio: 640\/427;\" \/><\/a><\/figure>\n\n\n\n<p><strong>PLAN PROGRESAR ARGENTINA 2022 <\/strong><\/p>\n\n\n\n<p>Es un programa integral de Becas Educativas que acompa\u00f1a al alumno en todos los niveles de formaci\u00f3n durante su trayectoria acad\u00e9mica, a trav\u00e9s de un incentivo econ\u00f3mico y un importante estimulo personal, que le permitir\u00e1 poder avanzar en sus estudios hasta complementarios.<\/p>\n\n\n\n<figure class=\"wp-block-image size-large\"><a href=\"https:\/\/i0.wp.com\/elterritorialweb.com.ar\/web\/wp-content\/uploads\/2022\/03\/TERMAS-PROGRESAR-3.jpg\"><img data-recalc-dims=\"1\" decoding=\"async\" width=\"640\" height=\"427\" data-src=\"https:\/\/i0.wp.com\/elterritorialweb.com.ar\/web\/wp-content\/uploads\/2022\/03\/TERMAS-PROGRESAR-3.jpg?resize=640%2C427\" alt=\"\" class=\"wp-image-37711 lazyload\" data-srcset=\"https:\/\/i0.wp.com\/elterritorialweb.com.ar\/web\/wp-content\/uploads\/2022\/03\/TERMAS-PROGRESAR-3.jpg?resize=1024%2C683&amp;ssl=1 1024w, https:\/\/i0.wp.com\/elterritorialweb.com.ar\/web\/wp-content\/uploads\/2022\/03\/TERMAS-PROGRESAR-3.jpg?resize=300%2C200&amp;ssl=1 300w, https:\/\/i0.wp.com\/elterritorialweb.com.ar\/web\/wp-content\/uploads\/2022\/03\/TERMAS-PROGRESAR-3.jpg?resize=768%2C512&amp;ssl=1 768w, https:\/\/i0.wp.com\/elterritorialweb.com.ar\/web\/wp-content\/uploads\/2022\/03\/TERMAS-PROGRESAR-3.jpg?resize=1536%2C1024&amp;ssl=1 1536w, https:\/\/i0.wp.com\/elterritorialweb.com.ar\/web\/wp-content\/uploads\/2022\/03\/TERMAS-PROGRESAR-3.jpg?w=1599&amp;ssl=1 1599w, https:\/\/i0.wp.com\/elterritorialweb.com.ar\/web\/wp-content\/uploads\/2022\/03\/TERMAS-PROGRESAR-3.jpg?w=1280 1280w\" data-sizes=\"(max-width: 640px) 100vw, 640px\" src=\"data:image\/svg+xml;base64,PHN2ZyB3aWR0aD0iMSIgaGVpZ2h0PSIxIiB4bWxucz0iaHR0cDovL3d3dy53My5vcmcvMjAwMC9zdmciPjwvc3ZnPg==\" style=\"--smush-placeholder-width: 640px; --smush-placeholder-aspect-ratio: 640\/427;\" \/><\/a><\/figure>\n\n\n\n<p>El objetivo del programa es fortalecer el ingreso, la permanencia y el egreso de los estudiantes, unificando todas las becas educativas del gobierno nacional. Acompa\u00f1ar a los j\u00f3venes para que terminen sus estudios primarios y secundarios, contin\u00faen en la educaci\u00f3n superior o se formen profesionalmente para ayudarlos en su desarrollo personal, incluyendo laboralmente a todos aquellos que hasta hoy no pod\u00edan hacerlo. <\/p>\n\n\n\n<figure class=\"wp-block-image size-large\"><a href=\"https:\/\/i0.wp.com\/elterritorialweb.com.ar\/web\/wp-content\/uploads\/2022\/03\/TERMAS-PROGRESAR-4.jpg\"><img data-recalc-dims=\"1\" decoding=\"async\" width=\"640\" height=\"427\" data-src=\"https:\/\/i0.wp.com\/elterritorialweb.com.ar\/web\/wp-content\/uploads\/2022\/03\/TERMAS-PROGRESAR-4.jpg?resize=640%2C427\" alt=\"\" class=\"wp-image-37712 lazyload\" data-srcset=\"https:\/\/i0.wp.com\/elterritorialweb.com.ar\/web\/wp-content\/uploads\/2022\/03\/TERMAS-PROGRESAR-4.jpg?resize=1024%2C683&amp;ssl=1 1024w, https:\/\/i0.wp.com\/elterritorialweb.com.ar\/web\/wp-content\/uploads\/2022\/03\/TERMAS-PROGRESAR-4.jpg?resize=300%2C200&amp;ssl=1 300w, https:\/\/i0.wp.com\/elterritorialweb.com.ar\/web\/wp-content\/uploads\/2022\/03\/TERMAS-PROGRESAR-4.jpg?resize=768%2C512&amp;ssl=1 768w, https:\/\/i0.wp.com\/elterritorialweb.com.ar\/web\/wp-content\/uploads\/2022\/03\/TERMAS-PROGRESAR-4.jpg?resize=1536%2C1024&amp;ssl=1 1536w, https:\/\/i0.wp.com\/elterritorialweb.com.ar\/web\/wp-content\/uploads\/2022\/03\/TERMAS-PROGRESAR-4.jpg?w=1599&amp;ssl=1 1599w, https:\/\/i0.wp.com\/elterritorialweb.com.ar\/web\/wp-content\/uploads\/2022\/03\/TERMAS-PROGRESAR-4.jpg?w=1280 1280w\" data-sizes=\"(max-width: 640px) 100vw, 640px\" src=\"data:image\/svg+xml;base64,PHN2ZyB3aWR0aD0iMSIgaGVpZ2h0PSIxIiB4bWxucz0iaHR0cDovL3d3dy53My5vcmcvMjAwMC9zdmciPjwvc3ZnPg==\" style=\"--smush-placeholder-width: 640px; --smush-placeholder-aspect-ratio: 640\/427;\" \/><\/a><\/figure>\n\n\n\n<p>Tambi\u00e9n busca promover la opci\u00f3n de becas espec\u00edficas para las carreras prioritarias y estrat\u00e9gicas que cada comunidad necesita, para impulsar el desarrollo de \u00e1reas prioritarias que ayuden al desarrollo del pa\u00eds.<\/p>\n","protected":false},"excerpt":{"rendered":"<p>En horas de la ma\u00f1ana, se  realiz\u00f3 la presentaci\u00f3n del Programa de Becas Educativas \u201cProgresar\u201d que acompa\u00f1a al alumno en todos los niveles de formaci\u00f3n durante su trayectoria acad\u00e9mica.<\/p>\n","protected":false},"author":2,"featured_media":37708,"comment_status":"open","ping_status":"open","sticky":false,"template":"","format":"standard","meta":{"om_disable_all_campaigns":false,"_monsterinsights_skip_tracking":false,"_monsterinsights_sitenote_active":false,"_monsterinsights_sitenote_note":"","_monsterinsights_sitenote_category":0,"_uf_show_specific_survey":0,"_uf_disable_surveys":false,"jetpack_post_was_ever_published":false,"_jetpack_newsletter_access":"","_jetpack_dont_email_post_to_subs":false,"_jetpack_newsletter_tier_id":0,"_jetpack_memberships_contains_paywalled_content":false,"_jetpack_memberships_contains_paid_content":false,"footnotes":"","jetpack_publicize_message":"","jetpack_publicize_feature_enabled":true,"jetpack_social_post_already_shared":false,"jetpack_social_options":{"image_generator_settings":{"template":"highway","default_image_id":0,"font":"","enabled":false},"version":2}},"categories":[21],"tags":[],"class_list":["post-37707","post","type-post","status-publish","format-standard","has-post-thumbnail","hentry","category-locales"],"aioseo_notices":[],"views":13,"jetpack_publicize_connections":[],"jetpack_featured_media_url":"https:\/\/i0.wp.com\/elterritorialweb.com.ar\/web\/wp-content\/uploads\/2022\/03\/TERMAS-PROGRESAR.jpg?fit=1599%2C1066&ssl=1","jetpack_sharing_enabled":true,"_links":{"self":[{"href":"https:\/\/elterritorialweb.com.ar\/web\/wp-json\/wp\/v2\/posts\/37707","targetHints":{"allow":["GET"]}}],"collection":[{"href":"https:\/\/elterritorialweb.com.ar\/web\/wp-json\/wp\/v2\/posts"}],"about":[{"href":"https:\/\/elterritorialweb.com.ar\/web\/wp-json\/wp\/v2\/types\/post"}],"author":[{"embeddable":true,"href":"https:\/\/elterritorialweb.com.ar\/web\/wp-json\/wp\/v2\/users\/2"}],"replies":[{"embeddable":true,"href":"https:\/\/elterritorialweb.com.ar\/web\/wp-json\/wp\/v2\/comments?post=37707"}],"version-history":[{"count":1,"href":"https:\/\/elterritorialweb.com.ar\/web\/wp-json\/wp\/v2\/posts\/37707\/revisions"}],"predecessor-version":[{"id":37713,"href":"https:\/\/elterritorialweb.com.ar\/web\/wp-json\/wp\/v2\/posts\/37707\/revisions\/37713"}],"wp:featuredmedia":[{"embeddable":true,"href":"https:\/\/elterritorialweb.com.ar\/web\/wp-json\/wp\/v2\/media\/37708"}],"wp:attachment":[{"href":"https:\/\/elterritorialweb.com.ar\/web\/wp-json\/wp\/v2\/media?parent=37707"}],"wp:term":[{"taxonomy":"category","embeddable":true,"href":"https:\/\/elterritorialweb.com.ar\/web\/wp-json\/wp\/v2\/categories?post=37707"},{"taxonomy":"post_tag","embeddable":true,"href":"https:\/\/elterritorialweb.com.ar\/web\/wp-json\/wp\/v2\/tags?post=37707"}],"curies":[{"name":"wp","href":"https:\/\/api.w.org\/{rel}","templated":true}]}}