{"id":37714,"date":"2022-03-29T02:21:54","date_gmt":"2022-03-29T02:21:54","guid":{"rendered":"http:\/\/elterritorialweb.com.ar\/web\/?p=37714"},"modified":"2022-03-29T02:21:54","modified_gmt":"2022-03-29T02:21:54","slug":"la-uia-y-la-cgt-se-comprometieron-a-trabajar-ante-los-aumentos-de-precios","status":"publish","type":"post","link":"https:\/\/elterritorialweb.com.ar\/web\/la-uia-y-la-cgt-se-comprometieron-a-trabajar-ante-los-aumentos-de-precios\/","title":{"rendered":"LA UIA Y LA CGT SE COMPROMETIERON A TRABAJAR ANTE LOS AUMENTOS DE PRECIOS"},"content":{"rendered":"\n<p>El presidente&nbsp;<strong>Alberto Fern\u00e1ndez<\/strong>&nbsp;se reuni\u00f3 con representantes de la&nbsp;<strong>Uni\u00f3n Industrial Argentina&nbsp;<\/strong>(UIA) y de la&nbsp;<strong>Confederaci\u00f3n General del Trabajo<\/strong>&nbsp;(CGT), en un encuentro donde las partes se comprometieron a trabajar en conjunto ante la situaci\u00f3n generada por los aumentos de precios, especialmente en los art\u00edculos de primera necesidad como los alimentos.<\/p>\n\n\n\n<p>En una reuni\u00f3n que se extendi\u00f3 tres horas, Fern\u00e1ndez estuvo acompa\u00f1ado por el jefe de Gabinete,&nbsp;<strong>Juan Manzur<\/strong>; el canciller&nbsp;<strong>Santiago Cafiero<\/strong>; los ministros de Trabajo,&nbsp;<strong>Claudio Moroni<\/strong>; de Desarrollo Productivo,&nbsp;<strong>Mat\u00edas Kulfas<\/strong>; de Econom\u00eda,&nbsp;<strong>Mart\u00edn Guzm\u00e1n<\/strong>, y de Agricultura Ganader\u00eda y Pesca,&nbsp;<strong>Juli\u00e1n Dom\u00ednguez<\/strong>.<\/p>\n\n\n\n<p>Adem\u00e1s, en el encuentro se evaluaron los impactos de la guerra entre Rusia y Ucrania que repercuten en la econom\u00eda y en los precios.<\/p>\n\n\n\n<p>Los representantes de la UIA destacaron que el&nbsp;<strong>acuerdo con el Fondo Monetario Internacional&nbsp;<\/strong>(FMI) y el Club de Par\u00eds y el aumento de reservas despeja incertidumbre y permite avanzar en una hoja de ruta para cumplir esos objetivos, a\u00f1adieron las fuentes.<\/p>\n\n\n\n<p>El acuerdo permiti\u00f3 el desembolso el viernes pasado de 9.656 millones de d\u00f3lares, tras la aprobaci\u00f3n del Acuerdo de Facilidades Extendidas (EFF) por parte de la conducci\u00f3n del organismo multilateral.<\/p>\n\n\n\n<p>De ese monto, el Banco Central destin\u00f3 US$ 2.808 correspondientes al pago del vencimiento postergado el 13 de marzo para el viernes \u00faltimo.<\/p>\n\n\n\n<p>El jefe de Estado hab\u00eda pedido ayer\u00a0en una entrevista concedida al ciclo \u00abDesiguales\u00bb, por la Televisi\u00f3n P\u00fablica, a llamar \u00aba la reflexi\u00f3n\u00bb a los formadores de precios \u00abpara que entiendan que el hecho de que tengan una especie de oligopolio no los autoriza\u00bb a remarcar los valores.<\/p>\n\n\n\n<p>En esa nota sostuvo que est\u00e1n \u00abtrabajando en medidas\u00bb para la&nbsp;<strong>contenci\u00f3n de la suba de precios, especialmente de los productos de primera necesidad<\/strong>, a trav\u00e9s del secretario de Comercio,&nbsp;<strong>Roberto Feletti<\/strong>.<\/p>\n\n\n\n<p>Esas medidas son la puesta en marcha de fideicomisos para desacoplar los precios internos de las subas internacionales y canastas acordadas de Precios Cuidados, que sumar\u00e1 en abril a peque\u00f1os comercios de cercan\u00eda, adem\u00e1s de retrotraer los precios de 580 productos en supermercados al 10 de marzo, luego de que Comercio Interior detectara \u00abmaniobras especulativas\u00bb con subas de 14,5% promedio en tres d\u00edas.<\/p>\n\n\n\n<p>La reuni\u00f3n de este lunes de Fern\u00e1ndez con la UIA y la CGT surgi\u00f3 a partir de la mantenida la semana pasada con trabajadores, donde Fern\u00e1ndez propuso la necesidad de generar un compromiso con el sector privado, el de los trabajadores y el Estado, con el objetivo de bajar la inflaci\u00f3n sin detener el sendero de crecimiento econ\u00f3mico y la creaci\u00f3n de trabajo.<\/p>\n\n\n\n<p>Ya el 16 de este mes, cuando se rubric\u00f3 un incremento del 45% del Salario M\u00ednimo Vital y M\u00f3vil, Fern\u00e1ndez estuvo reunido en Casa Rosada con esos dos sectores y con la&nbsp;<strong>Central de Trabajadores de la Argentina&nbsp;<\/strong>(CTA) y los convoc\u00f3 a empezar a acordar un paquete antiinflacionario.<\/p>\n\n\n\n<p><strong>H\u00e9ctor Daer<\/strong>, uno de los cosecretarios generales de la CGT, hab\u00eda dicho entonces que el Presidente plante\u00f3 \u00abhacer una convocatoria para empezar a conversar toda esta situaci\u00f3n y encontrar un tr\u00e1nsito hacia la formalizaci\u00f3n de acuerdos que permitan en nuestro pa\u00eds ir bajando el proceso inflacionario que viene deteriorando d\u00eda a d\u00eda los ingresos de los trabajadores, jubilados y todos los sectores que tienen ingresos fijos\u00bb.<\/p>\n\n\n\n<p>El presidente de UIA,&nbsp;<strong>Daniel Funes<\/strong>&nbsp;de Rioja, hab\u00eda celebrado \u00abla convocatoria del Presidente a este di\u00e1logo, a esta construcci\u00f3n\u00bb, y se mostr\u00f3 \u00abconvencido en trabajar en conjunto los problemas del pa\u00eds y enfrentar estos problemas globales\u00bb generados a partir de la pandemia del coronavirus y el conflicto armado entre Rusia y Ucrania \u00abpara darle previsibilidad al pa\u00eds\u00bb y que permita \u00abmayor inversi\u00f3n y crecimiento\u00bb.<\/p>\n\n\n\n<p>El secretario general de la CTA, el diputado nacional oficialista Hugo Yasky, hab\u00eda ido en la misma l\u00ednea cuando manifest\u00f3 que \u00abel Presidente anunci\u00f3 su voluntad de hablar con cada uno de los referentes del empresariado y de las centrales\u00bb que forman parte del Consejo del Salario, y admiti\u00f3 que \u00abla preocupaci\u00f3n es contener el aumento de los precios\u00bb.<\/p>\n\n\n\n<p>Ma\u00f1ana martes se reunir\u00e1 en el Centro Cultural Kirchner el Consejo Econ\u00f3mico y Social (CES), que exhibir\u00e1, con la presencia de Fern\u00e1ndez, su agenda \u00abtem\u00e1tica federal y productiva\u00bb para este a\u00f1o.<\/p>\n\n\n\n<p>All\u00ed se expondr\u00e1n los ejes para el Plan \u00abArgentina Productiva 2030\u00bb, presentaci\u00f3n que estar\u00e1 a cargo del ministro de Desarrollo Productivo, Mat\u00edas Kulfas.<\/p>\n","protected":false},"excerpt":{"rendered":"<p>La  Uni\u00f3n Industrial Argentina (UIA) y la Confederaci\u00f3n General del Trabajo (CGT) se comprometieron con Alberto Fern\u00e1ndez a trabajar en conjunto ante la escalada de la inflaci\u00f3n.<\/p>\n","protected":false},"author":2,"featured_media":37715,"comment_status":"open","ping_status":"open","sticky":false,"template":"","format":"standard","meta":{"om_disable_all_campaigns":false,"_monsterinsights_skip_tracking":false,"_monsterinsights_sitenote_active":false,"_monsterinsights_sitenote_note":"","_monsterinsights_sitenote_category":0,"_uf_show_specific_survey":0,"_uf_disable_surveys":false,"jetpack_post_was_ever_published":false,"_jetpack_newsletter_access":"","_jetpack_dont_email_post_to_subs":false,"_jetpack_newsletter_tier_id":0,"_jetpack_memberships_contains_paywalled_content":false,"_jetpack_memberships_contains_paid_content":false,"footnotes":"","jetpack_publicize_message":"","jetpack_publicize_feature_enabled":true,"jetpack_social_post_already_shared":false,"jetpack_social_options":{"image_generator_settings":{"template":"highway","default_image_id":0,"font":"","enabled":false},"version":2}},"categories":[2],"tags":[],"class_list":["post-37714","post","type-post","status-publish","format-standard","has-post-thumbnail","hentry","category-economia"],"aioseo_notices":[],"views":7,"jetpack_publicize_connections":[],"jetpack_featured_media_url":"https:\/\/i0.wp.com\/elterritorialweb.com.ar\/web\/wp-content\/uploads\/2022\/03\/AUMENTO-DE-PRECIOS.jpg?fit=1200%2C675&ssl=1","jetpack_sharing_enabled":true,"_links":{"self":[{"href":"https:\/\/elterritorialweb.com.ar\/web\/wp-json\/wp\/v2\/posts\/37714","targetHints":{"allow":["GET"]}}],"collection":[{"href":"https:\/\/elterritorialweb.com.ar\/web\/wp-json\/wp\/v2\/posts"}],"about":[{"href":"https:\/\/elterritorialweb.com.ar\/web\/wp-json\/wp\/v2\/types\/post"}],"author":[{"embeddable":true,"href":"https:\/\/elterritorialweb.com.ar\/web\/wp-json\/wp\/v2\/users\/2"}],"replies":[{"embeddable":true,"href":"https:\/\/elterritorialweb.com.ar\/web\/wp-json\/wp\/v2\/comments?post=37714"}],"version-history":[{"count":1,"href":"https:\/\/elterritorialweb.com.ar\/web\/wp-json\/wp\/v2\/posts\/37714\/revisions"}],"predecessor-version":[{"id":37716,"href":"https:\/\/elterritorialweb.com.ar\/web\/wp-json\/wp\/v2\/posts\/37714\/revisions\/37716"}],"wp:featuredmedia":[{"embeddable":true,"href":"https:\/\/elterritorialweb.com.ar\/web\/wp-json\/wp\/v2\/media\/37715"}],"wp:attachment":[{"href":"https:\/\/elterritorialweb.com.ar\/web\/wp-json\/wp\/v2\/media?parent=37714"}],"wp:term":[{"taxonomy":"category","embeddable":true,"href":"https:\/\/elterritorialweb.com.ar\/web\/wp-json\/wp\/v2\/categories?post=37714"},{"taxonomy":"post_tag","embeddable":true,"href":"https:\/\/elterritorialweb.com.ar\/web\/wp-json\/wp\/v2\/tags?post=37714"}],"curies":[{"name":"wp","href":"https:\/\/api.w.org\/{rel}","templated":true}]}}