{"id":37721,"date":"2022-03-29T02:59:51","date_gmt":"2022-03-29T02:59:51","guid":{"rendered":"http:\/\/elterritorialweb.com.ar\/web\/?p=37721"},"modified":"2022-03-29T02:59:52","modified_gmt":"2022-03-29T02:59:52","slug":"la-municipalidad-puso-en-condiciones-el-alumbrado-de-los-accesos-a-la-ciudad-que-sufrieron-actos-vandalicos","status":"publish","type":"post","link":"https:\/\/elterritorialweb.com.ar\/web\/la-municipalidad-puso-en-condiciones-el-alumbrado-de-los-accesos-a-la-ciudad-que-sufrieron-actos-vandalicos\/","title":{"rendered":"LA MUNICIPALIDAD PUSO EN CONDICIONES EL ALUMBRADO DE LOS ACCESOS A LA CIUDAD QUE SUFRIERON ACTOS VANDALICOS"},"content":{"rendered":"\n<p>El director de Electricidad, Ing. Marcelo Aguilar, indic\u00f3 que se finalizaron los trabajos en esos lugares, donde fueron sustra\u00eddos cables, medidores, t\u00e9rmicas, comandos, contactores, luminarias y se destruyeron algunas columnas.<\/p>\n\n\n\n<p>Las tareas, a cargo del personal de la dependencia, se concentraron en los accesos sur, suroeste, norte y oeste, con la asistencia de maquinaria especializada.<\/p>\n\n\n\n<p>Para la reparaci\u00f3n del alumbrado,&nbsp; se utilizaron 420 metros de cables subterr\u00e1neos de 4 x 6, m\u00e1s 80 metros de cable de 3 x 35 +1 x 16 mm2,&nbsp; 80 metros de cable preensamblado de 4 x 16mm2,&nbsp; adem\u00e1s de comandos armados con sus&nbsp; respectivas salidas y 500 metros de cables 2 x 2.5 y 200 metros de 3 x 1.5.<\/p>\n\n\n\n<p>El funcionario remarc\u00f3 que la reposici\u00f3n del material signific\u00f3 una importante inversi\u00f3n para el municipio.<\/p>\n","protected":false},"excerpt":{"rendered":"<p>La Municipalidad de la Capital puso en condiciones los principales accesos de la ciudad en la reparaci\u00f3n del alumbrado p\u00fablico que sufri\u00f3 actos de vandalismo y que motiv\u00f3 que dejaran de funcionar con normalidad.<\/p>\n","protected":false},"author":2,"featured_media":37722,"comment_status":"open","ping_status":"open","sticky":false,"template":"","format":"standard","meta":{"om_disable_all_campaigns":false,"_monsterinsights_skip_tracking":false,"_monsterinsights_sitenote_active":false,"_monsterinsights_sitenote_note":"","_monsterinsights_sitenote_category":0,"_uf_show_specific_survey":0,"_uf_disable_surveys":false,"jetpack_post_was_ever_published":false,"_jetpack_newsletter_access":"","_jetpack_dont_email_post_to_subs":false,"_jetpack_newsletter_tier_id":0,"_jetpack_memberships_contains_paywalled_content":false,"_jetpack_memberships_contains_paid_content":false,"footnotes":"","jetpack_publicize_message":"","jetpack_publicize_feature_enabled":true,"jetpack_social_post_already_shared":false,"jetpack_social_options":{"image_generator_settings":{"template":"highway","default_image_id":0,"font":"","enabled":false},"version":2}},"categories":[21],"tags":[],"class_list":["post-37721","post","type-post","status-publish","format-standard","has-post-thumbnail","hentry","category-locales"],"aioseo_notices":[],"views":10,"jetpack_publicize_connections":[],"jetpack_featured_media_url":"https:\/\/i0.wp.com\/elterritorialweb.com.ar\/web\/wp-content\/uploads\/2022\/03\/iluminacion-accesos.jpg?fit=864%2C901&ssl=1","jetpack_sharing_enabled":true,"_links":{"self":[{"href":"https:\/\/elterritorialweb.com.ar\/web\/wp-json\/wp\/v2\/posts\/37721","targetHints":{"allow":["GET"]}}],"collection":[{"href":"https:\/\/elterritorialweb.com.ar\/web\/wp-json\/wp\/v2\/posts"}],"about":[{"href":"https:\/\/elterritorialweb.com.ar\/web\/wp-json\/wp\/v2\/types\/post"}],"author":[{"embeddable":true,"href":"https:\/\/elterritorialweb.com.ar\/web\/wp-json\/wp\/v2\/users\/2"}],"replies":[{"embeddable":true,"href":"https:\/\/elterritorialweb.com.ar\/web\/wp-json\/wp\/v2\/comments?post=37721"}],"version-history":[{"count":1,"href":"https:\/\/elterritorialweb.com.ar\/web\/wp-json\/wp\/v2\/posts\/37721\/revisions"}],"predecessor-version":[{"id":37723,"href":"https:\/\/elterritorialweb.com.ar\/web\/wp-json\/wp\/v2\/posts\/37721\/revisions\/37723"}],"wp:featuredmedia":[{"embeddable":true,"href":"https:\/\/elterritorialweb.com.ar\/web\/wp-json\/wp\/v2\/media\/37722"}],"wp:attachment":[{"href":"https:\/\/elterritorialweb.com.ar\/web\/wp-json\/wp\/v2\/media?parent=37721"}],"wp:term":[{"taxonomy":"category","embeddable":true,"href":"https:\/\/elterritorialweb.com.ar\/web\/wp-json\/wp\/v2\/categories?post=37721"},{"taxonomy":"post_tag","embeddable":true,"href":"https:\/\/elterritorialweb.com.ar\/web\/wp-json\/wp\/v2\/tags?post=37721"}],"curies":[{"name":"wp","href":"https:\/\/api.w.org\/{rel}","templated":true}]}}