{"id":37728,"date":"2022-03-29T22:00:34","date_gmt":"2022-03-29T22:00:34","guid":{"rendered":"http:\/\/elterritorialweb.com.ar\/web\/?p=37728"},"modified":"2022-03-29T22:00:35","modified_gmt":"2022-03-29T22:00:35","slug":"estudiantes-de-el-quemado-visitaron-al-gobernador-zamora-y-recibieron-tablets","status":"publish","type":"post","link":"https:\/\/elterritorialweb.com.ar\/web\/estudiantes-de-el-quemado-visitaron-al-gobernador-zamora-y-recibieron-tablets\/","title":{"rendered":"ESTUDIANTES DE EL QUEMADO VISITARON AL GOBERNADOR ZAMORA Y RECIBIERON TABLETS"},"content":{"rendered":"\n<p>La visita fue realizada a trav\u00e9s del programa \u201cConociendo Mi Provincia\u201d y en esta oportunidad los alumnos, acompa\u00f1ados por cinco docentes, recorrieron sitios hist\u00f3ricos y representativos de ciudad Capital. Tambi\u00e9n tienen previsto visitar Villa La Punta.<\/p>\n\n\n\n<figure class=\"wp-block-image size-full\"><a href=\"https:\/\/i0.wp.com\/elterritorialweb.com.ar\/web\/wp-content\/uploads\/2022\/03\/FB_IMG_1648590571613.jpg\"><img data-recalc-dims=\"1\" decoding=\"async\" width=\"640\" height=\"427\" data-src=\"https:\/\/i0.wp.com\/elterritorialweb.com.ar\/web\/wp-content\/uploads\/2022\/03\/FB_IMG_1648590571613.jpg?resize=640%2C427\" alt=\"\" class=\"wp-image-37730 lazyload\" data-srcset=\"https:\/\/i0.wp.com\/elterritorialweb.com.ar\/web\/wp-content\/uploads\/2022\/03\/FB_IMG_1648590571613.jpg?w=719&amp;ssl=1 719w, https:\/\/i0.wp.com\/elterritorialweb.com.ar\/web\/wp-content\/uploads\/2022\/03\/FB_IMG_1648590571613.jpg?resize=300%2C200&amp;ssl=1 300w\" data-sizes=\"(max-width: 640px) 100vw, 640px\" src=\"data:image\/svg+xml;base64,PHN2ZyB3aWR0aD0iMSIgaGVpZ2h0PSIxIiB4bWxucz0iaHR0cDovL3d3dy53My5vcmcvMjAwMC9zdmciPjwvc3ZnPg==\" style=\"--smush-placeholder-width: 640px; --smush-placeholder-aspect-ratio: 640\/427;\" \/><\/a><\/figure>\n\n\n\n<p>El grupo estuvo encabezado por el Prof. Adri\u00e1n Navarro, quien resalt\u00f3 el acompa\u00f1amiento del Gobierno de la Provincia especialmente a las instituciones del interior.<\/p>\n\n\n\n<figure class=\"wp-block-image size-full\"><a href=\"https:\/\/i0.wp.com\/elterritorialweb.com.ar\/web\/wp-content\/uploads\/2022\/03\/FB_IMG_1648590574082.jpg\"><img data-recalc-dims=\"1\" decoding=\"async\" width=\"640\" height=\"483\" data-src=\"https:\/\/i0.wp.com\/elterritorialweb.com.ar\/web\/wp-content\/uploads\/2022\/03\/FB_IMG_1648590574082.jpg?resize=640%2C483\" alt=\"\" class=\"wp-image-37731 lazyload\" data-srcset=\"https:\/\/i0.wp.com\/elterritorialweb.com.ar\/web\/wp-content\/uploads\/2022\/03\/FB_IMG_1648590574082.jpg?w=720&amp;ssl=1 720w, https:\/\/i0.wp.com\/elterritorialweb.com.ar\/web\/wp-content\/uploads\/2022\/03\/FB_IMG_1648590574082.jpg?resize=300%2C226&amp;ssl=1 300w\" data-sizes=\"(max-width: 640px) 100vw, 640px\" src=\"data:image\/svg+xml;base64,PHN2ZyB3aWR0aD0iMSIgaGVpZ2h0PSIxIiB4bWxucz0iaHR0cDovL3d3dy53My5vcmcvMjAwMC9zdmciPjwvc3ZnPg==\" style=\"--smush-placeholder-width: 640px; --smush-placeholder-aspect-ratio: 640\/483;\" \/><\/a><\/figure>\n\n\n\n<p>\u201cEstamos muy agradecidos por la oportunidad que nos ofrece el Gobierno de realizar este viaje, por poner \u00e9nfasis en las instituciones lejanas y porque en esta ocasi\u00f3n tambi\u00e9n hay alumnos que no conoc\u00edan la Madre de Ciudades, quienes pudieron ver su infraestructura y conocer m\u00e1s de la historia y de la cultura santiague\u00f1a en cada punto del viaje\u201d, dijo el rector.<\/p>\n\n\n\n<figure class=\"wp-block-image size-full is-resized\"><a href=\"https:\/\/i0.wp.com\/elterritorialweb.com.ar\/web\/wp-content\/uploads\/2022\/03\/FB_IMG_1648590577289.jpg\"><img data-recalc-dims=\"1\" decoding=\"async\" data-src=\"https:\/\/i0.wp.com\/elterritorialweb.com.ar\/web\/wp-content\/uploads\/2022\/03\/FB_IMG_1648590577289.jpg?resize=400%2C266\" alt=\"\" class=\"wp-image-37732 lazyload\" width=\"400\" height=\"266\" data-srcset=\"https:\/\/i0.wp.com\/elterritorialweb.com.ar\/web\/wp-content\/uploads\/2022\/03\/FB_IMG_1648590577289.jpg?w=719&amp;ssl=1 719w, https:\/\/i0.wp.com\/elterritorialweb.com.ar\/web\/wp-content\/uploads\/2022\/03\/FB_IMG_1648590577289.jpg?resize=300%2C200&amp;ssl=1 300w\" data-sizes=\"(max-width: 400px) 100vw, 400px\" src=\"data:image\/svg+xml;base64,PHN2ZyB3aWR0aD0iMSIgaGVpZ2h0PSIxIiB4bWxucz0iaHR0cDovL3d3dy53My5vcmcvMjAwMC9zdmciPjwvc3ZnPg==\" style=\"--smush-placeholder-width: 400px; --smush-placeholder-aspect-ratio: 400\/266;\" \/><\/a><\/figure>\n\n\n\n<p>Por su parte, el mandatario provincial agradeci\u00f3 la visita e inst\u00f3 a los estudiantes a disfrutar de esta experiencia, tambi\u00e9n los invit\u00f3 a seguir sumando conocimientos que les permitan estar preparados para los tiempos que se vienen, haciendo uso de las tablets como herramientas que les permiten estar en igualdad de condiciones que cualquier otro joven sin importar su lugar de residencia ni condici\u00f3n social.<br>Destac\u00f3, en este sentido, las inversiones que se vienen realizando para facilitar el acceso al servicio gratuito de internet en todos los establecimientos educativos dentro del mapa santiague\u00f1o.<\/p>\n\n\n\n<figure class=\"wp-block-image size-full\"><a href=\"https:\/\/i0.wp.com\/elterritorialweb.com.ar\/web\/wp-content\/uploads\/2022\/03\/FB_IMG_1648590579665.jpg\"><img data-recalc-dims=\"1\" decoding=\"async\" width=\"640\" height=\"408\" data-src=\"https:\/\/i0.wp.com\/elterritorialweb.com.ar\/web\/wp-content\/uploads\/2022\/03\/FB_IMG_1648590579665.jpg?resize=640%2C408\" alt=\"\" class=\"wp-image-37733 lazyload\" data-srcset=\"https:\/\/i0.wp.com\/elterritorialweb.com.ar\/web\/wp-content\/uploads\/2022\/03\/FB_IMG_1648590579665.jpg?w=720&amp;ssl=1 720w, https:\/\/i0.wp.com\/elterritorialweb.com.ar\/web\/wp-content\/uploads\/2022\/03\/FB_IMG_1648590579665.jpg?resize=300%2C191&amp;ssl=1 300w\" data-sizes=\"(max-width: 640px) 100vw, 640px\" src=\"data:image\/svg+xml;base64,PHN2ZyB3aWR0aD0iMSIgaGVpZ2h0PSIxIiB4bWxucz0iaHR0cDovL3d3dy53My5vcmcvMjAwMC9zdmciPjwvc3ZnPg==\" style=\"--smush-placeholder-width: 640px; --smush-placeholder-aspect-ratio: 640\/408;\" \/><\/a><\/figure>\n\n\n\n<p>De esta manera ratific\u00f3 el apoyo desde el Estado para los j\u00f3venes a trav\u00e9s de programas como Metas, impulsado el a\u00f1o pasado y que ofrece cr\u00e9ditos blandos y aportes no reintegrables para proyectos innovadores y sustentables elaborados por j\u00f3venes con ganas de acompa\u00f1ar el desarrollo productivo de la provincia.<\/p>\n","protected":false},"excerpt":{"rendered":"<p>El gobernador Gerardo Zamora recibi\u00f3 este martes en el Sal\u00f3n de Acuerdos de Casa de Gobierno a una delegaci\u00f3n del Agrupamiento Educativo N\u00b0 86024 de la localidad de El Quemado, en el departamento Pellegrini, compuesta por 36 alumnos que cursan el \u00faltimo del secundario y que en esta oportunidad recibieron las tablets que el Estado entrega como parte del programa Metas Digitales.<\/p>\n","protected":false},"author":2,"featured_media":37729,"comment_status":"open","ping_status":"open","sticky":false,"template":"","format":"standard","meta":{"om_disable_all_campaigns":false,"_monsterinsights_skip_tracking":false,"_monsterinsights_sitenote_active":false,"_monsterinsights_sitenote_note":"","_monsterinsights_sitenote_category":0,"_uf_show_specific_survey":0,"_uf_disable_surveys":false,"jetpack_post_was_ever_published":false,"_jetpack_newsletter_access":"","_jetpack_dont_email_post_to_subs":false,"_jetpack_newsletter_tier_id":0,"_jetpack_memberships_contains_paywalled_content":false,"_jetpack_memberships_contains_paid_content":false,"footnotes":"","jetpack_publicize_message":"","jetpack_publicize_feature_enabled":true,"jetpack_social_post_already_shared":false,"jetpack_social_options":{"image_generator_settings":{"template":"highway","default_image_id":0,"font":"","enabled":false},"version":2}},"categories":[21],"tags":[],"class_list":["post-37728","post","type-post","status-publish","format-standard","has-post-thumbnail","hentry","category-locales"],"aioseo_notices":[],"views":5,"jetpack_publicize_connections":[],"jetpack_featured_media_url":"https:\/\/i0.wp.com\/elterritorialweb.com.ar\/web\/wp-content\/uploads\/2022\/03\/FB_IMG_1648590568775.jpg?fit=720%2C461&ssl=1","jetpack_sharing_enabled":true,"_links":{"self":[{"href":"https:\/\/elterritorialweb.com.ar\/web\/wp-json\/wp\/v2\/posts\/37728","targetHints":{"allow":["GET"]}}],"collection":[{"href":"https:\/\/elterritorialweb.com.ar\/web\/wp-json\/wp\/v2\/posts"}],"about":[{"href":"https:\/\/elterritorialweb.com.ar\/web\/wp-json\/wp\/v2\/types\/post"}],"author":[{"embeddable":true,"href":"https:\/\/elterritorialweb.com.ar\/web\/wp-json\/wp\/v2\/users\/2"}],"replies":[{"embeddable":true,"href":"https:\/\/elterritorialweb.com.ar\/web\/wp-json\/wp\/v2\/comments?post=37728"}],"version-history":[{"count":1,"href":"https:\/\/elterritorialweb.com.ar\/web\/wp-json\/wp\/v2\/posts\/37728\/revisions"}],"predecessor-version":[{"id":37734,"href":"https:\/\/elterritorialweb.com.ar\/web\/wp-json\/wp\/v2\/posts\/37728\/revisions\/37734"}],"wp:featuredmedia":[{"embeddable":true,"href":"https:\/\/elterritorialweb.com.ar\/web\/wp-json\/wp\/v2\/media\/37729"}],"wp:attachment":[{"href":"https:\/\/elterritorialweb.com.ar\/web\/wp-json\/wp\/v2\/media?parent=37728"}],"wp:term":[{"taxonomy":"category","embeddable":true,"href":"https:\/\/elterritorialweb.com.ar\/web\/wp-json\/wp\/v2\/categories?post=37728"},{"taxonomy":"post_tag","embeddable":true,"href":"https:\/\/elterritorialweb.com.ar\/web\/wp-json\/wp\/v2\/tags?post=37728"}],"curies":[{"name":"wp","href":"https:\/\/api.w.org\/{rel}","templated":true}]}}