{"id":37735,"date":"2022-03-29T22:19:19","date_gmt":"2022-03-29T22:19:19","guid":{"rendered":"http:\/\/elterritorialweb.com.ar\/web\/?p=37735"},"modified":"2022-03-29T22:19:20","modified_gmt":"2022-03-29T22:19:20","slug":"los-vacunatorios-permanentes-retomaron-el-horario-corrido-para-la-vacunacion-contra-covid","status":"publish","type":"post","link":"https:\/\/elterritorialweb.com.ar\/web\/los-vacunatorios-permanentes-retomaron-el-horario-corrido-para-la-vacunacion-contra-covid\/","title":{"rendered":"LOS VACUNATORIOS PERMANENTES RETOMARON EL HORARIO CORRIDO PARA LA VACUNACI\u00d3N CONTRA COVID"},"content":{"rendered":"\n<p>\u2022 Centro de Vacunaci\u00f3n de ciudad Capital en Pedro Le\u00f3n Gallo y Av Belgrano: Lunes a domingo 8 a 20 hs<br>\u2022 Ministerio de Salud: lunes a viernes de 9 a 15 hs<br>\u2022 CAPS Los Lagos: Lunes a domingo de 8 a 18 hs<br>\u2022 CIC Campo Contreras: Lunes a domingo de 8 a 18 hs<br>\u2022 Club Ciclista Ol\u00edmpico: Lunes a viernes de 12 a 18 hs &#8211; S\u00e1bado y Domingo de 8 a 12 hs<br>\u2022 Las Upas y Caps de Capital y La Banda vacunan ni\u00f1os y ni\u00f1as de 3 a 11 a\u00f1os y a personas mayores a 18 a\u00f1os de lunes a viernes de 7 a 19 hs y s\u00e1bado y domingo de 9 a 13 hs<\/p>\n\n\n\n<p>Por otro lado, la cartera sanitaria convoca a completar su esquema de vacunaci\u00f3n a la poblaci\u00f3n para extender la protecci\u00f3n contra el COVID-19.<br>Deben colocarse la dosis de REFUERZO (o tercera dosis) todas las personas que cuentan con 2 dosis de Sputnik, Moderna, Astrazeneca, Covishield, Pfizer o una dosis de Cansino.<br>El intervalo m\u00ednimo desde la segunda dosis es de 4 meses para mayores de 12 a\u00f1os en adelante.<br>Tambi\u00e9n deben recibir la dosis de refuerzo (o 4ta dosis) las personas con 2 dosis de vacuna Sinopharm y una tercera dosis adicional. El intervalo m\u00ednimo desde la tercera dosis es de 4 meses para mayores de 18 a\u00f1os.<\/p>\n","protected":false},"excerpt":{"rendered":"<p>El Ministerio de Salud recuerda que, a partir de esta semana, los vacunatorios permanentes de Ciudad Capital y Ciudad de La Banda retoman el horario corrido de atenci\u00f3n de lunes a domingo.<\/p>\n","protected":false},"author":2,"featured_media":26349,"comment_status":"open","ping_status":"open","sticky":false,"template":"","format":"standard","meta":{"om_disable_all_campaigns":false,"_monsterinsights_skip_tracking":false,"_monsterinsights_sitenote_active":false,"_monsterinsights_sitenote_note":"","_monsterinsights_sitenote_category":0,"_uf_show_specific_survey":0,"_uf_disable_surveys":false,"jetpack_post_was_ever_published":false,"_jetpack_newsletter_access":"","_jetpack_dont_email_post_to_subs":false,"_jetpack_newsletter_tier_id":0,"_jetpack_memberships_contains_paywalled_content":false,"_jetpack_memberships_contains_paid_content":false,"footnotes":"","jetpack_publicize_message":"","jetpack_publicize_feature_enabled":true,"jetpack_social_post_already_shared":false,"jetpack_social_options":{"image_generator_settings":{"template":"highway","default_image_id":0,"font":"","enabled":false},"version":2}},"categories":[3],"tags":[],"class_list":["post-37735","post","type-post","status-publish","format-standard","has-post-thumbnail","hentry","category-salud"],"aioseo_notices":[],"views":11,"jetpack_publicize_connections":[],"jetpack_featured_media_url":"https:\/\/i0.wp.com\/elterritorialweb.com.ar\/web\/wp-content\/uploads\/2021\/08\/vacunatorios-permanetes.jpg?fit=960%2C540&ssl=1","jetpack_sharing_enabled":true,"_links":{"self":[{"href":"https:\/\/elterritorialweb.com.ar\/web\/wp-json\/wp\/v2\/posts\/37735","targetHints":{"allow":["GET"]}}],"collection":[{"href":"https:\/\/elterritorialweb.com.ar\/web\/wp-json\/wp\/v2\/posts"}],"about":[{"href":"https:\/\/elterritorialweb.com.ar\/web\/wp-json\/wp\/v2\/types\/post"}],"author":[{"embeddable":true,"href":"https:\/\/elterritorialweb.com.ar\/web\/wp-json\/wp\/v2\/users\/2"}],"replies":[{"embeddable":true,"href":"https:\/\/elterritorialweb.com.ar\/web\/wp-json\/wp\/v2\/comments?post=37735"}],"version-history":[{"count":1,"href":"https:\/\/elterritorialweb.com.ar\/web\/wp-json\/wp\/v2\/posts\/37735\/revisions"}],"predecessor-version":[{"id":37736,"href":"https:\/\/elterritorialweb.com.ar\/web\/wp-json\/wp\/v2\/posts\/37735\/revisions\/37736"}],"wp:featuredmedia":[{"embeddable":true,"href":"https:\/\/elterritorialweb.com.ar\/web\/wp-json\/wp\/v2\/media\/26349"}],"wp:attachment":[{"href":"https:\/\/elterritorialweb.com.ar\/web\/wp-json\/wp\/v2\/media?parent=37735"}],"wp:term":[{"taxonomy":"category","embeddable":true,"href":"https:\/\/elterritorialweb.com.ar\/web\/wp-json\/wp\/v2\/categories?post=37735"},{"taxonomy":"post_tag","embeddable":true,"href":"https:\/\/elterritorialweb.com.ar\/web\/wp-json\/wp\/v2\/tags?post=37735"}],"curies":[{"name":"wp","href":"https:\/\/api.w.org\/{rel}","templated":true}]}}