{"id":37737,"date":"2022-03-29T22:40:59","date_gmt":"2022-03-29T22:40:59","guid":{"rendered":"http:\/\/elterritorialweb.com.ar\/web\/?p=37737"},"modified":"2022-03-29T22:43:06","modified_gmt":"2022-03-29T22:43:06","slug":"santiago-del-estero-presente-en-la-157-asamblea-del-consejo-federal-de-turismo-en-rosario","status":"publish","type":"post","link":"https:\/\/elterritorialweb.com.ar\/web\/santiago-del-estero-presente-en-la-157-asamblea-del-consejo-federal-de-turismo-en-rosario\/","title":{"rendered":"SANTIAGO DEL ESTERO PRESENTE EN LA 157\u00b0 ASAMBLEA DEL CONSEJO FEDERAL DE TURISMO EN ROSARIO"},"content":{"rendered":"\n<p>La misma cont\u00f3 con la presencia de todos los representantes de las \u00e1reas de turismo de distintas provincias argentinas. <\/p>\n\n\n\n<figure class=\"wp-block-image size-full\"><a href=\"https:\/\/i0.wp.com\/elterritorialweb.com.ar\/web\/wp-content\/uploads\/2022\/03\/FB_IMG_1648593318205.jpg\"><img data-recalc-dims=\"1\" decoding=\"async\" width=\"640\" height=\"305\" data-src=\"https:\/\/i0.wp.com\/elterritorialweb.com.ar\/web\/wp-content\/uploads\/2022\/03\/FB_IMG_1648593318205.jpg?resize=640%2C305\" alt=\"\" class=\"wp-image-37739 lazyload\" data-srcset=\"https:\/\/i0.wp.com\/elterritorialweb.com.ar\/web\/wp-content\/uploads\/2022\/03\/FB_IMG_1648593318205.jpg?w=720&amp;ssl=1 720w, https:\/\/i0.wp.com\/elterritorialweb.com.ar\/web\/wp-content\/uploads\/2022\/03\/FB_IMG_1648593318205.jpg?resize=300%2C143&amp;ssl=1 300w\" data-sizes=\"(max-width: 640px) 100vw, 640px\" src=\"data:image\/svg+xml;base64,PHN2ZyB3aWR0aD0iMSIgaGVpZ2h0PSIxIiB4bWxucz0iaHR0cDovL3d3dy53My5vcmcvMjAwMC9zdmciPjwvc3ZnPg==\" style=\"--smush-placeholder-width: 640px; --smush-placeholder-aspect-ratio: 640\/305;\" \/><\/a><\/figure>\n\n\n\n<p>Por Santiago del Estero estuvo presente el Subsecretario de dicha \u00e1rea, profesor Nelson Bravo, el Ministro de Turismo de la Naci\u00f3n Mat\u00edas Lammens, la Secretaria de Promoci\u00f3n Tur\u00edstica de la Naci\u00f3n Yanina Mart\u00ednez y el Secretario del INPROTUR Ricardo Sosa, el director comercial de Aerol\u00edneas Argentinas, Fabi\u00e1n Lombardo, y por el sector privado, el presidente de la C\u00e1mara Argentina de Turismo (CAT), Gustavo Hani.<\/p>\n\n\n\n<figure class=\"wp-block-image size-full\"><a href=\"https:\/\/i0.wp.com\/elterritorialweb.com.ar\/web\/wp-content\/uploads\/2022\/03\/FB_IMG_1648593329922.jpg\"><img data-recalc-dims=\"1\" decoding=\"async\" width=\"640\" height=\"288\" data-src=\"https:\/\/i0.wp.com\/elterritorialweb.com.ar\/web\/wp-content\/uploads\/2022\/03\/FB_IMG_1648593329922.jpg?resize=640%2C288\" alt=\"\" class=\"wp-image-37740 lazyload\" data-srcset=\"https:\/\/i0.wp.com\/elterritorialweb.com.ar\/web\/wp-content\/uploads\/2022\/03\/FB_IMG_1648593329922.jpg?w=720&amp;ssl=1 720w, https:\/\/i0.wp.com\/elterritorialweb.com.ar\/web\/wp-content\/uploads\/2022\/03\/FB_IMG_1648593329922.jpg?resize=300%2C135&amp;ssl=1 300w\" data-sizes=\"(max-width: 640px) 100vw, 640px\" src=\"data:image\/svg+xml;base64,PHN2ZyB3aWR0aD0iMSIgaGVpZ2h0PSIxIiB4bWxucz0iaHR0cDovL3d3dy53My5vcmcvMjAwMC9zdmciPjwvc3ZnPg==\" style=\"--smush-placeholder-width: 640px; --smush-placeholder-aspect-ratio: 640\/288;\" \/><\/a><\/figure>\n\n\n\n<p>El programa previsto para la jornada tuvo las siguientes actividades: apertura formal con una reuni\u00f3n t\u00e9cnica de la Comisi\u00f3n de Promoci\u00f3n, luego se llev\u00f3 a cabo la apertura oficial de la Asamblea del Consejo Federal de Turismo, en la cual se eligieron a las nuevas autoridades en el que result\u00f3 electo Sebasti\u00e1n Giobellina como el nuevo presidente del Consejo Federal de Turismo, de esta manera el norte queda posicionado a nivel pa\u00eds, una candidatura lograda gracias al trabajo que realiz\u00f3 el norte como regi\u00f3n, y en particular un reconocimiento a su trayectoria y buen desempe\u00f1o como funcionario del \u00e1rea tur\u00edstica.<\/p>\n\n\n\n<figure class=\"wp-block-image size-full\"><a href=\"https:\/\/i0.wp.com\/elterritorialweb.com.ar\/web\/wp-content\/uploads\/2022\/03\/FB_IMG_1648593334281.jpg\"><img data-recalc-dims=\"1\" decoding=\"async\" width=\"640\" height=\"288\" data-src=\"https:\/\/i0.wp.com\/elterritorialweb.com.ar\/web\/wp-content\/uploads\/2022\/03\/FB_IMG_1648593334281.jpg?resize=640%2C288\" alt=\"\" class=\"wp-image-37741 lazyload\" data-srcset=\"https:\/\/i0.wp.com\/elterritorialweb.com.ar\/web\/wp-content\/uploads\/2022\/03\/FB_IMG_1648593334281.jpg?w=720&amp;ssl=1 720w, https:\/\/i0.wp.com\/elterritorialweb.com.ar\/web\/wp-content\/uploads\/2022\/03\/FB_IMG_1648593334281.jpg?resize=300%2C135&amp;ssl=1 300w\" data-sizes=\"(max-width: 640px) 100vw, 640px\" src=\"data:image\/svg+xml;base64,PHN2ZyB3aWR0aD0iMSIgaGVpZ2h0PSIxIiB4bWxucz0iaHR0cDovL3d3dy53My5vcmcvMjAwMC9zdmciPjwvc3ZnPg==\" style=\"--smush-placeholder-width: 640px; --smush-placeholder-aspect-ratio: 640\/288;\" \/><\/a><\/figure>\n\n\n\n<p>De esta manera, siguiendo los lineamientos planteados oportunamente, se procedi\u00f3 a informar sobre la reactivaci\u00f3n oportunamente planteada luego de la pandemia. Se evalu\u00f3 el nivel exponencial al que lleg\u00f3 el turismo en los distintos destinos del pa\u00eds, habida cuenta el redoblado inter\u00e9s de la gente por recuperar su contacto con los lugares habituales de esparcimiento y las pol\u00edticas de Estado puestas en funcionamiento por las distintas Carteras del \u00e1rea tur\u00edstica del pa\u00eds.<\/p>\n\n\n\n<figure class=\"wp-block-image size-large\"><a href=\"https:\/\/i0.wp.com\/elterritorialweb.com.ar\/web\/wp-content\/uploads\/2022\/03\/FB_IMG_1648593641836.jpg\"><img data-recalc-dims=\"1\" decoding=\"async\" width=\"461\" height=\"1024\" data-src=\"https:\/\/i0.wp.com\/elterritorialweb.com.ar\/web\/wp-content\/uploads\/2022\/03\/FB_IMG_1648593641836.jpg?resize=461%2C1024\" alt=\"\" class=\"wp-image-37742 lazyload\" data-srcset=\"https:\/\/i0.wp.com\/elterritorialweb.com.ar\/web\/wp-content\/uploads\/2022\/03\/FB_IMG_1648593641836.jpg?resize=461%2C1024&amp;ssl=1 461w, https:\/\/i0.wp.com\/elterritorialweb.com.ar\/web\/wp-content\/uploads\/2022\/03\/FB_IMG_1648593641836.jpg?resize=135%2C300&amp;ssl=1 135w, https:\/\/i0.wp.com\/elterritorialweb.com.ar\/web\/wp-content\/uploads\/2022\/03\/FB_IMG_1648593641836.jpg?resize=691%2C1536&amp;ssl=1 691w, https:\/\/i0.wp.com\/elterritorialweb.com.ar\/web\/wp-content\/uploads\/2022\/03\/FB_IMG_1648593641836.jpg?w=720&amp;ssl=1 720w\" data-sizes=\"(max-width: 461px) 100vw, 461px\" src=\"data:image\/svg+xml;base64,PHN2ZyB3aWR0aD0iMSIgaGVpZ2h0PSIxIiB4bWxucz0iaHR0cDovL3d3dy53My5vcmcvMjAwMC9zdmciPjwvc3ZnPg==\" style=\"--smush-placeholder-width: 461px; --smush-placeholder-aspect-ratio: 461\/1024;\" \/><\/a><\/figure>\n\n\n\n<p>En otro tramo del encuentro el Subsecretario Nelson Bravo en conjunto con el CFT presentaron el Foro Nacional de Turismo, que tendr\u00e1 lugar del 8 al 10 de junio en Termas de R\u00edo Hondo, donde la provincia por primera vez ser\u00e1 sede de este encuentro que re\u00fane a todo el sector tur\u00edstico del pa\u00eds.<\/p>\n\n\n\n<p>Tambi\u00e9n en la reuni\u00f3n, se destac\u00f3 la importancia del Previaje como herramienta fundamental para la reapertura de la actividad tur\u00edstica en general.<br>Se agradeci\u00f3 finalmente a los presentes por su presencia en dicho encuentro para la discusi\u00f3n, debate y planeamiento de pol\u00edticas tur\u00edsticas para la reactivaci\u00f3n de esta actividad tan importante en el contexto de la econom\u00eda nacional.<\/p>\n","protected":false},"excerpt":{"rendered":"<p>Este martes 29 de marzo, se llev\u00f3 a cabo en Rosario la edici\u00f3n n\u00famero 157\u00b0 de la Asamblea Ordinaria del Consejo Federal de Turismo.<\/p>\n","protected":false},"author":2,"featured_media":37738,"comment_status":"open","ping_status":"open","sticky":false,"template":"","format":"standard","meta":{"om_disable_all_campaigns":false,"_monsterinsights_skip_tracking":false,"_monsterinsights_sitenote_active":false,"_monsterinsights_sitenote_note":"","_monsterinsights_sitenote_category":0,"_uf_show_specific_survey":0,"_uf_disable_surveys":false,"jetpack_post_was_ever_published":false,"_jetpack_newsletter_access":"","_jetpack_dont_email_post_to_subs":false,"_jetpack_newsletter_tier_id":0,"_jetpack_memberships_contains_paywalled_content":false,"_jetpack_memberships_contains_paid_content":false,"footnotes":"","jetpack_publicize_message":"","jetpack_publicize_feature_enabled":true,"jetpack_social_post_already_shared":false,"jetpack_social_options":{"image_generator_settings":{"template":"highway","default_image_id":0,"font":"","enabled":false},"version":2}},"categories":[29],"tags":[],"class_list":["post-37737","post","type-post","status-publish","format-standard","has-post-thumbnail","hentry","category-turismo"],"aioseo_notices":[],"views":9,"jetpack_publicize_connections":[],"jetpack_featured_media_url":"https:\/\/i0.wp.com\/elterritorialweb.com.ar\/web\/wp-content\/uploads\/2022\/03\/FB_IMG_1648593323112.jpg?fit=720%2C324&ssl=1","jetpack_sharing_enabled":true,"_links":{"self":[{"href":"https:\/\/elterritorialweb.com.ar\/web\/wp-json\/wp\/v2\/posts\/37737","targetHints":{"allow":["GET"]}}],"collection":[{"href":"https:\/\/elterritorialweb.com.ar\/web\/wp-json\/wp\/v2\/posts"}],"about":[{"href":"https:\/\/elterritorialweb.com.ar\/web\/wp-json\/wp\/v2\/types\/post"}],"author":[{"embeddable":true,"href":"https:\/\/elterritorialweb.com.ar\/web\/wp-json\/wp\/v2\/users\/2"}],"replies":[{"embeddable":true,"href":"https:\/\/elterritorialweb.com.ar\/web\/wp-json\/wp\/v2\/comments?post=37737"}],"version-history":[{"count":2,"href":"https:\/\/elterritorialweb.com.ar\/web\/wp-json\/wp\/v2\/posts\/37737\/revisions"}],"predecessor-version":[{"id":37745,"href":"https:\/\/elterritorialweb.com.ar\/web\/wp-json\/wp\/v2\/posts\/37737\/revisions\/37745"}],"wp:featuredmedia":[{"embeddable":true,"href":"https:\/\/elterritorialweb.com.ar\/web\/wp-json\/wp\/v2\/media\/37738"}],"wp:attachment":[{"href":"https:\/\/elterritorialweb.com.ar\/web\/wp-json\/wp\/v2\/media?parent=37737"}],"wp:term":[{"taxonomy":"category","embeddable":true,"href":"https:\/\/elterritorialweb.com.ar\/web\/wp-json\/wp\/v2\/categories?post=37737"},{"taxonomy":"post_tag","embeddable":true,"href":"https:\/\/elterritorialweb.com.ar\/web\/wp-json\/wp\/v2\/tags?post=37737"}],"curies":[{"name":"wp","href":"https:\/\/api.w.org\/{rel}","templated":true}]}}