{"id":37746,"date":"2022-03-29T22:49:40","date_gmt":"2022-03-29T22:49:40","guid":{"rendered":"http:\/\/elterritorialweb.com.ar\/web\/?p=37746"},"modified":"2022-03-29T22:49:41","modified_gmt":"2022-03-29T22:49:41","slug":"el-ministro-niccolai-firmo-convenio-con-autoridades-nacionales","status":"publish","type":"post","link":"https:\/\/elterritorialweb.com.ar\/web\/el-ministro-niccolai-firmo-convenio-con-autoridades-nacionales\/","title":{"rendered":"EL MINISTRO NICCOLAI FIRM\u00d3 CONVENIO CON AUTORIDADES NACIONALES"},"content":{"rendered":"\n<p>El ministro de Desarrollo Social de nuestra provincia, Dr. \u00c1ngel Niccolai, firm\u00f3 en Capital Federal un Convenio con la presidenta del Consejo Nacional de Coordinaci\u00f3n de Pol\u00edticas Sociales de la Presidencia de la Naci\u00f3n, Marisol Merquel, en el marco del Programa Nacional ACCIONAR.<\/p>\n\n\n\n<p>La firma de este convenio, posibilitar\u00e1 el inmediato desembolso de treinta millones de pesos, del Programa de Ayudas Urgentes, para aplicar a 300 proyectos presentados y aprobados en beneficio de personas que se encuentran en situaciones de m\u00e1xima vulnerabilidad social. Tales proyectos fueron canalizados por municipios y comisiones municipales.<\/p>\n","protected":false},"excerpt":{"rendered":"<p>En el marco del Programa Nacional Accionar.<\/p>\n","protected":false},"author":2,"featured_media":37747,"comment_status":"open","ping_status":"open","sticky":false,"template":"","format":"standard","meta":{"om_disable_all_campaigns":false,"_monsterinsights_skip_tracking":false,"_monsterinsights_sitenote_active":false,"_monsterinsights_sitenote_note":"","_monsterinsights_sitenote_category":0,"_uf_show_specific_survey":0,"_uf_disable_surveys":false,"jetpack_post_was_ever_published":false,"_jetpack_newsletter_access":"","_jetpack_dont_email_post_to_subs":false,"_jetpack_newsletter_tier_id":0,"_jetpack_memberships_contains_paywalled_content":false,"_jetpack_memberships_contains_paid_content":false,"footnotes":"","jetpack_publicize_message":"","jetpack_publicize_feature_enabled":true,"jetpack_social_post_already_shared":false,"jetpack_social_options":{"image_generator_settings":{"template":"highway","default_image_id":0,"font":"","enabled":false},"version":2}},"categories":[21],"tags":[],"class_list":["post-37746","post","type-post","status-publish","format-standard","has-post-thumbnail","hentry","category-locales"],"aioseo_notices":[],"views":11,"jetpack_publicize_connections":[],"jetpack_featured_media_url":"https:\/\/i0.wp.com\/elterritorialweb.com.ar\/web\/wp-content\/uploads\/2022\/03\/FB_IMG_1648593926674.jpg?fit=719%2C480&ssl=1","jetpack_sharing_enabled":true,"_links":{"self":[{"href":"https:\/\/elterritorialweb.com.ar\/web\/wp-json\/wp\/v2\/posts\/37746","targetHints":{"allow":["GET"]}}],"collection":[{"href":"https:\/\/elterritorialweb.com.ar\/web\/wp-json\/wp\/v2\/posts"}],"about":[{"href":"https:\/\/elterritorialweb.com.ar\/web\/wp-json\/wp\/v2\/types\/post"}],"author":[{"embeddable":true,"href":"https:\/\/elterritorialweb.com.ar\/web\/wp-json\/wp\/v2\/users\/2"}],"replies":[{"embeddable":true,"href":"https:\/\/elterritorialweb.com.ar\/web\/wp-json\/wp\/v2\/comments?post=37746"}],"version-history":[{"count":1,"href":"https:\/\/elterritorialweb.com.ar\/web\/wp-json\/wp\/v2\/posts\/37746\/revisions"}],"predecessor-version":[{"id":37748,"href":"https:\/\/elterritorialweb.com.ar\/web\/wp-json\/wp\/v2\/posts\/37746\/revisions\/37748"}],"wp:featuredmedia":[{"embeddable":true,"href":"https:\/\/elterritorialweb.com.ar\/web\/wp-json\/wp\/v2\/media\/37747"}],"wp:attachment":[{"href":"https:\/\/elterritorialweb.com.ar\/web\/wp-json\/wp\/v2\/media?parent=37746"}],"wp:term":[{"taxonomy":"category","embeddable":true,"href":"https:\/\/elterritorialweb.com.ar\/web\/wp-json\/wp\/v2\/categories?post=37746"},{"taxonomy":"post_tag","embeddable":true,"href":"https:\/\/elterritorialweb.com.ar\/web\/wp-json\/wp\/v2\/tags?post=37746"}],"curies":[{"name":"wp","href":"https:\/\/api.w.org\/{rel}","templated":true}]}}