{"id":37752,"date":"2022-03-30T00:56:10","date_gmt":"2022-03-30T00:56:10","guid":{"rendered":"http:\/\/elterritorialweb.com.ar\/web\/?p=37752"},"modified":"2022-03-30T00:56:11","modified_gmt":"2022-03-30T00:56:11","slug":"la-municipalidad-avanza-con-el-programa-de-educacion-vial-para-los-jardines-de-infantes","status":"publish","type":"post","link":"https:\/\/elterritorialweb.com.ar\/web\/la-municipalidad-avanza-con-el-programa-de-educacion-vial-para-los-jardines-de-infantes\/","title":{"rendered":"LA MUNICIPALIDAD AVANZA CON EL PROGRAMA DE EDUCACI\u00d3N VIAL PARA LOS JARDINES DE INFANTES"},"content":{"rendered":"\n<p>Entre los puntos que se consideraron para dise\u00f1ar un programa orientado a la Seguridad Vial con perspectiva en la ni\u00f1ez como sujetos de derechos, est\u00e1n la capacitaci\u00f3n, difusi\u00f3n, experiencias educativas con ni\u00f1os y familias,<\/p>\n\n\n\n<p>A nivel jardines de infantes, poner en consideraci\u00f3n la exploraci\u00f3n, indagaci\u00f3n del contexto cercano a cada instituci\u00f3n que sirva como insumo para la elaboraci\u00f3n de propuestas para el trabajo.<\/p>\n\n\n\n<p>En el encuentro, por parte del municipio, participaron el subsecretario de Educaci\u00f3n, Ing. Juan Carlos Lencina; la directora del \u00e1rea Cecilia Marozzi, y asesoras pedag\u00f3gicas.<\/p>\n","protected":false},"excerpt":{"rendered":"<p>Representantes de la Municipalidad de la Capital, la Unse y la Defensor\u00eda de los Derechos de los Ni\u00f1os, Ni\u00f1as y Adolescentes, avanzaron sobre las acciones para mejorar la educaci\u00f3n vial desde el nivel inicial en los jardines de infantes municipales.<\/p>\n","protected":false},"author":2,"featured_media":37753,"comment_status":"open","ping_status":"open","sticky":false,"template":"","format":"standard","meta":{"om_disable_all_campaigns":false,"_monsterinsights_skip_tracking":false,"_monsterinsights_sitenote_active":false,"_monsterinsights_sitenote_note":"","_monsterinsights_sitenote_category":0,"_uf_show_specific_survey":0,"_uf_disable_surveys":false,"jetpack_post_was_ever_published":false,"_jetpack_newsletter_access":"","_jetpack_dont_email_post_to_subs":false,"_jetpack_newsletter_tier_id":0,"_jetpack_memberships_contains_paywalled_content":false,"_jetpack_memberships_contains_paid_content":false,"footnotes":"","jetpack_publicize_message":"","jetpack_publicize_feature_enabled":true,"jetpack_social_post_already_shared":false,"jetpack_social_options":{"image_generator_settings":{"template":"highway","default_image_id":0,"font":"","enabled":false},"version":2}},"categories":[19],"tags":[],"class_list":["post-37752","post","type-post","status-publish","format-standard","has-post-thumbnail","hentry","category-educacion"],"aioseo_notices":[],"views":11,"jetpack_publicize_connections":[],"jetpack_featured_media_url":"https:\/\/i0.wp.com\/elterritorialweb.com.ar\/web\/wp-content\/uploads\/2022\/03\/programa-educacion-vial-en-jardines-1.jpg?fit=1600%2C1200&ssl=1","jetpack_sharing_enabled":true,"_links":{"self":[{"href":"https:\/\/elterritorialweb.com.ar\/web\/wp-json\/wp\/v2\/posts\/37752","targetHints":{"allow":["GET"]}}],"collection":[{"href":"https:\/\/elterritorialweb.com.ar\/web\/wp-json\/wp\/v2\/posts"}],"about":[{"href":"https:\/\/elterritorialweb.com.ar\/web\/wp-json\/wp\/v2\/types\/post"}],"author":[{"embeddable":true,"href":"https:\/\/elterritorialweb.com.ar\/web\/wp-json\/wp\/v2\/users\/2"}],"replies":[{"embeddable":true,"href":"https:\/\/elterritorialweb.com.ar\/web\/wp-json\/wp\/v2\/comments?post=37752"}],"version-history":[{"count":1,"href":"https:\/\/elterritorialweb.com.ar\/web\/wp-json\/wp\/v2\/posts\/37752\/revisions"}],"predecessor-version":[{"id":37754,"href":"https:\/\/elterritorialweb.com.ar\/web\/wp-json\/wp\/v2\/posts\/37752\/revisions\/37754"}],"wp:featuredmedia":[{"embeddable":true,"href":"https:\/\/elterritorialweb.com.ar\/web\/wp-json\/wp\/v2\/media\/37753"}],"wp:attachment":[{"href":"https:\/\/elterritorialweb.com.ar\/web\/wp-json\/wp\/v2\/media?parent=37752"}],"wp:term":[{"taxonomy":"category","embeddable":true,"href":"https:\/\/elterritorialweb.com.ar\/web\/wp-json\/wp\/v2\/categories?post=37752"},{"taxonomy":"post_tag","embeddable":true,"href":"https:\/\/elterritorialweb.com.ar\/web\/wp-json\/wp\/v2\/tags?post=37752"}],"curies":[{"name":"wp","href":"https:\/\/api.w.org\/{rel}","templated":true}]}}