{"id":37755,"date":"2022-03-30T01:30:22","date_gmt":"2022-03-30T01:30:22","guid":{"rendered":"http:\/\/elterritorialweb.com.ar\/web\/?p=37755"},"modified":"2022-03-30T01:30:23","modified_gmt":"2022-03-30T01:30:23","slug":"entregaron-viviendas-sociales-en-sotelo","status":"publish","type":"post","link":"https:\/\/elterritorialweb.com.ar\/web\/entregaron-viviendas-sociales-en-sotelo\/","title":{"rendered":"ENTREGARON VIVIENDAS SOCIALES EN SOTELO"},"content":{"rendered":"\n<p>\u00a0\u00a0El acto fue encabezado por el ministro de Desarrollo Social, Dr. \u00c1ngel Niccolai, acompa\u00f1ado del comisionado Municipal de Sotelo y titular de la Asociaci\u00f3n Civil \u201cCosta Dulce\u201d, Eladio\u00a0Ch\u00e1vez y el comisionado Municipal de Vinar\u00e1, Claudio Alderete.\u00a0\u00a0<\/p>\n\n\n\n<p>Las viviendas sociales fueron construidas por la Comisi\u00f3n Municipal de Sotelo y la Organizaci\u00f3n No Gubernamental \u201cCosta Dulce\u201d&nbsp;y benefician a familias de Tala Pozo, Sotelillo, Saladillo, Monte Rico, Isla de los Sotelo, Ca\u00f1ada de la Costa, Estancia Viejo, Puesto Retiro y Sotelo.&nbsp;&nbsp;<\/p>\n\n\n\n<p>Las palabras de bienvenida, estuvieron a cargo del Comisionado Municipal Eladio Ch\u00e1vez quien agradeci\u00f3 al Gobierno de la provincia por la permanente colaboraci\u00f3n y se comprometi\u00f3 a continuar construyendo m\u00e1s viviendas sociales para su comunidad.&nbsp;<\/p>\n\n\n\n<p>Para finalizar, el Dr. Niccolai, recalco: \u201cquiero agradecer a todos los que trabajaron en las viviendas, a las familias tambi\u00e9n por su colaboraci\u00f3n. Esto se entrega de forma gratuita, amuebladas, en el marco del programa que lanzo la ex Gobernadora, actual Presidenta del Senado de la Naci\u00f3n, Dra. Claudia de Zamora para que no quede ning\u00fan rancho y ninguna vivienda precaria en la provincia y as\u00ed terminar con un flagelo ancestral como el mal de Chagas\u201d y agreg\u00f3 \u201cya llevamos m\u00e1s de 25.000 casas construidas, es decir m\u00e1s de 120.000 familias que han cambiado su forma de vida, para que sea m\u00e1s adecuada, m\u00e1s sana. Adem\u00e1s, esto motoriza la econom\u00eda, el trabajo dentro de la zona y se construye con mano de obra local, con gente de la misma comunidad. Estamos contentos de estar aqu\u00ed, insto a seguir construyendo, trabajando para mejorar la calidad de vida del territorio santiague\u00f1o\u201d, concluy\u00f3 Niccolai.&nbsp;&nbsp;<\/p>\n","protected":false},"excerpt":{"rendered":"<p>En la localidad de Sotelo, departamento Rio Hondo, un total de diez beneficiarios recibieron sus viviendas sociales, enmarcado en el programa provincial que ayuda a las familias vulnerables del territorio santiague\u00f1o.<\/p>\n","protected":false},"author":2,"featured_media":37756,"comment_status":"open","ping_status":"open","sticky":false,"template":"","format":"standard","meta":{"om_disable_all_campaigns":false,"_monsterinsights_skip_tracking":false,"_monsterinsights_sitenote_active":false,"_monsterinsights_sitenote_note":"","_monsterinsights_sitenote_category":0,"_uf_show_specific_survey":0,"_uf_disable_surveys":false,"jetpack_post_was_ever_published":false,"_jetpack_newsletter_access":"","_jetpack_dont_email_post_to_subs":false,"_jetpack_newsletter_tier_id":0,"_jetpack_memberships_contains_paywalled_content":false,"_jetpack_memberships_contains_paid_content":false,"footnotes":"","jetpack_publicize_message":"","jetpack_publicize_feature_enabled":true,"jetpack_social_post_already_shared":false,"jetpack_social_options":{"image_generator_settings":{"template":"highway","default_image_id":0,"font":"","enabled":false},"version":2}},"categories":[21],"tags":[],"class_list":["post-37755","post","type-post","status-publish","format-standard","has-post-thumbnail","hentry","category-locales"],"aioseo_notices":[],"views":9,"jetpack_publicize_connections":[],"jetpack_featured_media_url":"https:\/\/i0.wp.com\/elterritorialweb.com.ar\/web\/wp-content\/uploads\/2022\/03\/sotelo.jpg?fit=1097%2C820&ssl=1","jetpack_sharing_enabled":true,"_links":{"self":[{"href":"https:\/\/elterritorialweb.com.ar\/web\/wp-json\/wp\/v2\/posts\/37755","targetHints":{"allow":["GET"]}}],"collection":[{"href":"https:\/\/elterritorialweb.com.ar\/web\/wp-json\/wp\/v2\/posts"}],"about":[{"href":"https:\/\/elterritorialweb.com.ar\/web\/wp-json\/wp\/v2\/types\/post"}],"author":[{"embeddable":true,"href":"https:\/\/elterritorialweb.com.ar\/web\/wp-json\/wp\/v2\/users\/2"}],"replies":[{"embeddable":true,"href":"https:\/\/elterritorialweb.com.ar\/web\/wp-json\/wp\/v2\/comments?post=37755"}],"version-history":[{"count":1,"href":"https:\/\/elterritorialweb.com.ar\/web\/wp-json\/wp\/v2\/posts\/37755\/revisions"}],"predecessor-version":[{"id":37757,"href":"https:\/\/elterritorialweb.com.ar\/web\/wp-json\/wp\/v2\/posts\/37755\/revisions\/37757"}],"wp:featuredmedia":[{"embeddable":true,"href":"https:\/\/elterritorialweb.com.ar\/web\/wp-json\/wp\/v2\/media\/37756"}],"wp:attachment":[{"href":"https:\/\/elterritorialweb.com.ar\/web\/wp-json\/wp\/v2\/media?parent=37755"}],"wp:term":[{"taxonomy":"category","embeddable":true,"href":"https:\/\/elterritorialweb.com.ar\/web\/wp-json\/wp\/v2\/categories?post=37755"},{"taxonomy":"post_tag","embeddable":true,"href":"https:\/\/elterritorialweb.com.ar\/web\/wp-json\/wp\/v2\/tags?post=37755"}],"curies":[{"name":"wp","href":"https:\/\/api.w.org\/{rel}","templated":true}]}}