{"id":37767,"date":"2022-03-30T03:06:14","date_gmt":"2022-03-30T03:06:14","guid":{"rendered":"http:\/\/elterritorialweb.com.ar\/web\/?p=37767"},"modified":"2022-03-30T03:06:15","modified_gmt":"2022-03-30T03:06:15","slug":"argentina-se-durmio-en-el-final-y-ecuador-le-empato-el-partido","status":"publish","type":"post","link":"https:\/\/elterritorialweb.com.ar\/web\/argentina-se-durmio-en-el-final-y-ecuador-le-empato-el-partido\/","title":{"rendered":"ARGENTINA SE DURMI\u00d3 EN EL FINAL Y ECUADOR LE EMPAT\u00d3 EL PARTIDO"},"content":{"rendered":"\n<p>El delantero y figura de River Plate Juli\u00e1n \u00c1lvarez abri\u00f3 el marcador y el atacante Enner Valencia, tras el rebote en el penal atajado por Ger\u00f3nimo Rulli, sell\u00f3 la igualdad en tiempo de descuento, en el partido correspondiente a la \u00faltima fecha de las Eliminatorias Sudamericanas que se jug\u00f3 en el Monumental de Guayaquil.<\/p>\n\n\n\n<p>Con este resultado, Argentina, que a\u00fan debe su compromiso ante el l\u00edder Brasil, lleg\u00f3 a los 39 puntos, mientras que Ecuador se qued\u00f3 con 26 y cerr\u00f3 el torneo en la cuarta posici\u00f3n.<\/p>\n\n\n\n<figure class=\"wp-block-image size-full is-resized\"><a href=\"https:\/\/i0.wp.com\/elterritorialweb.com.ar\/web\/wp-content\/uploads\/2022\/03\/ARGENTINA-ECUADOR-1.jpg\"><img data-recalc-dims=\"1\" decoding=\"async\" data-src=\"https:\/\/i0.wp.com\/elterritorialweb.com.ar\/web\/wp-content\/uploads\/2022\/03\/ARGENTINA-ECUADOR-1.jpg?resize=640%2C426\" alt=\"\" class=\"wp-image-37769 lazyload\" width=\"640\" height=\"426\" data-srcset=\"https:\/\/i0.wp.com\/elterritorialweb.com.ar\/web\/wp-content\/uploads\/2022\/03\/ARGENTINA-ECUADOR-1.jpg?w=680&amp;ssl=1 680w, https:\/\/i0.wp.com\/elterritorialweb.com.ar\/web\/wp-content\/uploads\/2022\/03\/ARGENTINA-ECUADOR-1.jpg?resize=300%2C200&amp;ssl=1 300w\" data-sizes=\"(max-width: 640px) 100vw, 640px\" src=\"data:image\/svg+xml;base64,PHN2ZyB3aWR0aD0iMSIgaGVpZ2h0PSIxIiB4bWxucz0iaHR0cDovL3d3dy53My5vcmcvMjAwMC9zdmciPjwvc3ZnPg==\" style=\"--smush-placeholder-width: 640px; --smush-placeholder-aspect-ratio: 640\/426;\" \/><\/a><\/figure>\n\n\n\n<p>El oficio y el buen momento del equipo de Scaloni, con el crack Lionel Messi a la cabeza, sac\u00f3 adelante un partido que en el inicio se present\u00f3 complejo porque Ecuador sac\u00f3 ventaja en la presi\u00f3n y la velocidad.<\/p>\n\n\n\n<p>El seleccionado \u00abTri\u00bb, dirigido por Gustavo Alfaro, quiso llevarse por delante al \u00faltimo campe\u00f3n de Am\u00e9rica con el agregado del apoyo de su gente que agot\u00f3 las entradas en el Monumental de Guayaquil, con la tranquilidad de haber obtenido el pasaje a Qatar 2022 en la jornada previa.<\/p>\n\n\n\n<figure class=\"wp-block-image size-full is-resized\"><a href=\"https:\/\/i0.wp.com\/elterritorialweb.com.ar\/web\/wp-content\/uploads\/2022\/03\/ARGENTINA-ECUADOR-3.jpg\"><img data-recalc-dims=\"1\" decoding=\"async\" data-src=\"https:\/\/i0.wp.com\/elterritorialweb.com.ar\/web\/wp-content\/uploads\/2022\/03\/ARGENTINA-ECUADOR-3.jpg?resize=640%2C429\" alt=\"\" class=\"wp-image-37770 lazyload\" width=\"640\" height=\"429\" data-srcset=\"https:\/\/i0.wp.com\/elterritorialweb.com.ar\/web\/wp-content\/uploads\/2022\/03\/ARGENTINA-ECUADOR-3.jpg?w=680&amp;ssl=1 680w, https:\/\/i0.wp.com\/elterritorialweb.com.ar\/web\/wp-content\/uploads\/2022\/03\/ARGENTINA-ECUADOR-3.jpg?resize=300%2C201&amp;ssl=1 300w\" data-sizes=\"(max-width: 640px) 100vw, 640px\" src=\"data:image\/svg+xml;base64,PHN2ZyB3aWR0aD0iMSIgaGVpZ2h0PSIxIiB4bWxucz0iaHR0cDovL3d3dy53My5vcmcvMjAwMC9zdmciPjwvc3ZnPg==\" style=\"--smush-placeholder-width: 640px; --smush-placeholder-aspect-ratio: 640\/429;\" \/><\/a><\/figure>\n\n\n\n<p>Renato Ibarra y Michael Estrada fueron protagonistas de la avanzada ecuatoriana, mientras una Argentina de modificaciones varias intent\u00f3 hacer pie.<\/p>\n\n\n\n<p>Gonzalo Montiel y Lucas Mart\u00ednez Quarta sufrieron m\u00e1s de lo debido en esos avances que encontraron bien parados a Nicol\u00e1s Otamendi y Nicol\u00e1s Tagliafico, los defensores argentinos m\u00e1s destacados.<\/p>\n\n\n\n<p>Argentina entendi\u00f3 que deb\u00eda jugar en corto para desactivar la velocidad local. Messi, muy ovacionado en Guayaquil, se junt\u00f3 con Rodrigo De Paul, quien mejor\u00f3 la precisi\u00f3n, y de a poco sacaron al campe\u00f3n de Am\u00e9rica del asedio ecuatoriano.<\/p>\n\n\n\n<figure class=\"wp-block-image size-full is-resized\"><a href=\"https:\/\/i0.wp.com\/elterritorialweb.com.ar\/web\/wp-content\/uploads\/2022\/03\/ARGENTINA-ECUADOR-2.jpg\"><img data-recalc-dims=\"1\" decoding=\"async\" data-src=\"https:\/\/i0.wp.com\/elterritorialweb.com.ar\/web\/wp-content\/uploads\/2022\/03\/ARGENTINA-ECUADOR-2.jpg?resize=640%2C436\" alt=\"\" class=\"wp-image-37771 lazyload\" width=\"640\" height=\"436\" data-srcset=\"https:\/\/i0.wp.com\/elterritorialweb.com.ar\/web\/wp-content\/uploads\/2022\/03\/ARGENTINA-ECUADOR-2.jpg?w=680&amp;ssl=1 680w, https:\/\/i0.wp.com\/elterritorialweb.com.ar\/web\/wp-content\/uploads\/2022\/03\/ARGENTINA-ECUADOR-2.jpg?resize=300%2C204&amp;ssl=1 300w\" data-sizes=\"(max-width: 640px) 100vw, 640px\" src=\"data:image\/svg+xml;base64,PHN2ZyB3aWR0aD0iMSIgaGVpZ2h0PSIxIiB4bWxucz0iaHR0cDovL3d3dy53My5vcmcvMjAwMC9zdmciPjwvc3ZnPg==\" style=\"--smush-placeholder-width: 640px; --smush-placeholder-aspect-ratio: 640\/436;\" \/><\/a><\/figure>\n\n\n\n<p>Alexis MacAllister, de buen partido, y Nicol\u00e1s Gonz\u00e1lez colaboraron en ese funcionamiento junto con el toque de primera de Leandro Paredes. As\u00ed se construy\u00f3 el gol de \u00c1lvarez, el \u00abchico de moda\u00bb, seg\u00fan Scaloni, a quien no le pes\u00f3 la situaci\u00f3n para marcar su primer gol en el seleccionado mayor, en su debut como titular.<\/p>\n\n\n\n<p>El gol de la estrella de River paraliz\u00f3 a Ecuador y Argentina estuvo cerca del segundo con un cabezazo de Otamendi, tras el centro largo y preciso de De Paul.<\/p>\n\n\n\n<p>La temperatura era elevada en la noche de Guayaquil, sumada a un alto grado de humedad. El desgaste de un primer tiempo intenso gener\u00f3 un ca\u00edda en el rendimiento de ambos y casi no se produjeron situaciones.<\/p>\n\n\n\n<figure class=\"wp-block-image size-large\"><a href=\"https:\/\/i0.wp.com\/elterritorialweb.com.ar\/web\/wp-content\/uploads\/2022\/03\/ARGENTINA-ECUADOR-4.jpg\"><img data-recalc-dims=\"1\" decoding=\"async\" width=\"640\" height=\"614\" data-src=\"https:\/\/i0.wp.com\/elterritorialweb.com.ar\/web\/wp-content\/uploads\/2022\/03\/ARGENTINA-ECUADOR-4.jpg?resize=640%2C614\" alt=\"\" class=\"wp-image-37772 lazyload\" data-srcset=\"https:\/\/i0.wp.com\/elterritorialweb.com.ar\/web\/wp-content\/uploads\/2022\/03\/ARGENTINA-ECUADOR-4.jpg?resize=1024%2C983&amp;ssl=1 1024w, https:\/\/i0.wp.com\/elterritorialweb.com.ar\/web\/wp-content\/uploads\/2022\/03\/ARGENTINA-ECUADOR-4.jpg?resize=300%2C288&amp;ssl=1 300w, https:\/\/i0.wp.com\/elterritorialweb.com.ar\/web\/wp-content\/uploads\/2022\/03\/ARGENTINA-ECUADOR-4.jpg?resize=768%2C737&amp;ssl=1 768w, https:\/\/i0.wp.com\/elterritorialweb.com.ar\/web\/wp-content\/uploads\/2022\/03\/ARGENTINA-ECUADOR-4.jpg?w=1300&amp;ssl=1 1300w\" data-sizes=\"(max-width: 640px) 100vw, 640px\" src=\"data:image\/svg+xml;base64,PHN2ZyB3aWR0aD0iMSIgaGVpZ2h0PSIxIiB4bWxucz0iaHR0cDovL3d3dy53My5vcmcvMjAwMC9zdmciPjwvc3ZnPg==\" style=\"--smush-placeholder-width: 640px; --smush-placeholder-aspect-ratio: 640\/614;\" \/><\/a><\/figure>\n\n\n\n<p>Scaloni aprovech\u00f3 el momento para observar en cancha a m\u00e1s jugadores como Juan Foyth, Guido Rodr\u00edguez, \u00c1ngel Correa y Lucas Ocampos.<\/p>\n\n\n\n<p>Cuando el partido se apagaba, un remate de cabeza de \u00c1ngel Mena dio en la mano de Tagliafico y el \u00e1rbitro Claus, a instancias del VAR, cobr\u00f3 penal. Rulli tap\u00f3 el defectuoso remate de Valencia, pero el rebote qued\u00f3 en los pies del delantero ecuatoriano, quien no fall\u00f3 en la segunda chance.<\/p>\n\n\n\n<p>A la espera del cl\u00e1sico suspendido con Brasil y el choque amistoso ante Italia en junio pr\u00f3ximo, a Scaloni s\u00f3lo le quedar\u00e1 definir la lista de convocados para Qatar 2022. Es posible que haya definido esos pocos lugares en la calurosa noche ecuatoriana.<\/p>\n","protected":false},"excerpt":{"rendered":"<p>Argentina ten\u00eda controlado el partido, pero sufri\u00f3 el empate 1-1 con Ecuador en el final, con intervenci\u00f3n del VAR, aunque estir\u00f3 su invicto a 31 partidos bajo la gesti\u00f3n de Lionel Scaloni y alcanz\u00f3 el r\u00e9cord hist\u00f3rico del seleccionado de Alfio Basile.<\/p>\n","protected":false},"author":2,"featured_media":37768,"comment_status":"open","ping_status":"open","sticky":false,"template":"","format":"standard","meta":{"om_disable_all_campaigns":false,"_monsterinsights_skip_tracking":false,"_monsterinsights_sitenote_active":false,"_monsterinsights_sitenote_note":"","_monsterinsights_sitenote_category":0,"_uf_show_specific_survey":0,"_uf_disable_surveys":false,"jetpack_post_was_ever_published":false,"_jetpack_newsletter_access":"","_jetpack_dont_email_post_to_subs":false,"_jetpack_newsletter_tier_id":0,"_jetpack_memberships_contains_paywalled_content":false,"_jetpack_memberships_contains_paid_content":false,"footnotes":"","jetpack_publicize_message":"","jetpack_publicize_feature_enabled":true,"jetpack_social_post_already_shared":false,"jetpack_social_options":{"image_generator_settings":{"template":"highway","default_image_id":0,"font":"","enabled":false},"version":2}},"categories":[6],"tags":[],"class_list":["post-37767","post","type-post","status-publish","format-standard","has-post-thumbnail","hentry","category-deportes"],"aioseo_notices":[],"views":8,"jetpack_publicize_connections":[],"jetpack_featured_media_url":"https:\/\/i0.wp.com\/elterritorialweb.com.ar\/web\/wp-content\/uploads\/2022\/03\/ARGENTINA-ECUADOR.jpg?fit=1023%2C682&ssl=1","jetpack_sharing_enabled":true,"_links":{"self":[{"href":"https:\/\/elterritorialweb.com.ar\/web\/wp-json\/wp\/v2\/posts\/37767","targetHints":{"allow":["GET"]}}],"collection":[{"href":"https:\/\/elterritorialweb.com.ar\/web\/wp-json\/wp\/v2\/posts"}],"about":[{"href":"https:\/\/elterritorialweb.com.ar\/web\/wp-json\/wp\/v2\/types\/post"}],"author":[{"embeddable":true,"href":"https:\/\/elterritorialweb.com.ar\/web\/wp-json\/wp\/v2\/users\/2"}],"replies":[{"embeddable":true,"href":"https:\/\/elterritorialweb.com.ar\/web\/wp-json\/wp\/v2\/comments?post=37767"}],"version-history":[{"count":1,"href":"https:\/\/elterritorialweb.com.ar\/web\/wp-json\/wp\/v2\/posts\/37767\/revisions"}],"predecessor-version":[{"id":37773,"href":"https:\/\/elterritorialweb.com.ar\/web\/wp-json\/wp\/v2\/posts\/37767\/revisions\/37773"}],"wp:featuredmedia":[{"embeddable":true,"href":"https:\/\/elterritorialweb.com.ar\/web\/wp-json\/wp\/v2\/media\/37768"}],"wp:attachment":[{"href":"https:\/\/elterritorialweb.com.ar\/web\/wp-json\/wp\/v2\/media?parent=37767"}],"wp:term":[{"taxonomy":"category","embeddable":true,"href":"https:\/\/elterritorialweb.com.ar\/web\/wp-json\/wp\/v2\/categories?post=37767"},{"taxonomy":"post_tag","embeddable":true,"href":"https:\/\/elterritorialweb.com.ar\/web\/wp-json\/wp\/v2\/tags?post=37767"}],"curies":[{"name":"wp","href":"https:\/\/api.w.org\/{rel}","templated":true}]}}