{"id":37774,"date":"2022-03-30T04:53:08","date_gmt":"2022-03-30T04:53:08","guid":{"rendered":"http:\/\/elterritorialweb.com.ar\/web\/?p=37774"},"modified":"2022-03-30T04:53:11","modified_gmt":"2022-03-30T04:53:11","slug":"nediani-entrego-insumos-de-marroquineria-a-una-vecina-bandena","status":"publish","type":"post","link":"https:\/\/elterritorialweb.com.ar\/web\/nediani-entrego-insumos-de-marroquineria-a-una-vecina-bandena\/","title":{"rendered":"NEDIANI ENTREG\u00d3 INSUMOS DE MARROQUINER\u00cdA A UNA VECINA BANDE\u00d1A"},"content":{"rendered":"\n<p>En la oportunidad, el mandatario entreg\u00f3 insumos como hilos, pegamentos especiales para cuero, diferentes clases de telas entre cuerina, eco cuero, chenil, entre otros, a Nora Liz Santill\u00e1n, de 52 a\u00f1os, quien se dedica a la confecci\u00f3n de carteras, mochilas, ri\u00f1oneras, barbijos, y todo lo relacionado con el rubro de la marroquiner\u00eda, donde los interesados en adquirir sus producciones, pueden contactarla al 3854861852.<br>En este sentido, el jefe comunal hizo referencia a la importancia de la continuidad y permanencia de este programa, y agreg\u00f3: \u00abEstamos convencidos en que la educaci\u00f3n y la generaci\u00f3n de empleo, son fundamentales para el crecimiento de la ciudad, por lo que este tipo de programas y entregas vamos a continuar haci\u00e9ndolas, porque queremos que m\u00e1s emprendedores de La Banda, tengan su propio negocio para su progreso y crecimiento\u00bb.<br>Por su parte, la beneficiaria entre emociones, agradeci\u00f3 la ayuda y dijo: \u00abEsto significa mucho para m\u00ed, y es muy importante, ya que por mi edad no logro conseguir trabajo, por lo que en la pandemia comenc\u00e9 a confeccionar barbijos, y luego de un gran \u00e9xito, incursion\u00e9 en el rubro de la marroquiner\u00eda\u00bb.<br>Adem\u00e1s, Nora hizo hincapi\u00e9 en la importancia del apoyo que brinda el municipio a los emprendedores, no solo con las ferias de artesanos, sino tambi\u00e9n en los nuevos cursos que comenzaron a dictar desde la Oficina de Emprendedores, los cuales asesoran sobre el manejo de redes y ventas.<\/p>\n","protected":false},"excerpt":{"rendered":"<p>En la ma\u00f1ana del martes, el intendente te la ciudad de la Banda, Roger Nediani realiz\u00f3 la entrega insumos, los cuales le servir\u00e1n para impulsar el negocio de una vecina del barrio Constituci\u00f3n de la ciudad, a trav\u00e9s de la Oficina de Microemprendimientos.<\/p>\n","protected":false},"author":2,"featured_media":37775,"comment_status":"open","ping_status":"open","sticky":false,"template":"","format":"standard","meta":{"om_disable_all_campaigns":false,"_monsterinsights_skip_tracking":false,"_monsterinsights_sitenote_active":false,"_monsterinsights_sitenote_note":"","_monsterinsights_sitenote_category":0,"_uf_show_specific_survey":0,"_uf_disable_surveys":false,"jetpack_post_was_ever_published":false,"_jetpack_newsletter_access":"","_jetpack_dont_email_post_to_subs":false,"_jetpack_newsletter_tier_id":0,"_jetpack_memberships_contains_paywalled_content":false,"_jetpack_memberships_contains_paid_content":false,"footnotes":"","jetpack_publicize_message":"","jetpack_publicize_feature_enabled":true,"jetpack_social_post_already_shared":false,"jetpack_social_options":{"image_generator_settings":{"template":"highway","default_image_id":0,"font":"","enabled":false},"version":2}},"categories":[21],"tags":[],"class_list":["post-37774","post","type-post","status-publish","format-standard","has-post-thumbnail","hentry","category-locales"],"aioseo_notices":[],"views":12,"jetpack_publicize_connections":[],"jetpack_featured_media_url":"https:\/\/i0.wp.com\/elterritorialweb.com.ar\/web\/wp-content\/uploads\/2022\/03\/IMG-20220329-WA0010.jpg?fit=1087%2C718&ssl=1","jetpack_sharing_enabled":true,"_links":{"self":[{"href":"https:\/\/elterritorialweb.com.ar\/web\/wp-json\/wp\/v2\/posts\/37774","targetHints":{"allow":["GET"]}}],"collection":[{"href":"https:\/\/elterritorialweb.com.ar\/web\/wp-json\/wp\/v2\/posts"}],"about":[{"href":"https:\/\/elterritorialweb.com.ar\/web\/wp-json\/wp\/v2\/types\/post"}],"author":[{"embeddable":true,"href":"https:\/\/elterritorialweb.com.ar\/web\/wp-json\/wp\/v2\/users\/2"}],"replies":[{"embeddable":true,"href":"https:\/\/elterritorialweb.com.ar\/web\/wp-json\/wp\/v2\/comments?post=37774"}],"version-history":[{"count":1,"href":"https:\/\/elterritorialweb.com.ar\/web\/wp-json\/wp\/v2\/posts\/37774\/revisions"}],"predecessor-version":[{"id":37776,"href":"https:\/\/elterritorialweb.com.ar\/web\/wp-json\/wp\/v2\/posts\/37774\/revisions\/37776"}],"wp:featuredmedia":[{"embeddable":true,"href":"https:\/\/elterritorialweb.com.ar\/web\/wp-json\/wp\/v2\/media\/37775"}],"wp:attachment":[{"href":"https:\/\/elterritorialweb.com.ar\/web\/wp-json\/wp\/v2\/media?parent=37774"}],"wp:term":[{"taxonomy":"category","embeddable":true,"href":"https:\/\/elterritorialweb.com.ar\/web\/wp-json\/wp\/v2\/categories?post=37774"},{"taxonomy":"post_tag","embeddable":true,"href":"https:\/\/elterritorialweb.com.ar\/web\/wp-json\/wp\/v2\/tags?post=37774"}],"curies":[{"name":"wp","href":"https:\/\/api.w.org\/{rel}","templated":true}]}}