{"id":37794,"date":"2022-03-30T18:47:32","date_gmt":"2022-03-30T18:47:32","guid":{"rendered":"http:\/\/elterritorialweb.com.ar\/web\/?p=37794"},"modified":"2022-03-30T18:47:33","modified_gmt":"2022-03-30T18:47:33","slug":"alberto-fernandez-aseguro-que-la-desigualdad-es-una-de-las-causas-de-la-inseguridad","status":"publish","type":"post","link":"https:\/\/elterritorialweb.com.ar\/web\/alberto-fernandez-aseguro-que-la-desigualdad-es-una-de-las-causas-de-la-inseguridad\/","title":{"rendered":"ALBERTO FERN\u00c1NDEZ ASEGUR\u00d3 QUE LA DESIGUALDAD \u00abES UNA DE LAS CAUSAS DE LA INSEGURIDAD\u00bb"},"content":{"rendered":"\n<p>El presidente Alberto Fern\u00e1ndez encabez\u00f3 este mi\u00e9rcoles la apertura del Consejo Federal de Seguridad, espacio en el que pidi\u00f3 a las autoridades congregadas \u201cser innovadoras\u201d en el combate con el delito y les se\u00f1al\u00f3 que \u201cno hay que solidarizarse con las v\u00edctimas, hay que evitar que haya v\u00edctimas\u201d por el accionar de los delincuentes.<\/p>\n\n\n\n<p>Durante su alocuci\u00f3n, el jefe de Estado hizo referencia al combate de los delitos federales pero tambi\u00e9n hizo menci\u00f3n especial a los que suceden d\u00eda a d\u00eda en las calles y que \u201cle quitan tranquilidad a la gente\u201d.<\/p>\n\n\n\n<p>\u201cHay un crimen permanente en las calles que no es tan menor, que se cobra vidas y que le quita tranquilidad a la gente. Tenemos que prestarle atenci\u00f3n\u201d, pidi\u00f3 Fern\u00e1ndez en el encuentro que se celebr\u00f3 en el Centro Cultural Kirchner de Buenos Aires y que re\u00fane desde hoy y hasta ma\u00f1ana a las autoridades federales y provinciales en materia de seguridad.<\/p>\n\n\n\n<p>Ante un auditorio colmado, el Presidente traz\u00f3 un an\u00e1lisis sobre una de las problem\u00e1ticas que, junto a la inflaci\u00f3n, est\u00e1n a la cabeza de las preocupaciones de la Casa Rosada en la actualidad.<\/p>\n\n\n\n<p>\u201cEl delito es un problema que tiene distintas causalidades. Una de ellas es la desigualdad. En las sociedades m\u00e1s igualitarias, la incidencia del delito es menor. Est\u00e1 corroborado\u201d, enfatiz\u00f3 el jefe de Estado. Y en ese sentido, reclam\u00f3 \u201cenfocar a la ra\u00edz\u201d del problema y no en \u201csoluciones que atacan los resultados pero no las causas\u201d.<\/p>\n\n\n\n<p>Para el mandatario, el \u201cataque de las causas\u201d de la criminalidad constituye un \u201cfactor central\u201d, pero tambi\u00e9n subray\u00f3 que \u201cla seguridad es un derecho humano\u201d y que el Estado \u201cdebe garantizar\u201d a los ciudadanos \u201cel derecho a no sentir miedo\u201d ante los hechos delictivos y de inseguridad.<\/p>\n\n\n\n<p>\u201cLa criminolog\u00eda ha verificado que, con el correr del tiempo, el delito se perfecciona. Se convierten en una actividad en la cual alguien manda y alguien obedece y que, adem\u00e1s, corrompe. El crimen organizado tiene esa penosa capacidad de corromper a las estructuras del Estado y a sus funcionarios\u201d, afirm\u00f3 el Presidente y cit\u00f3 al respecto la situaci\u00f3n que se vive en Rosario con las distintas bandas de narcotraficantes que operan en esa ciudad santafesina.<\/p>\n\n\n\n<p>En ese sentido, la participaci\u00f3n de los mandatarios provinciales en este Consejo se explic\u00f3, en parte, por la reuni\u00f3n programada en Casa Rosada para analizar el destino de los fondos que durante el gobierno de Mauricio Macri se entregaron a la Ciudad de Buenos Aires y que la administraci\u00f3n de Fern\u00e1ndez ya redirigi\u00f3 hacia la Provincia de Buenos Aires para la creaci\u00f3n de un fondo para el combate a la inseguridad en otros distritos.<\/p>\n\n\n\n<p>Sobre el narcotr\u00e1fico, el jefe de Estado evalu\u00f3 que se trata de un desaf\u00edo importante, con caracter\u00edsticas transnacionales y pidi\u00f3 ser \u201cinnovadores\u201d en su combate, ya que el modelo seguido en Colombia y M\u00e9xico \u201cya no es recomendable por el mundo\u201d.<\/p>\n\n\n\n<p>Tambi\u00e9n realiz\u00f3 un llamado a la Justicia para que \u201cse revise\u201d y sea \u201ccorresponsable\u201d en el accionar contra la inseguridad: \u201cSi no act\u00faa como tiene que actuar, el delincuente se siente m\u00e1s liberado y la sociedad sufre mucho m\u00e1s\u201d, afirm\u00f3.<\/p>\n","protected":false},"excerpt":{"rendered":"<p>El Presidente advirti\u00f3 adem\u00e1s que \u201cel delito se perfecciona con organizaciones il\u00edcitas con capacidad de corromper a funcionarios y estructuras del Estado\u201d. Fue al encabezar una reuni\u00f3n en el CCK, con la presencia de gobernadores, donde tambi\u00e9n destac\u00f3 que la seguridad \u201ces un derecho humano\u201d.<\/p>\n","protected":false},"author":2,"featured_media":37797,"comment_status":"open","ping_status":"open","sticky":false,"template":"","format":"standard","meta":{"om_disable_all_campaigns":false,"_monsterinsights_skip_tracking":false,"_monsterinsights_sitenote_active":false,"_monsterinsights_sitenote_note":"","_monsterinsights_sitenote_category":0,"_uf_show_specific_survey":0,"_uf_disable_surveys":false,"jetpack_post_was_ever_published":false,"_jetpack_newsletter_access":"","_jetpack_dont_email_post_to_subs":false,"_jetpack_newsletter_tier_id":0,"_jetpack_memberships_contains_paywalled_content":false,"_jetpack_memberships_contains_paid_content":false,"footnotes":"","jetpack_publicize_message":"","jetpack_publicize_feature_enabled":true,"jetpack_social_post_already_shared":false,"jetpack_social_options":{"image_generator_settings":{"template":"highway","default_image_id":0,"font":"","enabled":false},"version":2}},"categories":[18],"tags":[],"class_list":["post-37794","post","type-post","status-publish","format-standard","has-post-thumbnail","hentry","category-politica"],"aioseo_notices":[],"views":11,"jetpack_publicize_connections":[],"jetpack_featured_media_url":"https:\/\/i0.wp.com\/elterritorialweb.com.ar\/web\/wp-content\/uploads\/2022\/03\/Screenshot_20220330-1546392.png?fit=1261%2C639&ssl=1","jetpack_sharing_enabled":true,"_links":{"self":[{"href":"https:\/\/elterritorialweb.com.ar\/web\/wp-json\/wp\/v2\/posts\/37794","targetHints":{"allow":["GET"]}}],"collection":[{"href":"https:\/\/elterritorialweb.com.ar\/web\/wp-json\/wp\/v2\/posts"}],"about":[{"href":"https:\/\/elterritorialweb.com.ar\/web\/wp-json\/wp\/v2\/types\/post"}],"author":[{"embeddable":true,"href":"https:\/\/elterritorialweb.com.ar\/web\/wp-json\/wp\/v2\/users\/2"}],"replies":[{"embeddable":true,"href":"https:\/\/elterritorialweb.com.ar\/web\/wp-json\/wp\/v2\/comments?post=37794"}],"version-history":[{"count":1,"href":"https:\/\/elterritorialweb.com.ar\/web\/wp-json\/wp\/v2\/posts\/37794\/revisions"}],"predecessor-version":[{"id":37798,"href":"https:\/\/elterritorialweb.com.ar\/web\/wp-json\/wp\/v2\/posts\/37794\/revisions\/37798"}],"wp:featuredmedia":[{"embeddable":true,"href":"https:\/\/elterritorialweb.com.ar\/web\/wp-json\/wp\/v2\/media\/37797"}],"wp:attachment":[{"href":"https:\/\/elterritorialweb.com.ar\/web\/wp-json\/wp\/v2\/media?parent=37794"}],"wp:term":[{"taxonomy":"category","embeddable":true,"href":"https:\/\/elterritorialweb.com.ar\/web\/wp-json\/wp\/v2\/categories?post=37794"},{"taxonomy":"post_tag","embeddable":true,"href":"https:\/\/elterritorialweb.com.ar\/web\/wp-json\/wp\/v2\/tags?post=37794"}],"curies":[{"name":"wp","href":"https:\/\/api.w.org\/{rel}","templated":true}]}}