{"id":37803,"date":"2022-03-30T19:48:39","date_gmt":"2022-03-30T19:48:39","guid":{"rendered":"http:\/\/elterritorialweb.com.ar\/web\/?p=37803"},"modified":"2022-03-30T19:48:39","modified_gmt":"2022-03-30T19:48:39","slug":"iberia-confirmo-que-recuperara-frecuencias-de-la-prepandemia-en-julio","status":"publish","type":"post","link":"https:\/\/elterritorialweb.com.ar\/web\/iberia-confirmo-que-recuperara-frecuencias-de-la-prepandemia-en-julio\/","title":{"rendered":"IBERIA CONFIRM\u00d3 QUE RECUPERAR\u00c1 FRECUENCIAS DE LA PREPANDEMIA EN JULIO"},"content":{"rendered":"\n<p>La confirmaci\u00f3n se dio a conocer luego de la reuni\u00f3n que mantuvo el Secretario Ejecutivo del INPROTUR,\u00a0<strong>Ricardo Sosa<\/strong>, con el Director de Ventas para Am\u00e9rica Latina de Iberia,\u00a0<strong>V\u00edctor Moreno<\/strong>, y la Manager de Acuerdos Institucionales de esa aerol\u00ednea,\u00a0<strong>Isabel Orozco<\/strong>, quienes llegaron desde Madrid a Buenos Aires para mantener esta reuni\u00f3n.\u00a0<br>\u00a0<br>Durante el encuentro, Sosa dialog\u00f3 con los representantes de la aerol\u00ednea trazando un an\u00e1lisis del progreso en la recuperaci\u00f3n de frecuencias desde la reapertura de fronteras desde noviembre de 2021 y como una continuidad de la reuni\u00f3n que mantuvieron en Espa\u00f1a en enero pasado, durante la Feria Internacional de Turismo (Fitur) en Madrid.\u00a0<br>\u00a0<br>En ese contexto, Moreno resalt\u00f3 el compromiso de la aerol\u00ednea para incrementar el porcentaje de ocupaci\u00f3n de extranjeros en los\u00a0<strong>vuelos Madrid-Buenos Aires<\/strong>\u00a0y explic\u00f3 que se suman diferentes ciudades que generar\u00e1n tr\u00e1fico de turistas hacia Buenos Aires mediante su hub en Madrid.<em>\u00a0\u201cTenemos una fuerte presencia en diferentes ciudades de Europa, como Roma, Mil\u00e1n, Florencia, N\u00e1poles, Zurich, Ginebra, Hamburgo, Franckfurt, Berl\u00edn, Munich, Dusseldorf, Amsterdam, Lyon, Marsella, Niza, Burdeos, Toulouse, adem\u00e1s de toda el \u00e1rea Schengen, desde estos destinos generamos una movilizaci\u00f3n de pasajeros que van a Madrid y desde all\u00ed mediante conexi\u00f3n hacia Argentina\u201d<\/em>, a\u00f1adi\u00f3 Moreno.\u00a0<br>\u00a0<br>Por su parte Sosa se\u00f1al\u00f3 que\u00a0<em>\u201cesta reuni\u00f3n es la continuidad de las gestiones realizadas en enero en Madrid y la recuperaci\u00f3n de frecuencias ya es una realidad que se enmarca en este proceso de reactivaci\u00f3n del turismo internacional. Las 14 frecuencias que tendremos desde julio muestran la recuperaci\u00f3n de un 100% de frecuencias si comparamos julio de 2019 y nuestro pr\u00f3ximo objetivo apunta a que Iberia llegue a las 18 frecuencias semanales a partir de enero de 2023\u201d<\/em>.<br>\u00a0<br>Especific\u00f3 que en la prepandemia\u00a0<em>\u201cEspa\u00f1a es el principal emisor de turistas hacia Argentina de Europa, pero adem\u00e1s es el segundo mercado que reaccion\u00f3 m\u00e1s r\u00e1pido desde la reapertura de fronteras en noviembre pasado, junto al equipo del Inprotur y bajo los linamientos del Ministro, Mat\u00edas Lammens, vamos a seguir trabajando en este proceso de recuperaci\u00f3n del turismo internacional y la decisi\u00f3n de Iberia de recuperar m\u00e1s frecuencias es un s\u00edmbolo de esta labor\u201d<\/em>.\u00a0<\/p>\n","protected":false},"excerpt":{"rendered":"<p>La aerol\u00ednea espa\u00f1ola Iberia confirm\u00f3 que recuperar\u00e1 las 14 frecuencias semanales que ten\u00eda en la prepandemia a partir del pr\u00f3ximo mes de julio, generando un incremento en sus vuelos durante el presente a\u00f1o e igualando en cantidad al mismo mes de 2019.<\/p>\n","protected":false},"author":2,"featured_media":37804,"comment_status":"open","ping_status":"open","sticky":false,"template":"","format":"standard","meta":{"om_disable_all_campaigns":false,"_monsterinsights_skip_tracking":false,"_monsterinsights_sitenote_active":false,"_monsterinsights_sitenote_note":"","_monsterinsights_sitenote_category":0,"_uf_show_specific_survey":0,"_uf_disable_surveys":false,"jetpack_post_was_ever_published":false,"_jetpack_newsletter_access":"","_jetpack_dont_email_post_to_subs":false,"_jetpack_newsletter_tier_id":0,"_jetpack_memberships_contains_paywalled_content":false,"_jetpack_memberships_contains_paid_content":false,"footnotes":"","jetpack_publicize_message":"","jetpack_publicize_feature_enabled":true,"jetpack_social_post_already_shared":false,"jetpack_social_options":{"image_generator_settings":{"template":"highway","default_image_id":0,"font":"","enabled":false},"version":2}},"categories":[29],"tags":[],"class_list":["post-37803","post","type-post","status-publish","format-standard","has-post-thumbnail","hentry","category-turismo"],"aioseo_notices":[],"views":9,"jetpack_publicize_connections":[],"jetpack_featured_media_url":"https:\/\/i0.wp.com\/elterritorialweb.com.ar\/web\/wp-content\/uploads\/2022\/03\/IMPROTUR-IBERA-scaled.jpg?fit=2560%2C1545&ssl=1","jetpack_sharing_enabled":true,"_links":{"self":[{"href":"https:\/\/elterritorialweb.com.ar\/web\/wp-json\/wp\/v2\/posts\/37803","targetHints":{"allow":["GET"]}}],"collection":[{"href":"https:\/\/elterritorialweb.com.ar\/web\/wp-json\/wp\/v2\/posts"}],"about":[{"href":"https:\/\/elterritorialweb.com.ar\/web\/wp-json\/wp\/v2\/types\/post"}],"author":[{"embeddable":true,"href":"https:\/\/elterritorialweb.com.ar\/web\/wp-json\/wp\/v2\/users\/2"}],"replies":[{"embeddable":true,"href":"https:\/\/elterritorialweb.com.ar\/web\/wp-json\/wp\/v2\/comments?post=37803"}],"version-history":[{"count":1,"href":"https:\/\/elterritorialweb.com.ar\/web\/wp-json\/wp\/v2\/posts\/37803\/revisions"}],"predecessor-version":[{"id":37805,"href":"https:\/\/elterritorialweb.com.ar\/web\/wp-json\/wp\/v2\/posts\/37803\/revisions\/37805"}],"wp:featuredmedia":[{"embeddable":true,"href":"https:\/\/elterritorialweb.com.ar\/web\/wp-json\/wp\/v2\/media\/37804"}],"wp:attachment":[{"href":"https:\/\/elterritorialweb.com.ar\/web\/wp-json\/wp\/v2\/media?parent=37803"}],"wp:term":[{"taxonomy":"category","embeddable":true,"href":"https:\/\/elterritorialweb.com.ar\/web\/wp-json\/wp\/v2\/categories?post=37803"},{"taxonomy":"post_tag","embeddable":true,"href":"https:\/\/elterritorialweb.com.ar\/web\/wp-json\/wp\/v2\/tags?post=37803"}],"curies":[{"name":"wp","href":"https:\/\/api.w.org\/{rel}","templated":true}]}}