{"id":37812,"date":"2022-03-30T22:28:41","date_gmt":"2022-03-30T22:28:41","guid":{"rendered":"http:\/\/elterritorialweb.com.ar\/web\/?p=37812"},"modified":"2022-03-30T22:28:41","modified_gmt":"2022-03-30T22:28:41","slug":"amplio-apoyo-de-las-mujeres-renovadoras-al-intendente-roger-nediani-en-la-banda","status":"publish","type":"post","link":"https:\/\/elterritorialweb.com.ar\/web\/amplio-apoyo-de-las-mujeres-renovadoras-al-intendente-roger-nediani-en-la-banda\/","title":{"rendered":"AMPLIO APOYO DE LAS MUJERES RENOVADORAS AL INTENDENTE ROGER NEDIANI EN LA BANDA"},"content":{"rendered":"\n<p>La reuni\u00f3n se realiz\u00f3 en el domicilio del barrio Constituci\u00f3n de Karina Belizan y fue encabezada por Valeria Chazarreta, Florencia Ledesma, Claudia Acu\u00f1a, Mariana Morales y dem\u00e1s referentes pol\u00edticas de los barrios de la \u201cCuna de Poetas y Cantores\u201d.<br>En la oportunidad, el jefe comunal bande\u00f1o dijo que, \u201cMuy agradecido a todas las mujeres renovadoras del espacio pol\u00edtico del Frente Renovador, muy agradecido por todo el apoyo que he tenido; una multitudinaria reuni\u00f3n de mujeres, mujeres valientes, mujeres trabajadoras, mujeres responsables y comprometidas con el espacio y con el vecino de la ciudad La Banda. Hace mucho tiempo que vienen trabajando con nosotros y la verdad que cada vez ver rebozado este compromiso, me halaga, me honra y me llena tambi\u00e9n de mayor responsabilidad porque el hecho de sentir tanto apoyo, me carga de mayor responsabilidad\u201d.<br>Y agreg\u00f3: \u201cMuy contento, no tengo dudas que vamos a seguir trabajando juntos, vamos a seguir Buscando las mejores obras y los mejores servicios para los vecinos de la ciudad de La Banda y con las mujeres que tenemos; estas mujeres valientes que han demostrado ir al frente en cada una de las acciones que llevamos desde el municipio, no tengo ninguna duda, que vamos a ganar las pr\u00f3ximas elecciones\u201d.<br>Por su parte, Florencia Ledesma dijo: \u201cHoy, es un encuentro m\u00e1s que venimos realizando (desde el 2017), hoy un poco m\u00e1s fortalecido porque somos muchas m\u00e1s y la idea de esto es continuar y poder acompa\u00f1ar a nuestro candidato, de estar presente en todo y seguir apoyando est\u00e1 gesti\u00f3n que se caracteriza fundamentalmente por las mujeres al frente, por lo que quiero destacar el compromiso, el acompa\u00f1amiento y la uni\u00f3n que tenemos entre nosotros\u201d.<br>En tanto que Mariana Morales expres\u00f3: \u201cMuy contenta de participar, acompa\u00f1ando a quien proyecta nuestra igualdad, lo que es la participaci\u00f3n pol\u00edtica por lo que estoy muy contenta con el ingeniero Roger Nediani, junto a toda la organizaci\u00f3n de mujeres renovadoras, luchadoras y la verdad que con muchas ganas de salir adelante para la ciudad La Banda\u201d.<\/p>\n","protected":false},"excerpt":{"rendered":"<p>En la tarde del martes, las integrantes de la agrupaci\u00f3n pol\u00edtica de la ciudad de La Banda \u201cMujeres Renovadoras\u201d recibieron al intendente Roger Nediani para brindarle su apoyo y acompa\u00f1amiento en su gesti\u00f3n.<\/p>\n","protected":false},"author":2,"featured_media":37813,"comment_status":"open","ping_status":"open","sticky":false,"template":"","format":"standard","meta":{"om_disable_all_campaigns":false,"_monsterinsights_skip_tracking":false,"_monsterinsights_sitenote_active":false,"_monsterinsights_sitenote_note":"","_monsterinsights_sitenote_category":0,"_uf_show_specific_survey":0,"_uf_disable_surveys":false,"jetpack_post_was_ever_published":false,"_jetpack_newsletter_access":"","_jetpack_dont_email_post_to_subs":false,"_jetpack_newsletter_tier_id":0,"_jetpack_memberships_contains_paywalled_content":false,"_jetpack_memberships_contains_paid_content":false,"footnotes":"","jetpack_publicize_message":"","jetpack_publicize_feature_enabled":true,"jetpack_social_post_already_shared":false,"jetpack_social_options":{"image_generator_settings":{"template":"highway","default_image_id":0,"font":"","enabled":false},"version":2}},"categories":[21],"tags":[],"class_list":["post-37812","post","type-post","status-publish","format-standard","has-post-thumbnail","hentry","category-locales"],"aioseo_notices":[],"views":8,"jetpack_publicize_connections":[],"jetpack_featured_media_url":"https:\/\/i0.wp.com\/elterritorialweb.com.ar\/web\/wp-content\/uploads\/2022\/03\/IMG-20220330-WA0010.jpg?fit=1280%2C780&ssl=1","jetpack_sharing_enabled":true,"_links":{"self":[{"href":"https:\/\/elterritorialweb.com.ar\/web\/wp-json\/wp\/v2\/posts\/37812","targetHints":{"allow":["GET"]}}],"collection":[{"href":"https:\/\/elterritorialweb.com.ar\/web\/wp-json\/wp\/v2\/posts"}],"about":[{"href":"https:\/\/elterritorialweb.com.ar\/web\/wp-json\/wp\/v2\/types\/post"}],"author":[{"embeddable":true,"href":"https:\/\/elterritorialweb.com.ar\/web\/wp-json\/wp\/v2\/users\/2"}],"replies":[{"embeddable":true,"href":"https:\/\/elterritorialweb.com.ar\/web\/wp-json\/wp\/v2\/comments?post=37812"}],"version-history":[{"count":1,"href":"https:\/\/elterritorialweb.com.ar\/web\/wp-json\/wp\/v2\/posts\/37812\/revisions"}],"predecessor-version":[{"id":37814,"href":"https:\/\/elterritorialweb.com.ar\/web\/wp-json\/wp\/v2\/posts\/37812\/revisions\/37814"}],"wp:featuredmedia":[{"embeddable":true,"href":"https:\/\/elterritorialweb.com.ar\/web\/wp-json\/wp\/v2\/media\/37813"}],"wp:attachment":[{"href":"https:\/\/elterritorialweb.com.ar\/web\/wp-json\/wp\/v2\/media?parent=37812"}],"wp:term":[{"taxonomy":"category","embeddable":true,"href":"https:\/\/elterritorialweb.com.ar\/web\/wp-json\/wp\/v2\/categories?post=37812"},{"taxonomy":"post_tag","embeddable":true,"href":"https:\/\/elterritorialweb.com.ar\/web\/wp-json\/wp\/v2\/tags?post=37812"}],"curies":[{"name":"wp","href":"https:\/\/api.w.org\/{rel}","templated":true}]}}