{"id":37818,"date":"2022-03-31T00:12:46","date_gmt":"2022-03-31T00:12:46","guid":{"rendered":"http:\/\/elterritorialweb.com.ar\/web\/?p=37818"},"modified":"2022-03-31T00:12:46","modified_gmt":"2022-03-31T00:12:46","slug":"ofrecimiento-de-cargos-y-horas-catedra-titulares-y-suplentes-del-primer-grado-del-escalafon-2","status":"publish","type":"post","link":"https:\/\/elterritorialweb.com.ar\/web\/ofrecimiento-de-cargos-y-horas-catedra-titulares-y-suplentes-del-primer-grado-del-escalafon-2\/","title":{"rendered":"OFRECIMIENTO DE CARGOS Y HORAS C\u00c1TEDRA TITULARES Y SUPLENTES DEL PRIMER GRADO DEL ESCALAF\u00d3N"},"content":{"rendered":"\n<p>El Consejo General de Educaci\u00f3n comunica a los docentes de los Niveles Inicial, Primario y Modalidades, Secundario y Superior, que a partir de las 00 hs. del d\u00eda Jueves 31 de Marzo y hasta las 23:59 hs. del d\u00eda Viernes 01 de Abril de 2022, se realizar\u00e1 el OFRECIMIENTO de Cargos y Horas C\u00e1tedra Titulares y Suplentes del primer grado del escalaf\u00f3n de los establecimientos educativos de los Niveles Inicial, Primario y Modalidades, Secundario y Superior en el sistema \u201cConsejo Virtual\u201d, ingresando en el Portal Oficial del CGE www.cgesantiago.gob.ar &#8211; Secci\u00f3n \u201cConsejo virtual\u201d. Los ofrecimientos se realizar\u00e1n conforme al LOM 2022 y las pautas establecidas en la Resoluci\u00f3n N\u00b0 162\/2022, en forma progresiva respetando las medidas sanitarias establecidas para frenar el avance del COVID-19.<br>Nivel Inicial<\/p>\n\n\n\n<ol class=\"wp-block-list\"><li>Jard\u00edn de Inf. N\u00b0252 &#8211; Yacu Chiri &#8211; Atamisqui &#8211; Regi\u00f3n 1<\/li><li>Jard\u00edn de Inf. N\u00b0 344 &#8211; Puesto de Juanes &#8211; Lorero &#8211; Regi\u00f3n 1<\/li><li>Jard\u00edn de Inf. N\u00b0 123 &#8211; Mansupa &#8211; R\u00edo Hondo &#8211; Regi\u00f3n 3<\/li><li>Jard\u00edn de Inf. N\u00b0 162 &#8211; Alhuampa &#8211; Moreno &#8211; Regi\u00f3n 5<\/li><li>Jard\u00edn de Inf. N\u00b0128 &#8211; Forres &#8211; Robles &#8211; Regi\u00f3n 2<\/li><li>Jard\u00edn de Inf. N\u00b0802 &#8211; Santiago del Estero &#8211; Capital &#8211; Regi\u00f3n 1<\/li><li>Jard\u00edn de Inf. N\u00b0140 &#8211; A\u00f1atuya -Taboada &#8211; Regi\u00f3n 4<\/li><li>Jard\u00edn de Inf. N\u00b0278 &#8211; Granadero Gatica &#8211; Moreno &#8211; Regi\u00f3n 5<\/li><li>Jard\u00edn de Inf. N\u00b038 &#8211; Laprida &#8211; Choya &#8211; Regi\u00f3n 7<\/li><li>Jard\u00edn de Inf. N\u00b0251 &#8211; El Porvenir &#8211; R\u00edo Hondo &#8211; Regi\u00f3n 3<\/li><li>Jard\u00edn de Inf. N\u00b0204 &#8211; Santa Mar\u00eda &#8211; Capital &#8211; Regi\u00f3n 1<\/li><li>Jard\u00edn de Inf. N\u00b0J 546 &#8211; San Seraf\u00edn &#8211; Pellegrini &#8211; Regi\u00f3n 3<\/li><li>Jard\u00edn de Inf. N\u00b0 28 &#8211; Santiago del Estero \u2013 Capital &#8211; Regi\u00f3n 1<\/li><li>Jard\u00edn de Inf. N\u00b0 542 &#8211; Santiago del Estero \u2013 Capital &#8211; Regi\u00f3n 1<br>Nivel Primario<\/li><li>Esc. Sup. Provincia de San Luis N\u00ba 198 &#8211; Jornada Simple (Regi\u00f3n V) &#8211; Quimili, Dpto. Moreno<\/li><li>Escuela N\u00b01047 &#8211; Jornada Simple (Regi\u00f3n I) Totora Pampa, Dpto. Capital<\/li><li>Escuela Superior Absal\u00f3n Ibarra N\u00ba 22 &#8211; Jornada Simple (Regi\u00f3n I) &#8211; Santiago del Estero, Dpto. Loreto<\/li><li>Escuela N\u00b0 635 &#8211; Jornada Simple (Regi\u00f3n II) &#8211; Los \u00c1ngeles, Dpto. Banda<\/li><li>Escuela Diego de Rojas N\u00b0 764 &#8211; Jornada Simple (Regi\u00f3n I) &#8211; Santiago del Estero, Dpto. Capital<\/li><li>Escuela N\u00b0 334 &#8211; Jornada Simple (Regi\u00f3n III) &#8211; San Seraf\u00edn, Dpto. Pellegrini<\/li><li>Escuela N\u00b0 1187- Jornada Simple (Regi\u00f3n VI) &#8211; Monte Quemado, Dpto. Copo<\/li><li>Escuela N\u00b0 1011 &#8211; Jornada Completa &#8211; Weisburd, Dpto. Jim\u00e9nez<\/li><li>Escuela N\u00b0 1085 Buenaventura G\u00f3mez de Escobar &#8211; Jornada Simple (Regi\u00f3n III) &#8211; Pozo Hondo, Dpto. Moreno<\/li><li>Escuela N\u00ba 1239 Campo Contrera Siglo XXI &#8211; Jornada Simple (Regi\u00f3n I) &#8211; Santiago del Estero, Dpto. Capital<\/li><li>Escuela N\u00b0 423 Delfor del Carmen Peralta \u2013J ornada Completa &#8211; Colonia Mar\u00eda Luisa, Dpto. Banda<\/li><li>Escuela Batalla de Maip\u00fa N\u00b0 755 &#8211; Jornada Simple (Regi\u00f3n III) &#8211; El Charco, Dpto. Jim\u00e9nez<\/li><li>Escuela N\u00b0 829 -Jornada Completa &#8211; Pozuelos, Dpto. R\u00edo Hondo<\/li><li>Escuela Padre Onofre Perillo N\u00b0 341-Jornada Simple (Regi\u00f3n II) &#8211; La Banda, Dpto. Banda<\/li><li>Centro Experimental N\u00ba 2 Florentino Ameghino &#8211; Jornada Simple (Regi\u00f3n IV) &#8211; A\u00f1atuya, Dpto. General Taboada<\/li><li>Escuela Superior Gendarmer\u00eda Nacional N\u00b0 1140 &#8211; Jornada Simple (Regi\u00f3n II) -La Banda, Dpto. Banda<\/li><li>Escuela N\u00ba 1243 &#8211; Jornada Completa &#8211; Santiago del Estero, Dpto. Capital<\/li><li>Escuela N\u00b0 1213 &#8211; Jornada Simple (Regi\u00f3n VIII) &#8211; Ojo de Agua, Dpto. Ojo de Agua<\/li><li>Escuela N\u00b0 588 &#8211; Jornada Simple (Regi\u00f3n I) &#8211; El 90, Dpto. Loreto<\/li><li>Escuela N\u00b0 923 Ram\u00f3n Aguilar &#8211; Jornada Completa &#8211; Hoy\u00f3n, Dpto. Atamisqui<\/li><li>Escuela N\u00b0 814 Paula Albarrac\u00edn de Sarmiento &#8211; Jornada Simple (Regi\u00f3n II) &#8211; Fern\u00e1ndez, Dpto. Robles<\/li><li>Escuela N\u00ba 160 Dr. Ernesto Jerez &#8211; Jornada Simple (Regi\u00f3n V) &#8211; Suncho Corral, Dpto. J. F. Ibarra<\/li><li>Centro Experimental N\u00ba 5 Trejo y Sanabria &#8211; Jornada Simple (Regi\u00f3n V) &#8211; Suncho Corral, Dpto. J. F. Ibarra<\/li><li>Escuela N\u00b0 772 &#8211; Leopoldo Lugones &#8211; Jornada Simple (Regi\u00f3n VIII) &#8211; Ojo De Agua, Dpto. Ojo de Agua<\/li><li>Escuela N\u00b0 971 &#8211; Jornada Simple (Regi\u00f3n VIII) &#8211; Los Telares, Dpto. Salavina<\/li><li>Escuela N\u00b0 843 &#8211; Jornada Completa &#8211; Los N\u00fa\u00f1ez, Dpto. R\u00edo Hondo<\/li><li>Escuela N\u00ba 1241 Benjam\u00edn Santill\u00e1n &#8211; Jornada Simple (Regi\u00f3n I)- Santiago del Estero, Dpto. Capital<\/li><li>Escuela Infantil N\u00b0 346 Dora Argentina Pece de Barraza &#8211; Jornada Simple (Regi\u00f3n I) &#8211; Yacu Chiri, Dpto. Atamisqui<\/li><li>Escuela N\u00b0 254 Jos\u00e9 Manuel Estrada &#8211; Jornada Simple (Regi\u00f3n II) &#8211; La Banda, Dpto. Banda<\/li><li>Escuela N\u00b0 641 Ilda Azucena Abreg\u00fa &#8211; Jornada Simple (Regi\u00f3n VI)- Santa Cruz, Dpto. Alberdi<\/li><li>Escuela Superior N\u00b0155 Luisa de Romero &#8211; Jornada Simple (Regi\u00f3n IV) &#8211; A\u00f1atuya, Dpto. General Taboada<\/li><li>Escuela Infantil Mons. Prudencio \u00c1rea &#8211; Jornada Simple (Regi\u00f3n V) &#8211; El Fisco, Dpto. Moreno<\/li><li>Escuela N\u00b0 972 Profesor Juan Octavio Gauna &#8211; Jornada Simple (Regi\u00f3n II)- Forres, Dpto. Robles<\/li><li>Escuela N\u00ba 1240 Del Bicentenario &#8211; Jornada Simple (Regi\u00f3n I) &#8211; Santiago del Estero &#8211; Dpto. Capital<\/li><li>Escuela N\u00ba 607 Superior Cabo 2do. Ram\u00f3n Edmundo Ordo\u00f1ez &#8211; Jornada Simple (Regi\u00f3n III) -Villa Balnearia, Dpto. R\u00edo Hondo<\/li><li>Escuela Superior Manuel Belgrano N\u00b0 23 &#8211; Jornada Simple (Regi\u00f3n I) &#8211; Santiago del Estero, Dpto. Capital<\/li><li>Escuela Mariano Moreno N\u00b0 127 &#8211; Jornada Simple (Regi\u00f3n II) &#8211; La Banda, Dpto. Banda<\/li><li>Escuela Batalla De Maip\u00fa N\u00b0 755 &#8211; Jornada Simple (Regi\u00f3n III) &#8211; El Charco, Dpto. Jim\u00e9nez<\/li><li>Escuela Infantil Manuel Vicente Mena N\u00b0 246 &#8211; Jornada Simple (Regi\u00f3n II) &#8211; El Crucero, Dpto. Figueroa<\/li><li>Escuela N\u00b0 853 &#8211; Jornada Simple (Regi\u00f3n VIII) &#8211; San Francisco, Dpto. Quebrachos<\/li><li>Escuela N\u00b0 507 Jornada Simple (Regi\u00f3n I)- Medell\u00edn, Dpto. Atamisqui<br>Nivel Secundario<\/li><li>Escuela T\u00e9cnica N\u00ba 11 \u00abIndependencia\u00bb &#8211; Santiago del Estero &#8211; Capital<\/li><li>Colegio Secundario Absal\u00f3n Rojas &#8211; Santiago del Estero &#8211; Capital<\/li><li>C.E.N.S. N\u00ba 6 &#8211; Loreto &#8211; Loreto<\/li><li>Escuela T\u00e9cnica N\u00ba 1 &#8211; Santiago del Estero &#8211; Capital<\/li><li>Escuela \u00abFrancisca Jacques\u00bb &#8211; Santiago del Estero &#8211; Capital<\/li><li>C.E.N.S. N\u00ba 1 &#8211; Santiago del Estero &#8211; Capital<\/li><li>Colegio Secundario \u00abSan Isidro Labrador\u00bb &#8211; Forres &#8211; Robles<\/li><li>Circuito de Itinerancia del Agrupamiento N\u00ba 86092 &#8211; Malbr\u00e1n &#8211; Aguirre<\/li><li>Escuela T\u00e9cnica N\u00ba 6 \u00abCte. Manuel Besares\u00bb &#8211; La Banda &#8211; Banda<\/li><li>Colegio Secundario \u00abLancelot Carrol\u00bb &#8211; Los Juries &#8211; General Taboada<\/li><li>Escuela T\u00e9cnica N\u00ba 13 \u00abProf. Julio olivera\u00bb &#8211; Simbolar &#8211; Banda<\/li><li>Escuela de Comercio \u00abGral. Jos\u00e9 de San Mart\u00edn\u00bb &#8211; La Banda &#8211; Banda<\/li><li>Agrupamiento N\u00ba 150 &#8211; Villa Atamisqui &#8211; Atamisqui<\/li><li>Escuela De Comercio \u00abRam\u00f3n G\u00f3mez Cornet\u00bb &#8211; Termas de R\u00edo Hondo &#8211; R\u00edo Hondo<\/li><li>Agrupamiento N\u00ba 86015\/86017 &#8211; Los Jur\u00edes &#8211; General Taboada<\/li><li>Colegio Secundario del Centenario &#8211; Santiago del Estero &#8211; Capital<\/li><li>Escuela \u00abFrancisca Jacques\u00bb &#8211; Santiago del Estero &#8211; Capital<\/li><li>Colegio Secundario Ing. Jorge Newbery &#8211; Santiago del Estero &#8211; Capital<br>Nivel Superior<br>1- E.S.P.E.A. N\u00b0 1 \u2013 Santiago del Estero &#8211; Capital<br>2- I.S.B.A. Juan Yapar\u00ed \u2013 Santiago del Estero &#8211; Capital<br>Nivel Superior<br>1- I.F.D. N\u00b0 23 \u2013 Tintina &#8211; Moreno<br>2- E.S.P.E.A. N\u00b0 1 \u2013 Santiago del Estero &#8211; Capital<br>3- I.S.P.P. N\u00b0 1 \u2013 Santiago del Estero &#8211; Capital<br>Modalidades Educativas<br>1.- Escuela de Educaci\u00f3n Especial \u201cTelma Reca\u201d &#8211; Modalidad Especial &#8211; La Banda &#8211; Banda<br>2.- Escuela de Educaci\u00f3n Especial N\u00b0 240 \u201cDr. Ram\u00f3n Carrillo\u201d &#8211; Modalidad Especial &#8211; Sgo. del Estero &#8211; Capital<br>3.- Escuela de Educaci\u00f3n Especial N\u00b0 45 \u201cIng. Bruno Volta\u201d &#8211; Modalidad Especial \u2013Sgo del Estero &#8211; Capital<br>4.- Escuela Hospitalaria y Domiciliaria &#8211; Modalidad Hosp. y Domiciliaria &#8211; Quimil\u00ed &#8211; Moreno<br>5.- Escuela de Educaci\u00f3n B\u00e1sica de Adultos N\u00b0 10 \u2013 Modalidad EDJA &#8211; Termas de R\u00edo de Hondo &#8211; R\u00edo Hondo<\/li><\/ol>\n","protected":false},"excerpt":{"rendered":"<p>Mediante un comunicado, inform\u00f3 el Consejo General de Educaci\u00f3n.<\/p>\n","protected":false},"author":2,"featured_media":18585,"comment_status":"open","ping_status":"open","sticky":false,"template":"","format":"standard","meta":{"om_disable_all_campaigns":false,"_monsterinsights_skip_tracking":false,"_monsterinsights_sitenote_active":false,"_monsterinsights_sitenote_note":"","_monsterinsights_sitenote_category":0,"_uf_show_specific_survey":0,"_uf_disable_surveys":false,"jetpack_post_was_ever_published":false,"_jetpack_newsletter_access":"","_jetpack_dont_email_post_to_subs":false,"_jetpack_newsletter_tier_id":0,"_jetpack_memberships_contains_paywalled_content":false,"_jetpack_memberships_contains_paid_content":false,"footnotes":"","jetpack_publicize_message":"","jetpack_publicize_feature_enabled":true,"jetpack_social_post_already_shared":false,"jetpack_social_options":{"image_generator_settings":{"template":"highway","default_image_id":0,"font":"","enabled":false},"version":2}},"categories":[19],"tags":[],"class_list":["post-37818","post","type-post","status-publish","format-standard","has-post-thumbnail","hentry","category-educacion"],"aioseo_notices":[],"views":18,"jetpack_publicize_connections":[],"jetpack_featured_media_url":"https:\/\/i0.wp.com\/elterritorialweb.com.ar\/web\/wp-content\/uploads\/2021\/03\/CONSEJO-DE-EDUCACION.jpg?fit=1500%2C850&ssl=1","jetpack_sharing_enabled":true,"_links":{"self":[{"href":"https:\/\/elterritorialweb.com.ar\/web\/wp-json\/wp\/v2\/posts\/37818","targetHints":{"allow":["GET"]}}],"collection":[{"href":"https:\/\/elterritorialweb.com.ar\/web\/wp-json\/wp\/v2\/posts"}],"about":[{"href":"https:\/\/elterritorialweb.com.ar\/web\/wp-json\/wp\/v2\/types\/post"}],"author":[{"embeddable":true,"href":"https:\/\/elterritorialweb.com.ar\/web\/wp-json\/wp\/v2\/users\/2"}],"replies":[{"embeddable":true,"href":"https:\/\/elterritorialweb.com.ar\/web\/wp-json\/wp\/v2\/comments?post=37818"}],"version-history":[{"count":1,"href":"https:\/\/elterritorialweb.com.ar\/web\/wp-json\/wp\/v2\/posts\/37818\/revisions"}],"predecessor-version":[{"id":37819,"href":"https:\/\/elterritorialweb.com.ar\/web\/wp-json\/wp\/v2\/posts\/37818\/revisions\/37819"}],"wp:featuredmedia":[{"embeddable":true,"href":"https:\/\/elterritorialweb.com.ar\/web\/wp-json\/wp\/v2\/media\/18585"}],"wp:attachment":[{"href":"https:\/\/elterritorialweb.com.ar\/web\/wp-json\/wp\/v2\/media?parent=37818"}],"wp:term":[{"taxonomy":"category","embeddable":true,"href":"https:\/\/elterritorialweb.com.ar\/web\/wp-json\/wp\/v2\/categories?post=37818"},{"taxonomy":"post_tag","embeddable":true,"href":"https:\/\/elterritorialweb.com.ar\/web\/wp-json\/wp\/v2\/tags?post=37818"}],"curies":[{"name":"wp","href":"https:\/\/api.w.org\/{rel}","templated":true}]}}