{"id":37820,"date":"2022-03-31T02:27:41","date_gmt":"2022-03-31T02:27:41","guid":{"rendered":"http:\/\/elterritorialweb.com.ar\/web\/?p=37820"},"modified":"2022-03-31T02:31:50","modified_gmt":"2022-03-31T02:31:50","slug":"jorge-rojas-participara-de-la-pena-del-duo-orellana-lucca-en-olimpico","status":"publish","type":"post","link":"https:\/\/elterritorialweb.com.ar\/web\/jorge-rojas-participara-de-la-pena-del-duo-orellana-lucca-en-olimpico\/","title":{"rendered":"JORGE ROJAS PARTICIPAR\u00c1 EN LA PE\u00d1A DEL DUO ORELLANA LUCCA EN OL\u00cdMPICO"},"content":{"rendered":"\n<p>El cantante salte\u00f1o fue invitado por los santiague\u00f1os y de esta forma integrar\u00e1 la gran cartelera de cantantes que se presentar\u00e1n en el escenario del Club Ciclista Ol\u00edmpico este viernes 1 de abril. <\/p>\n\n\n\n<p>Cabe recordar que tambi\u00e9n estar\u00e1n presentes Roxana Carabajal, Marcelo Toledo, Demi Carabajal, Soles y Lunas, Salitral y Manolo Herrera y Las Sachaguitarras.<\/p>\n\n\n\n<figure class=\"wp-block-video\"><video height=\"640\" style=\"aspect-ratio: 512 \/ 640;\" width=\"512\" controls src=\"http:\/\/elterritorialweb.com.ar\/web\/wp-content\/uploads\/2022\/03\/VID-20220330-WA0027.mp4\"><\/video><\/figure>\n","protected":false},"excerpt":{"rendered":"<p>Este mi\u00e9rcoles se confirm\u00f3 la presencia estelar de Jorge Rojas,  como invitado especial del D\u00fao Orellana Lucca en la pr\u00f3xima pe\u00f1a en la Banda.<\/p>\n","protected":false},"author":2,"featured_media":37821,"comment_status":"open","ping_status":"open","sticky":false,"template":"","format":"standard","meta":{"om_disable_all_campaigns":false,"_monsterinsights_skip_tracking":false,"_monsterinsights_sitenote_active":false,"_monsterinsights_sitenote_note":"","_monsterinsights_sitenote_category":0,"_uf_show_specific_survey":0,"_uf_disable_surveys":false,"jetpack_post_was_ever_published":false,"_jetpack_newsletter_access":"","_jetpack_dont_email_post_to_subs":false,"_jetpack_newsletter_tier_id":0,"_jetpack_memberships_contains_paywalled_content":false,"_jetpack_memberships_contains_paid_content":false,"footnotes":"","jetpack_publicize_message":"","jetpack_publicize_feature_enabled":true,"jetpack_social_post_already_shared":false,"jetpack_social_options":{"image_generator_settings":{"template":"highway","default_image_id":0,"font":"","enabled":false},"version":2}},"categories":[20],"tags":[],"class_list":["post-37820","post","type-post","status-publish","format-standard","has-post-thumbnail","hentry","category-especysociales"],"aioseo_notices":[],"views":17,"jetpack_publicize_connections":[],"jetpack_featured_media_url":"https:\/\/i0.wp.com\/elterritorialweb.com.ar\/web\/wp-content\/uploads\/2022\/03\/Screenshot_20220330-2318522.png?fit=720%2C348&ssl=1","jetpack_sharing_enabled":true,"_links":{"self":[{"href":"https:\/\/elterritorialweb.com.ar\/web\/wp-json\/wp\/v2\/posts\/37820","targetHints":{"allow":["GET"]}}],"collection":[{"href":"https:\/\/elterritorialweb.com.ar\/web\/wp-json\/wp\/v2\/posts"}],"about":[{"href":"https:\/\/elterritorialweb.com.ar\/web\/wp-json\/wp\/v2\/types\/post"}],"author":[{"embeddable":true,"href":"https:\/\/elterritorialweb.com.ar\/web\/wp-json\/wp\/v2\/users\/2"}],"replies":[{"embeddable":true,"href":"https:\/\/elterritorialweb.com.ar\/web\/wp-json\/wp\/v2\/comments?post=37820"}],"version-history":[{"count":3,"href":"https:\/\/elterritorialweb.com.ar\/web\/wp-json\/wp\/v2\/posts\/37820\/revisions"}],"predecessor-version":[{"id":37826,"href":"https:\/\/elterritorialweb.com.ar\/web\/wp-json\/wp\/v2\/posts\/37820\/revisions\/37826"}],"wp:featuredmedia":[{"embeddable":true,"href":"https:\/\/elterritorialweb.com.ar\/web\/wp-json\/wp\/v2\/media\/37821"}],"wp:attachment":[{"href":"https:\/\/elterritorialweb.com.ar\/web\/wp-json\/wp\/v2\/media?parent=37820"}],"wp:term":[{"taxonomy":"category","embeddable":true,"href":"https:\/\/elterritorialweb.com.ar\/web\/wp-json\/wp\/v2\/categories?post=37820"},{"taxonomy":"post_tag","embeddable":true,"href":"https:\/\/elterritorialweb.com.ar\/web\/wp-json\/wp\/v2\/tags?post=37820"}],"curies":[{"name":"wp","href":"https:\/\/api.w.org\/{rel}","templated":true}]}}