{"id":37827,"date":"2022-03-31T03:14:57","date_gmt":"2022-03-31T03:14:57","guid":{"rendered":"http:\/\/elterritorialweb.com.ar\/web\/?p=37827"},"modified":"2022-03-31T03:15:35","modified_gmt":"2022-03-31T03:15:35","slug":"la-comuna-bandena-continua-asistiendo-a-los-vecinos-xon-ayudas-economicas-para-costear-tratamientos-medicos","status":"publish","type":"post","link":"https:\/\/elterritorialweb.com.ar\/web\/la-comuna-bandena-continua-asistiendo-a-los-vecinos-xon-ayudas-economicas-para-costear-tratamientos-medicos\/","title":{"rendered":"LA COMUNA BANDE\u00d1A CONTIN\u00daA ASISTIENDO A LOS VECINOS CON AYUDAS ECON\u00d3MICAS PARA COSTEAR TRATAMIENTOS M\u00c9DICOS"},"content":{"rendered":"\n<p>En la oportunidad, en representaci\u00f3n de la Secretar\u00eda de Desarrollo Humano, Florencia Ledesma entreg\u00f3 la asistencia econ\u00f3mica a Rosa Roldan quien solicit\u00f3 la ayuda para continuar con un tratamiento m\u00e9dico que le permita recuperarse.<br>Los interesados en acceder a este beneficio deben tener residencia en la ciudad de La Banda, contar con una historia cl\u00ednica, fotocopia de DNI\/Cuil y retirar el formulario de solicitud en Mesa de Entrada del Palacio Municipal.<br>Cabe destacar, que el programa prioriza atenciones m\u00e9dicas de urgencia e incluye el acompa\u00f1amiento general ante cada situaci\u00f3n.<\/p>\n","protected":false},"excerpt":{"rendered":"<p>En el marco del Plan de Asistencia Directa al Vecino, el Departamento Ejecutivo Municipal de la ciudad de La Banda entreg\u00f3 una ayuda econ\u00f3mica a una vecina del barrio San Fernando quien solicit\u00f3 asistencia para poder costear un tratamiento oncol\u00f3gico.<\/p>\n","protected":false},"author":2,"featured_media":37828,"comment_status":"open","ping_status":"open","sticky":false,"template":"","format":"standard","meta":{"om_disable_all_campaigns":false,"_monsterinsights_skip_tracking":false,"_monsterinsights_sitenote_active":false,"_monsterinsights_sitenote_note":"","_monsterinsights_sitenote_category":0,"_uf_show_specific_survey":0,"_uf_disable_surveys":false,"jetpack_post_was_ever_published":false,"_jetpack_newsletter_access":"","_jetpack_dont_email_post_to_subs":false,"_jetpack_newsletter_tier_id":0,"_jetpack_memberships_contains_paywalled_content":false,"_jetpack_memberships_contains_paid_content":false,"footnotes":"","jetpack_publicize_message":"","jetpack_publicize_feature_enabled":true,"jetpack_social_post_already_shared":false,"jetpack_social_options":{"image_generator_settings":{"template":"highway","default_image_id":0,"font":"","enabled":false},"version":2}},"categories":[21],"tags":[],"class_list":["post-37827","post","type-post","status-publish","format-standard","has-post-thumbnail","hentry","category-locales"],"aioseo_notices":[],"views":10,"jetpack_publicize_connections":[],"jetpack_featured_media_url":"https:\/\/i0.wp.com\/elterritorialweb.com.ar\/web\/wp-content\/uploads\/2022\/03\/IMG-20220330-WA0011.jpg?fit=1600%2C1036&ssl=1","jetpack_sharing_enabled":true,"_links":{"self":[{"href":"https:\/\/elterritorialweb.com.ar\/web\/wp-json\/wp\/v2\/posts\/37827","targetHints":{"allow":["GET"]}}],"collection":[{"href":"https:\/\/elterritorialweb.com.ar\/web\/wp-json\/wp\/v2\/posts"}],"about":[{"href":"https:\/\/elterritorialweb.com.ar\/web\/wp-json\/wp\/v2\/types\/post"}],"author":[{"embeddable":true,"href":"https:\/\/elterritorialweb.com.ar\/web\/wp-json\/wp\/v2\/users\/2"}],"replies":[{"embeddable":true,"href":"https:\/\/elterritorialweb.com.ar\/web\/wp-json\/wp\/v2\/comments?post=37827"}],"version-history":[{"count":2,"href":"https:\/\/elterritorialweb.com.ar\/web\/wp-json\/wp\/v2\/posts\/37827\/revisions"}],"predecessor-version":[{"id":37831,"href":"https:\/\/elterritorialweb.com.ar\/web\/wp-json\/wp\/v2\/posts\/37827\/revisions\/37831"}],"wp:featuredmedia":[{"embeddable":true,"href":"https:\/\/elterritorialweb.com.ar\/web\/wp-json\/wp\/v2\/media\/37828"}],"wp:attachment":[{"href":"https:\/\/elterritorialweb.com.ar\/web\/wp-json\/wp\/v2\/media?parent=37827"}],"wp:term":[{"taxonomy":"category","embeddable":true,"href":"https:\/\/elterritorialweb.com.ar\/web\/wp-json\/wp\/v2\/categories?post=37827"},{"taxonomy":"post_tag","embeddable":true,"href":"https:\/\/elterritorialweb.com.ar\/web\/wp-json\/wp\/v2\/tags?post=37827"}],"curies":[{"name":"wp","href":"https:\/\/api.w.org\/{rel}","templated":true}]}}