{"id":37832,"date":"2022-03-31T03:21:17","date_gmt":"2022-03-31T03:21:17","guid":{"rendered":"http:\/\/elterritorialweb.com.ar\/web\/?p=37832"},"modified":"2022-03-31T03:21:17","modified_gmt":"2022-03-31T03:21:17","slug":"mirolo-participo-de-una-reunion-junto-al-presidente-de-fase-y-el-ministro-alexis-guerrera","status":"publish","type":"post","link":"https:\/\/elterritorialweb.com.ar\/web\/mirolo-participo-de-una-reunion-junto-al-presidente-de-fase-y-el-ministro-alexis-guerrera\/","title":{"rendered":"MIROLO PARTICIP\u00d3 DE UNA REUNI\u00d3N JUNTO AL PRESIDENTE DE FASE Y EL MINISTRO ALEXIS GUERRERA"},"content":{"rendered":"\n<p>En este sentido, Mirolo manifest\u00f3: \u201cDesde Fase festejamos el trabajo en conjunto que se viene realizando con el Ministerio de Transporte con el objetivo de avanzar en las diferentes obras de infraestructura que permitan mejorar el servicio para todos los ciudadanos del pa\u00eds que todav\u00eda cuentan con la l\u00edneas f\u00e9rreas en sus localidades\u201d.<br>Asimismo, Dami\u00e1n Contreras, indic\u00f3: \u201cQueremos empezar a coordinar y a participar en cada una de las mesas de trabajo que se hab\u00edan esbozado en su momento, donde participan todos los actores del sistema ferroviario, fundamentalmente las empresas del Estado. En cada una de esas problem\u00e1ticas participan la gente de infraestructura de ADIF, la gente de Operaciones, la gente de BCyL (Belgrano Cargas y Log\u00edstica), la Subsecretar\u00eda de Transporte Ferroviario y el equipo t\u00e9cnico de FASE. Esa es una tarea de todos los d\u00edas, son los temas que hacen a la cotidianeidad del sistema.<br>Agreg\u00f3: \u201cA mediano y largo plazo lo que nos pide el ministro y en lo que empezamos nosotros a esbozar alguna idea y convocatoria de distintos actores del sistema que a veces trascienden al esquema del Ministerio o estatal, sino que en mi opini\u00f3n ah\u00ed deber\u00edan tener participaci\u00f3n las universidades, los organismos como ALAF, como el Congreso Panamericano de Ferrocarriles o t\u00e9cnicos del sistema ferroviario, que pueden aportar una mirada general, es poder enmarcar a mediano y largo plazo un programa ferroviario federal e inclusivo dentro del Plan de Modernizaci\u00f3n del Transporte\u201d.<\/p>\n","protected":false},"excerpt":{"rendered":"<p>El vicepresidente de Ferrocarriles Argentinos Sociedad del Estado (Fase), Pablo Mirolo ex intendente de La Banda se reuni\u00f3 junto al presidente de la entidad, Dami\u00e1n Contreras y el ministro el ministro de Transporte de la Naci\u00f3n, Alexis Guerrera para planificar acciones relacionadas al desarrollo del transporte ferroviario de carga y de pasajeros.<\/p>\n","protected":false},"author":2,"featured_media":37833,"comment_status":"open","ping_status":"open","sticky":false,"template":"","format":"standard","meta":{"om_disable_all_campaigns":false,"_monsterinsights_skip_tracking":false,"_monsterinsights_sitenote_active":false,"_monsterinsights_sitenote_note":"","_monsterinsights_sitenote_category":0,"_uf_show_specific_survey":0,"_uf_disable_surveys":false,"jetpack_post_was_ever_published":false,"_jetpack_newsletter_access":"","_jetpack_dont_email_post_to_subs":false,"_jetpack_newsletter_tier_id":0,"_jetpack_memberships_contains_paywalled_content":false,"_jetpack_memberships_contains_paid_content":false,"footnotes":"","jetpack_publicize_message":"","jetpack_publicize_feature_enabled":true,"jetpack_social_post_already_shared":false,"jetpack_social_options":{"image_generator_settings":{"template":"highway","default_image_id":0,"font":"","enabled":false},"version":2}},"categories":[18],"tags":[],"class_list":["post-37832","post","type-post","status-publish","format-standard","has-post-thumbnail","hentry","category-politica"],"aioseo_notices":[],"views":11,"jetpack_publicize_connections":[],"jetpack_featured_media_url":"https:\/\/i0.wp.com\/elterritorialweb.com.ar\/web\/wp-content\/uploads\/2022\/03\/IMG-20220330-WA0014.jpg?fit=671%2C477&ssl=1","jetpack_sharing_enabled":true,"_links":{"self":[{"href":"https:\/\/elterritorialweb.com.ar\/web\/wp-json\/wp\/v2\/posts\/37832","targetHints":{"allow":["GET"]}}],"collection":[{"href":"https:\/\/elterritorialweb.com.ar\/web\/wp-json\/wp\/v2\/posts"}],"about":[{"href":"https:\/\/elterritorialweb.com.ar\/web\/wp-json\/wp\/v2\/types\/post"}],"author":[{"embeddable":true,"href":"https:\/\/elterritorialweb.com.ar\/web\/wp-json\/wp\/v2\/users\/2"}],"replies":[{"embeddable":true,"href":"https:\/\/elterritorialweb.com.ar\/web\/wp-json\/wp\/v2\/comments?post=37832"}],"version-history":[{"count":1,"href":"https:\/\/elterritorialweb.com.ar\/web\/wp-json\/wp\/v2\/posts\/37832\/revisions"}],"predecessor-version":[{"id":37834,"href":"https:\/\/elterritorialweb.com.ar\/web\/wp-json\/wp\/v2\/posts\/37832\/revisions\/37834"}],"wp:featuredmedia":[{"embeddable":true,"href":"https:\/\/elterritorialweb.com.ar\/web\/wp-json\/wp\/v2\/media\/37833"}],"wp:attachment":[{"href":"https:\/\/elterritorialweb.com.ar\/web\/wp-json\/wp\/v2\/media?parent=37832"}],"wp:term":[{"taxonomy":"category","embeddable":true,"href":"https:\/\/elterritorialweb.com.ar\/web\/wp-json\/wp\/v2\/categories?post=37832"},{"taxonomy":"post_tag","embeddable":true,"href":"https:\/\/elterritorialweb.com.ar\/web\/wp-json\/wp\/v2\/tags?post=37832"}],"curies":[{"name":"wp","href":"https:\/\/api.w.org\/{rel}","templated":true}]}}