{"id":37835,"date":"2022-03-31T12:41:08","date_gmt":"2022-03-31T12:41:08","guid":{"rendered":"http:\/\/elterritorialweb.com.ar\/web\/?p=37835"},"modified":"2022-03-31T12:42:03","modified_gmt":"2022-03-31T12:42:03","slug":"obras-publicas-de-la-capital-avanzo-con-la-reparacion-del-pavimento-en-el-barrio-autonomia","status":"publish","type":"post","link":"https:\/\/elterritorialweb.com.ar\/web\/obras-publicas-de-la-capital-avanzo-con-la-reparacion-del-pavimento-en-el-barrio-autonomia\/","title":{"rendered":"OBRAS P\u00daBLICAS DE LA CAPITAL AVANZ\u00d3 CON LA REPARACI\u00d3N DEL PAVIMENTO EN EL BARRIO AUTONOMIA"},"content":{"rendered":"\n<p>Estos trabajos forman parte del plan de mantenimiento que realiza el Municipio en distintos sectores de la ciudad sobre la red vial.<\/p>\n\n\n\n<p>El titular de la repartici\u00f3n, Hugo Sequeira, indic\u00f3 que los trabajos consistieron en \u00abdelimitar el \u00e1rea afectada, demoler el pavimento existente, retirar los escombros, compactar la subrasante y reponer con hormig\u00f3n de un espesor de 0.20 metros\u00bb.<\/p>\n\n\n\n<p>\u00abDe esta manera, qued\u00f3 restituido el nivel que permite el adecuado escurrimiento de las aguas de lluvia. Adem\u00e1s, los pr\u00f3ximos d\u00edas seguiremos trabajando en otros sectores del barrio, priorizando las calles m\u00e1s transitadas y las que presentan peores condiciones\u00bb, se\u00f1al\u00f3.<\/p>\n","protected":false},"excerpt":{"rendered":"<p>La Direcci\u00f3n de Obras P\u00fablicas de la Capital realiz\u00f3 tareas de reparaci\u00f3n de pavimento en el barrio Autonom\u00eda, donde se gener\u00f3 un deterioro por el suelo colapsable y otros factores, que influyen sobre la vida \u00fatil del material.<\/p>\n","protected":false},"author":2,"featured_media":37837,"comment_status":"open","ping_status":"open","sticky":false,"template":"","format":"standard","meta":{"om_disable_all_campaigns":false,"_monsterinsights_skip_tracking":false,"_monsterinsights_sitenote_active":false,"_monsterinsights_sitenote_note":"","_monsterinsights_sitenote_category":0,"_uf_show_specific_survey":0,"_uf_disable_surveys":false,"jetpack_post_was_ever_published":false,"_jetpack_newsletter_access":"","_jetpack_dont_email_post_to_subs":false,"_jetpack_newsletter_tier_id":0,"_jetpack_memberships_contains_paywalled_content":false,"_jetpack_memberships_contains_paid_content":false,"footnotes":"","jetpack_publicize_message":"","jetpack_publicize_feature_enabled":true,"jetpack_social_post_already_shared":false,"jetpack_social_options":{"image_generator_settings":{"template":"highway","default_image_id":0,"font":"","enabled":false},"version":2}},"categories":[21],"tags":[],"class_list":["post-37835","post","type-post","status-publish","format-standard","has-post-thumbnail","hentry","category-locales"],"aioseo_notices":[],"views":11,"jetpack_publicize_connections":[],"jetpack_featured_media_url":"https:\/\/i0.wp.com\/elterritorialweb.com.ar\/web\/wp-content\/uploads\/2022\/03\/Obras-publicas.jpg?fit=1600%2C1067&ssl=1","jetpack_sharing_enabled":true,"_links":{"self":[{"href":"https:\/\/elterritorialweb.com.ar\/web\/wp-json\/wp\/v2\/posts\/37835","targetHints":{"allow":["GET"]}}],"collection":[{"href":"https:\/\/elterritorialweb.com.ar\/web\/wp-json\/wp\/v2\/posts"}],"about":[{"href":"https:\/\/elterritorialweb.com.ar\/web\/wp-json\/wp\/v2\/types\/post"}],"author":[{"embeddable":true,"href":"https:\/\/elterritorialweb.com.ar\/web\/wp-json\/wp\/v2\/users\/2"}],"replies":[{"embeddable":true,"href":"https:\/\/elterritorialweb.com.ar\/web\/wp-json\/wp\/v2\/comments?post=37835"}],"version-history":[{"count":1,"href":"https:\/\/elterritorialweb.com.ar\/web\/wp-json\/wp\/v2\/posts\/37835\/revisions"}],"predecessor-version":[{"id":37836,"href":"https:\/\/elterritorialweb.com.ar\/web\/wp-json\/wp\/v2\/posts\/37835\/revisions\/37836"}],"wp:featuredmedia":[{"embeddable":true,"href":"https:\/\/elterritorialweb.com.ar\/web\/wp-json\/wp\/v2\/media\/37837"}],"wp:attachment":[{"href":"https:\/\/elterritorialweb.com.ar\/web\/wp-json\/wp\/v2\/media?parent=37835"}],"wp:term":[{"taxonomy":"category","embeddable":true,"href":"https:\/\/elterritorialweb.com.ar\/web\/wp-json\/wp\/v2\/categories?post=37835"},{"taxonomy":"post_tag","embeddable":true,"href":"https:\/\/elterritorialweb.com.ar\/web\/wp-json\/wp\/v2\/tags?post=37835"}],"curies":[{"name":"wp","href":"https:\/\/api.w.org\/{rel}","templated":true}]}}