{"id":37842,"date":"2022-03-31T13:04:45","date_gmt":"2022-03-31T13:04:45","guid":{"rendered":"http:\/\/elterritorialweb.com.ar\/web\/?p=37842"},"modified":"2022-03-31T13:14:14","modified_gmt":"2022-03-31T13:14:14","slug":"musica-en-vivo-y-comidas-tipicas-en-la-casa-del-folclorista","status":"publish","type":"post","link":"https:\/\/elterritorialweb.com.ar\/web\/musica-en-vivo-y-comidas-tipicas-en-la-casa-del-folclorista\/","title":{"rendered":"MUSICA EN VIVO Y COMIDAS T\u00cdPICAS EN LA CASA DEL FOLCLORISTA"},"content":{"rendered":"\n<p>Entre sus propuestas cuenta con una variada carta gastron\u00f3mica (que va desde la tradicional parrillada hasta platos m\u00e1s elaborados, como as\u00ed tambi\u00e9n la infaltable sandwicher\u00eda y picadas) y los espect\u00e1culos de m\u00fasica en vivo.<\/p>\n\n\n\n<p>Esta semana, desde el jueves, se ofrecer\u00e1n espect\u00e1culos en vivo de primer nivel:<\/p>\n\n\n\n<p><strong>El jueves 31\/03 a las 22.30<\/strong> en el marco del <strong><em>Ciclo \u201cJueves diferentes\u201d,<\/em><\/strong> se presenta <strong>Fulanos<\/strong>, Con lo mejor del pop nacional e internacional y todo el folclore con la participaci\u00f3n especial del Chango Moreno.<\/p>\n\n\n\n<figure class=\"wp-block-image size-large\"><a href=\"https:\/\/i0.wp.com\/elterritorialweb.com.ar\/web\/wp-content\/uploads\/2022\/03\/WhatsApp-Image-2022-03-30-at-4.13.55-PM.jpeg\"><img data-recalc-dims=\"1\" decoding=\"async\" width=\"576\" height=\"1024\" data-src=\"https:\/\/i0.wp.com\/elterritorialweb.com.ar\/web\/wp-content\/uploads\/2022\/03\/WhatsApp-Image-2022-03-30-at-4.13.55-PM.jpeg?resize=576%2C1024\" alt=\"\" class=\"wp-image-37844 lazyload\" data-srcset=\"https:\/\/i0.wp.com\/elterritorialweb.com.ar\/web\/wp-content\/uploads\/2022\/03\/WhatsApp-Image-2022-03-30-at-4.13.55-PM.jpeg?resize=576%2C1024&amp;ssl=1 576w, https:\/\/i0.wp.com\/elterritorialweb.com.ar\/web\/wp-content\/uploads\/2022\/03\/WhatsApp-Image-2022-03-30-at-4.13.55-PM.jpeg?resize=169%2C300&amp;ssl=1 169w, https:\/\/i0.wp.com\/elterritorialweb.com.ar\/web\/wp-content\/uploads\/2022\/03\/WhatsApp-Image-2022-03-30-at-4.13.55-PM.jpeg?w=720&amp;ssl=1 720w\" data-sizes=\"(max-width: 576px) 100vw, 576px\" src=\"data:image\/svg+xml;base64,PHN2ZyB3aWR0aD0iMSIgaGVpZ2h0PSIxIiB4bWxucz0iaHR0cDovL3d3dy53My5vcmcvMjAwMC9zdmciPjwvc3ZnPg==\" style=\"--smush-placeholder-width: 576px; --smush-placeholder-aspect-ratio: 576\/1024;\" \/><\/a><\/figure>\n\n\n\n<p><strong>El Viernes 1\/04 a las 23.00 \u00a0<\/strong>Pablo Araujo, quien fue participante del Certamen la Voz Argentina 2021 y ha sido galardonado en diversos festivales y consagrado con el gran premio El Zorzal. En esta oportunidad, presenta lo mejor del cancionero popular y composiciones propias junto a m\u00fasicos amigos<strong>.<\/strong> <\/p>\n\n\n\n<figure class=\"wp-block-image size-large\"><a href=\"https:\/\/i0.wp.com\/elterritorialweb.com.ar\/web\/wp-content\/uploads\/2022\/03\/WhatsApp-Image-2022-03-30-at-4.13.55-PM-1.jpeg\"><img data-recalc-dims=\"1\" decoding=\"async\" width=\"576\" height=\"1024\" data-src=\"https:\/\/i0.wp.com\/elterritorialweb.com.ar\/web\/wp-content\/uploads\/2022\/03\/WhatsApp-Image-2022-03-30-at-4.13.55-PM-1.jpeg?resize=576%2C1024\" alt=\"\" class=\"wp-image-37845 lazyload\" data-srcset=\"https:\/\/i0.wp.com\/elterritorialweb.com.ar\/web\/wp-content\/uploads\/2022\/03\/WhatsApp-Image-2022-03-30-at-4.13.55-PM-1.jpeg?resize=576%2C1024&amp;ssl=1 576w, https:\/\/i0.wp.com\/elterritorialweb.com.ar\/web\/wp-content\/uploads\/2022\/03\/WhatsApp-Image-2022-03-30-at-4.13.55-PM-1.jpeg?resize=169%2C300&amp;ssl=1 169w, https:\/\/i0.wp.com\/elterritorialweb.com.ar\/web\/wp-content\/uploads\/2022\/03\/WhatsApp-Image-2022-03-30-at-4.13.55-PM-1.jpeg?w=720&amp;ssl=1 720w\" data-sizes=\"(max-width: 576px) 100vw, 576px\" src=\"data:image\/svg+xml;base64,PHN2ZyB3aWR0aD0iMSIgaGVpZ2h0PSIxIiB4bWxucz0iaHR0cDovL3d3dy53My5vcmcvMjAwMC9zdmciPjwvc3ZnPg==\" style=\"--smush-placeholder-width: 576px; --smush-placeholder-aspect-ratio: 576\/1024;\" \/><\/a><\/figure>\n\n\n\n<p><strong>El S\u00e1bado 2\/04 a las 23.00 <\/strong>Los Umbides.<strong>\u00a0 <\/strong>Gran espect\u00e1culo de bombos legueros junto a bailarines del Taller de Danzas Huaucke.<\/p>\n\n\n\n<figure class=\"wp-block-image size-large\"><a href=\"https:\/\/i0.wp.com\/elterritorialweb.com.ar\/web\/wp-content\/uploads\/2022\/03\/WhatsApp-Image-2022-03-30-at-4.13.56-PM.jpeg\"><img data-recalc-dims=\"1\" decoding=\"async\" width=\"576\" height=\"1024\" data-src=\"https:\/\/i0.wp.com\/elterritorialweb.com.ar\/web\/wp-content\/uploads\/2022\/03\/WhatsApp-Image-2022-03-30-at-4.13.56-PM.jpeg?resize=576%2C1024\" alt=\"\" class=\"wp-image-37846 lazyload\" data-srcset=\"https:\/\/i0.wp.com\/elterritorialweb.com.ar\/web\/wp-content\/uploads\/2022\/03\/WhatsApp-Image-2022-03-30-at-4.13.56-PM.jpeg?resize=576%2C1024&amp;ssl=1 576w, https:\/\/i0.wp.com\/elterritorialweb.com.ar\/web\/wp-content\/uploads\/2022\/03\/WhatsApp-Image-2022-03-30-at-4.13.56-PM.jpeg?resize=169%2C300&amp;ssl=1 169w, https:\/\/i0.wp.com\/elterritorialweb.com.ar\/web\/wp-content\/uploads\/2022\/03\/WhatsApp-Image-2022-03-30-at-4.13.56-PM.jpeg?w=720&amp;ssl=1 720w\" data-sizes=\"(max-width: 576px) 100vw, 576px\" src=\"data:image\/svg+xml;base64,PHN2ZyB3aWR0aD0iMSIgaGVpZ2h0PSIxIiB4bWxucz0iaHR0cDovL3d3dy53My5vcmcvMjAwMC9zdmciPjwvc3ZnPg==\" style=\"--smush-placeholder-width: 576px; --smush-placeholder-aspect-ratio: 576\/1024;\" \/><\/a><\/figure>\n\n\n\n<p>Por reservas comunicarse a los tel\u00e9fonos 385 -6026507 o al 385 6247705. Av. Diego de Rojas s\/n. Parque Aguirre.<\/p>\n\n\n\n<p>Para m\u00e1s informaci\u00f3n visite las redes sociales (Facebook e Instagram) @lacasadelfolcloristaresto<\/p>\n","protected":false},"excerpt":{"rendered":"<p>La Casa del Folclorista, integra el cuarto de los cinco circuitos tur\u00edsticos que ofrece nuestra Ciudad Capital. Este lugar de gran envergadura para el folclore santiague\u00f1o es un centro cultural de atracci\u00f3n tur\u00edstica. La atenci\u00f3n al p\u00fablico actual es de martes a domingo mediod\u00eda y noche.<\/p>\n","protected":false},"author":2,"featured_media":37843,"comment_status":"open","ping_status":"open","sticky":false,"template":"","format":"standard","meta":{"om_disable_all_campaigns":false,"_monsterinsights_skip_tracking":false,"_monsterinsights_sitenote_active":false,"_monsterinsights_sitenote_note":"","_monsterinsights_sitenote_category":0,"_uf_show_specific_survey":0,"_uf_disable_surveys":false,"jetpack_post_was_ever_published":false,"_jetpack_newsletter_access":"","_jetpack_dont_email_post_to_subs":false,"_jetpack_newsletter_tier_id":0,"_jetpack_memberships_contains_paywalled_content":false,"_jetpack_memberships_contains_paid_content":false,"footnotes":"","jetpack_publicize_message":"","jetpack_publicize_feature_enabled":true,"jetpack_social_post_already_shared":false,"jetpack_social_options":{"image_generator_settings":{"template":"highway","default_image_id":0,"font":"","enabled":false},"version":2}},"categories":[20],"tags":[],"class_list":["post-37842","post","type-post","status-publish","format-standard","has-post-thumbnail","hentry","category-especysociales"],"aioseo_notices":[],"views":40,"jetpack_publicize_connections":[],"jetpack_featured_media_url":"https:\/\/i0.wp.com\/elterritorialweb.com.ar\/web\/wp-content\/uploads\/2022\/03\/CASA-DEL-FOLKLORISTA-1.jpg?fit=800%2C531&ssl=1","jetpack_sharing_enabled":true,"_links":{"self":[{"href":"https:\/\/elterritorialweb.com.ar\/web\/wp-json\/wp\/v2\/posts\/37842","targetHints":{"allow":["GET"]}}],"collection":[{"href":"https:\/\/elterritorialweb.com.ar\/web\/wp-json\/wp\/v2\/posts"}],"about":[{"href":"https:\/\/elterritorialweb.com.ar\/web\/wp-json\/wp\/v2\/types\/post"}],"author":[{"embeddable":true,"href":"https:\/\/elterritorialweb.com.ar\/web\/wp-json\/wp\/v2\/users\/2"}],"replies":[{"embeddable":true,"href":"https:\/\/elterritorialweb.com.ar\/web\/wp-json\/wp\/v2\/comments?post=37842"}],"version-history":[{"count":2,"href":"https:\/\/elterritorialweb.com.ar\/web\/wp-json\/wp\/v2\/posts\/37842\/revisions"}],"predecessor-version":[{"id":37848,"href":"https:\/\/elterritorialweb.com.ar\/web\/wp-json\/wp\/v2\/posts\/37842\/revisions\/37848"}],"wp:featuredmedia":[{"embeddable":true,"href":"https:\/\/elterritorialweb.com.ar\/web\/wp-json\/wp\/v2\/media\/37843"}],"wp:attachment":[{"href":"https:\/\/elterritorialweb.com.ar\/web\/wp-json\/wp\/v2\/media?parent=37842"}],"wp:term":[{"taxonomy":"category","embeddable":true,"href":"https:\/\/elterritorialweb.com.ar\/web\/wp-json\/wp\/v2\/categories?post=37842"},{"taxonomy":"post_tag","embeddable":true,"href":"https:\/\/elterritorialweb.com.ar\/web\/wp-json\/wp\/v2\/tags?post=37842"}],"curies":[{"name":"wp","href":"https:\/\/api.w.org\/{rel}","templated":true}]}}