{"id":37849,"date":"2022-03-31T13:20:01","date_gmt":"2022-03-31T13:20:01","guid":{"rendered":"http:\/\/elterritorialweb.com.ar\/web\/?p=37849"},"modified":"2022-03-31T13:20:01","modified_gmt":"2022-03-31T13:20:01","slug":"la-municipalidad-prepara-el-encuentro-nacional-de-artesanos-para-semana-santa","status":"publish","type":"post","link":"https:\/\/elterritorialweb.com.ar\/web\/la-municipalidad-prepara-el-encuentro-nacional-de-artesanos-para-semana-santa\/","title":{"rendered":"LA MUNICIPALIDAD PREPARA EL ENCUENTRO NACIONAL DE ARTESANOS PARA SEMANA SANTA"},"content":{"rendered":"\n<p>El anuncio estuvo a cargo del subsecretario de Cultura y Turismo Municipal, Arq. Rodolfo Legname; del director de Cultura, Francisco Avenda\u00f1o, y del Presidente de la Asociaci\u00f3n de Artesanos de Santiago del Estero, Ricardo Contreras.<\/p>\n\n\n\n<p>\u201cNo solo se podr\u00e1 disfrutar de una exposici\u00f3n o feria de artesan\u00edas, sino tambi\u00e9n habr\u00e1 contactos con los artesanos\u201d, remarc\u00f3 Legname al indicar que se trata de un reencuentro tras los dos a\u00f1os que esta actividad qued\u00f3 postergada por la pandemia.<\/p>\n\n\n\n<p>Por su parte, Contreras remarc\u00f3 que en esta edici\u00f3n cuenta con una amplia repercusi\u00f3n entre los artesanos quienes presentar\u00e1n producciones en diversos rubros como cer\u00e1mica, metales, hilados, tejidos, jugueter\u00eda, cueros, entre otros.<\/p>\n\n\n\n<p>\u201cHabr\u00e1 demostraciones, talleres, conferencias y charlas para abordar la tem\u00e1tica de la artesan\u00eda desde distintas miradas\u201d, detall\u00f3.<\/p>\n\n\n\n<p>El encuentro tendr\u00e1 la participaci\u00f3n de artesanos locales, del interior santiague\u00f1o y de otras provincias como C\u00f3rdoba, Jujuy, Entre R\u00edos, Chaco y de Salta. \u201cEsto nos entusiasma porque habr\u00e1 una propuesta muy interesante y variada\u201d, indic\u00f3.<\/p>\n\n\n\n<p>El evento ser\u00e1 los d\u00edas 14, 15, 16 y 17 de abril de 16 horas hasta las 24 horas y tambi\u00e9n contar\u00e1 shows musicales en vivo.<\/p>\n","protected":false},"excerpt":{"rendered":"<p>Entre el jueves 14 y el domingo 17 de abril pr\u00f3ximo se realizar\u00e1 el Encuentro Nacional de Artesanos en el parque Oeste, organizado por la Municipalidad de la Capital, en el marco de las actividades de accesos libres y gratuitos previstos para la Semana Santa.<\/p>\n","protected":false},"author":2,"featured_media":37850,"comment_status":"open","ping_status":"open","sticky":false,"template":"","format":"standard","meta":{"om_disable_all_campaigns":false,"_monsterinsights_skip_tracking":false,"_monsterinsights_sitenote_active":false,"_monsterinsights_sitenote_note":"","_monsterinsights_sitenote_category":0,"_uf_show_specific_survey":0,"_uf_disable_surveys":false,"jetpack_post_was_ever_published":false,"_jetpack_newsletter_access":"","_jetpack_dont_email_post_to_subs":false,"_jetpack_newsletter_tier_id":0,"_jetpack_memberships_contains_paywalled_content":false,"_jetpack_memberships_contains_paid_content":false,"footnotes":"","jetpack_publicize_message":"","jetpack_publicize_feature_enabled":true,"jetpack_social_post_already_shared":false,"jetpack_social_options":{"image_generator_settings":{"template":"highway","default_image_id":0,"font":"","enabled":false},"version":2}},"categories":[21],"tags":[],"class_list":["post-37849","post","type-post","status-publish","format-standard","has-post-thumbnail","hentry","category-locales"],"aioseo_notices":[],"views":10,"jetpack_publicize_connections":[],"jetpack_featured_media_url":"https:\/\/i0.wp.com\/elterritorialweb.com.ar\/web\/wp-content\/uploads\/2022\/03\/Encuentro-artesanos.jpg?fit=1600%2C987&ssl=1","jetpack_sharing_enabled":true,"_links":{"self":[{"href":"https:\/\/elterritorialweb.com.ar\/web\/wp-json\/wp\/v2\/posts\/37849","targetHints":{"allow":["GET"]}}],"collection":[{"href":"https:\/\/elterritorialweb.com.ar\/web\/wp-json\/wp\/v2\/posts"}],"about":[{"href":"https:\/\/elterritorialweb.com.ar\/web\/wp-json\/wp\/v2\/types\/post"}],"author":[{"embeddable":true,"href":"https:\/\/elterritorialweb.com.ar\/web\/wp-json\/wp\/v2\/users\/2"}],"replies":[{"embeddable":true,"href":"https:\/\/elterritorialweb.com.ar\/web\/wp-json\/wp\/v2\/comments?post=37849"}],"version-history":[{"count":1,"href":"https:\/\/elterritorialweb.com.ar\/web\/wp-json\/wp\/v2\/posts\/37849\/revisions"}],"predecessor-version":[{"id":37851,"href":"https:\/\/elterritorialweb.com.ar\/web\/wp-json\/wp\/v2\/posts\/37849\/revisions\/37851"}],"wp:featuredmedia":[{"embeddable":true,"href":"https:\/\/elterritorialweb.com.ar\/web\/wp-json\/wp\/v2\/media\/37850"}],"wp:attachment":[{"href":"https:\/\/elterritorialweb.com.ar\/web\/wp-json\/wp\/v2\/media?parent=37849"}],"wp:term":[{"taxonomy":"category","embeddable":true,"href":"https:\/\/elterritorialweb.com.ar\/web\/wp-json\/wp\/v2\/categories?post=37849"},{"taxonomy":"post_tag","embeddable":true,"href":"https:\/\/elterritorialweb.com.ar\/web\/wp-json\/wp\/v2\/tags?post=37849"}],"curies":[{"name":"wp","href":"https:\/\/api.w.org\/{rel}","templated":true}]}}