{"id":37852,"date":"2022-03-31T13:30:48","date_gmt":"2022-03-31T13:30:48","guid":{"rendered":"http:\/\/elterritorialweb.com.ar\/web\/?p=37852"},"modified":"2022-03-31T13:30:49","modified_gmt":"2022-03-31T13:30:49","slug":"la-municipalidad-presento-la-realizacion-del-primer-festival-danzar-santiago-del-estero","status":"publish","type":"post","link":"https:\/\/elterritorialweb.com.ar\/web\/la-municipalidad-presento-la-realizacion-del-primer-festival-danzar-santiago-del-estero\/","title":{"rendered":"LA MUNICIPALIDAD PRESENT\u00d3 LA REALIZACI\u00d3N DEL PRIMER FESTIVAL \u00abDANZAR SANTIAGO DEL ESTERO\u00bb"},"content":{"rendered":"\n<p>Con el objetivo de difundir la actividad de la comunidad de bailarines santiague\u00f1os y fortalecer a la ciudad como un destino tur\u00edstico; se dictar\u00e1n conversatorios, disertaciones, talleres e intervenciones art\u00edsticas destinadas a los vecinos y visitantes de todo el pa\u00eds, con entrada libre y gratuita.<\/p>\n\n\n\n<p>En este sentido, el subsecretario de Cultura, Rodolfo Legname, acompa\u00f1ado por el director del \u00e1rea, Francisco Avenda\u00f1o, indic\u00f3 que \u00abesta propuesta busca jerarquizar el baile como manifestaci\u00f3n art\u00edstica de los santiague\u00f1os, con g\u00e9neros como chacarera, contempor\u00e1nea, cl\u00e1sica, tango, ritmos urbanos, folclore y \u00e1rabes\u00bb.<\/p>\n\n\n\n<p>\u00abQueremos que sea el festival de danzas m\u00e1s grande de la historia de la ciudad, despertando el bailar\u00edn que todos los santiague\u00f1os llevamos dentro, habilitando tambi\u00e9n espacios p\u00fablicos para que todos los que lo deseen puedan desplegar sus habilidades\u00bb, agreg\u00f3.<\/p>\n\n\n\n<p>Por su parte, Nicol\u00e1s Azar, se\u00f1al\u00f3 que \u00abla iniciativa busca fomentar el intercambio con los trabajadores de la danza de todo el pa\u00eds, procurando reforzar la reflexi\u00f3n y el disfrute de las danzas, apuntando a favorecer el encuentro, el di\u00e1logo y la creatividad\u00bb.<\/p>\n\n\n\n<p>A su turno, Valentina Luque, destac\u00f3 que el evento contar\u00e1 con la participaci\u00f3n de autoridades del Fondo Nacional de las Artes y de reconocidos talleristas de renombre internacional, a la vez que agradeci\u00f3 al municipio \u00abpor el permanente apoyo que brinda a la comunidad de bailarines locales\u00bb.<\/p>\n","protected":false},"excerpt":{"rendered":"<p>La Municipalidad de la Capital y el Movimiento Santiague\u00f1o de Danzas anunciaron la realizaci\u00f3n del primer festival \u00abDanzar Santiago del Estero\u00bb, que se desarrollar\u00e1 durante ocho d\u00edas seguidos a partir del pr\u00f3ximo 22 de abril, en diferentes lugares emblem\u00e1ticos de la ciudad.<\/p>\n","protected":false},"author":2,"featured_media":37853,"comment_status":"open","ping_status":"open","sticky":false,"template":"","format":"standard","meta":{"om_disable_all_campaigns":false,"_monsterinsights_skip_tracking":false,"_monsterinsights_sitenote_active":false,"_monsterinsights_sitenote_note":"","_monsterinsights_sitenote_category":0,"_uf_show_specific_survey":0,"_uf_disable_surveys":false,"jetpack_post_was_ever_published":false,"_jetpack_newsletter_access":"","_jetpack_dont_email_post_to_subs":false,"_jetpack_newsletter_tier_id":0,"_jetpack_memberships_contains_paywalled_content":false,"_jetpack_memberships_contains_paid_content":false,"footnotes":"","jetpack_publicize_message":"","jetpack_publicize_feature_enabled":true,"jetpack_social_post_already_shared":false,"jetpack_social_options":{"image_generator_settings":{"template":"highway","default_image_id":0,"font":"","enabled":false},"version":2}},"categories":[21],"tags":[],"class_list":["post-37852","post","type-post","status-publish","format-standard","has-post-thumbnail","hentry","category-locales"],"aioseo_notices":[],"views":13,"jetpack_publicize_connections":[],"jetpack_featured_media_url":"https:\/\/i0.wp.com\/elterritorialweb.com.ar\/web\/wp-content\/uploads\/2022\/03\/Festival-Danzar-Santiago.jpg?fit=1600%2C1079&ssl=1","jetpack_sharing_enabled":true,"_links":{"self":[{"href":"https:\/\/elterritorialweb.com.ar\/web\/wp-json\/wp\/v2\/posts\/37852","targetHints":{"allow":["GET"]}}],"collection":[{"href":"https:\/\/elterritorialweb.com.ar\/web\/wp-json\/wp\/v2\/posts"}],"about":[{"href":"https:\/\/elterritorialweb.com.ar\/web\/wp-json\/wp\/v2\/types\/post"}],"author":[{"embeddable":true,"href":"https:\/\/elterritorialweb.com.ar\/web\/wp-json\/wp\/v2\/users\/2"}],"replies":[{"embeddable":true,"href":"https:\/\/elterritorialweb.com.ar\/web\/wp-json\/wp\/v2\/comments?post=37852"}],"version-history":[{"count":1,"href":"https:\/\/elterritorialweb.com.ar\/web\/wp-json\/wp\/v2\/posts\/37852\/revisions"}],"predecessor-version":[{"id":37854,"href":"https:\/\/elterritorialweb.com.ar\/web\/wp-json\/wp\/v2\/posts\/37852\/revisions\/37854"}],"wp:featuredmedia":[{"embeddable":true,"href":"https:\/\/elterritorialweb.com.ar\/web\/wp-json\/wp\/v2\/media\/37853"}],"wp:attachment":[{"href":"https:\/\/elterritorialweb.com.ar\/web\/wp-json\/wp\/v2\/media?parent=37852"}],"wp:term":[{"taxonomy":"category","embeddable":true,"href":"https:\/\/elterritorialweb.com.ar\/web\/wp-json\/wp\/v2\/categories?post=37852"},{"taxonomy":"post_tag","embeddable":true,"href":"https:\/\/elterritorialweb.com.ar\/web\/wp-json\/wp\/v2\/tags?post=37852"}],"curies":[{"name":"wp","href":"https:\/\/api.w.org\/{rel}","templated":true}]}}