{"id":37855,"date":"2022-03-31T18:01:45","date_gmt":"2022-03-31T18:01:45","guid":{"rendered":"http:\/\/elterritorialweb.com.ar\/web\/?p=37855"},"modified":"2022-03-31T19:41:58","modified_gmt":"2022-03-31T19:41:58","slug":"zamora-y-vizzotti-inauguraron-el-nuevo-edificio-del-ceammse","status":"publish","type":"post","link":"https:\/\/elterritorialweb.com.ar\/web\/zamora-y-vizzotti-inauguraron-el-nuevo-edificio-del-ceammse\/","title":{"rendered":"ZAMORA Y VIZZOTTI INAUGURARON EL NUEVO EDIFICIO DEL CEAMMSE"},"content":{"rendered":"\n<p>El gobernador Gerardo Zamora, junto con la ministra de Salud de la Naci\u00f3n, Carla Vizzotti, dejaron oficialmente inaugurado el nuevo edificio del Centro Especializado de An\u00e1lisis Molecuclares y Metab\u00f3licos de Santiago del Estero (Ceammse), ubicado en el barrio Siglo XX, junto al Hospital Mama Antula, donde adem\u00e1s pusieron en servicio un tom\u00f3grafo de \u00faltima generaci\u00f3n.<\/p>\n\n\n\n<figure class=\"wp-block-image size-full\"><a href=\"https:\/\/i0.wp.com\/elterritorialweb.com.ar\/web\/wp-content\/uploads\/2022\/03\/FB_IMG_1648749039630.jpg\"><img data-recalc-dims=\"1\" decoding=\"async\" width=\"640\" height=\"426\" data-src=\"https:\/\/i0.wp.com\/elterritorialweb.com.ar\/web\/wp-content\/uploads\/2022\/03\/FB_IMG_1648749039630.jpg?resize=640%2C426\" alt=\"\" class=\"wp-image-37857 lazyload\" data-srcset=\"https:\/\/i0.wp.com\/elterritorialweb.com.ar\/web\/wp-content\/uploads\/2022\/03\/FB_IMG_1648749039630.jpg?w=720&amp;ssl=1 720w, https:\/\/i0.wp.com\/elterritorialweb.com.ar\/web\/wp-content\/uploads\/2022\/03\/FB_IMG_1648749039630.jpg?resize=300%2C200&amp;ssl=1 300w\" data-sizes=\"(max-width: 640px) 100vw, 640px\" src=\"data:image\/svg+xml;base64,PHN2ZyB3aWR0aD0iMSIgaGVpZ2h0PSIxIiB4bWxucz0iaHR0cDovL3d3dy53My5vcmcvMjAwMC9zdmciPjwvc3ZnPg==\" style=\"--smush-placeholder-width: 640px; --smush-placeholder-aspect-ratio: 640\/426;\" \/><\/a><\/figure>\n\n\n\n<p>Tambi\u00e9n participaron del acto el vicegobernador Carlos Silva Neder y los ministros de Salud de la Provincia, Natividad Nasif, y de Obras P\u00fablicas, Argentino Cambrini, entre otros funcionarios.<\/p>\n\n\n\n<figure class=\"wp-block-image size-full\"><a href=\"https:\/\/i0.wp.com\/elterritorialweb.com.ar\/web\/wp-content\/uploads\/2022\/03\/FB_IMG_1648749042043.jpg\"><img data-recalc-dims=\"1\" decoding=\"async\" width=\"640\" height=\"511\" data-src=\"https:\/\/i0.wp.com\/elterritorialweb.com.ar\/web\/wp-content\/uploads\/2022\/03\/FB_IMG_1648749042043.jpg?resize=640%2C511\" alt=\"\" class=\"wp-image-37858 lazyload\" data-srcset=\"https:\/\/i0.wp.com\/elterritorialweb.com.ar\/web\/wp-content\/uploads\/2022\/03\/FB_IMG_1648749042043.jpg?w=720&amp;ssl=1 720w, https:\/\/i0.wp.com\/elterritorialweb.com.ar\/web\/wp-content\/uploads\/2022\/03\/FB_IMG_1648749042043.jpg?resize=300%2C240&amp;ssl=1 300w\" data-sizes=\"(max-width: 640px) 100vw, 640px\" src=\"data:image\/svg+xml;base64,PHN2ZyB3aWR0aD0iMSIgaGVpZ2h0PSIxIiB4bWxucz0iaHR0cDovL3d3dy53My5vcmcvMjAwMC9zdmciPjwvc3ZnPg==\" style=\"--smush-placeholder-width: 640px; --smush-placeholder-aspect-ratio: 640\/511;\" \/><\/a><\/figure>\n\n\n\n<p>D kkurante el recorrido por el Ceammse el gobernador expres\u00f3 su agradecimiento a todo el personal de un centro de salud que tuvo un papel fundamental en la lucha contra el covid. \u00abAqu\u00ed se salvaron muchas vidas. Estoy muy agradecido por eso y por todo lo que siguen haciendo\u00bb, dijo.<\/p>\n\n\n\n<figure class=\"wp-block-image size-full is-resized\"><a href=\"https:\/\/i0.wp.com\/elterritorialweb.com.ar\/web\/wp-content\/uploads\/2022\/03\/FB_IMG_1648749049383.jpg\"><img data-recalc-dims=\"1\" decoding=\"async\" data-src=\"https:\/\/i0.wp.com\/elterritorialweb.com.ar\/web\/wp-content\/uploads\/2022\/03\/FB_IMG_1648749049383.jpg?resize=551%2C366\" alt=\"\" class=\"wp-image-37859 lazyload\" width=\"551\" height=\"366\" data-srcset=\"https:\/\/i0.wp.com\/elterritorialweb.com.ar\/web\/wp-content\/uploads\/2022\/03\/FB_IMG_1648749049383.jpg?w=720&amp;ssl=1 720w, https:\/\/i0.wp.com\/elterritorialweb.com.ar\/web\/wp-content\/uploads\/2022\/03\/FB_IMG_1648749049383.jpg?resize=300%2C200&amp;ssl=1 300w\" data-sizes=\"(max-width: 551px) 100vw, 551px\" src=\"data:image\/svg+xml;base64,PHN2ZyB3aWR0aD0iMSIgaGVpZ2h0PSIxIiB4bWxucz0iaHR0cDovL3d3dy53My5vcmcvMjAwMC9zdmciPjwvc3ZnPg==\" style=\"--smush-placeholder-width: 551px; --smush-placeholder-aspect-ratio: 551\/366;\" \/><\/a><\/figure>\n\n\n\n<p>Por su parte, la ministra Vizzotti resalt\u00f3 la decisi\u00f3n pol\u00edtica de invertir en salud de manera eficiente. \u00abEn Santiago del Estero se hicieron las cosas bien y de manera oportuna lo que permiti\u00f3 retrasar el impacto de la pandemia y hoy se sigue invirtiendo en salud\u00bb.<\/p>\n\n\n\n<figure class=\"wp-block-image size-full\"><a href=\"https:\/\/i0.wp.com\/elterritorialweb.com.ar\/web\/wp-content\/uploads\/2022\/03\/FB_IMG_1648749105866.jpg\"><img data-recalc-dims=\"1\" decoding=\"async\" width=\"640\" height=\"360\" data-src=\"https:\/\/i0.wp.com\/elterritorialweb.com.ar\/web\/wp-content\/uploads\/2022\/03\/FB_IMG_1648749105866.jpg?resize=640%2C360\" alt=\"\" class=\"wp-image-37860 lazyload\" data-srcset=\"https:\/\/i0.wp.com\/elterritorialweb.com.ar\/web\/wp-content\/uploads\/2022\/03\/FB_IMG_1648749105866.jpg?w=720&amp;ssl=1 720w, https:\/\/i0.wp.com\/elterritorialweb.com.ar\/web\/wp-content\/uploads\/2022\/03\/FB_IMG_1648749105866.jpg?resize=300%2C169&amp;ssl=1 300w\" data-sizes=\"(max-width: 640px) 100vw, 640px\" src=\"data:image\/svg+xml;base64,PHN2ZyB3aWR0aD0iMSIgaGVpZ2h0PSIxIiB4bWxucz0iaHR0cDovL3d3dy53My5vcmcvMjAwMC9zdmciPjwvc3ZnPg==\" style=\"--smush-placeholder-width: 640px; --smush-placeholder-aspect-ratio: 640\/360;\" \/><\/a><\/figure>\n\n\n\n<p>La provincia desembols\u00f3 $ 141 millones para la construcci\u00f3n del edificio del Ceammse que cuenta con equipos totalmente nuevos aportados por la Naci\u00f3n.<\/p>\n","protected":false},"excerpt":{"rendered":"<p>El nuevo edificio se encuentra ubicado en el Barrio Siglo XX, zona sur de la ciudad Capital <\/p>\n","protected":false},"author":2,"featured_media":37856,"comment_status":"open","ping_status":"open","sticky":false,"template":"","format":"standard","meta":{"om_disable_all_campaigns":false,"_monsterinsights_skip_tracking":false,"_monsterinsights_sitenote_active":false,"_monsterinsights_sitenote_note":"","_monsterinsights_sitenote_category":0,"_uf_show_specific_survey":0,"_uf_disable_surveys":false,"jetpack_post_was_ever_published":false,"_jetpack_newsletter_access":"","_jetpack_dont_email_post_to_subs":false,"_jetpack_newsletter_tier_id":0,"_jetpack_memberships_contains_paywalled_content":false,"_jetpack_memberships_contains_paid_content":false,"footnotes":"","jetpack_publicize_message":"","jetpack_publicize_feature_enabled":true,"jetpack_social_post_already_shared":false,"jetpack_social_options":{"image_generator_settings":{"template":"highway","default_image_id":0,"font":"","enabled":false},"version":2}},"categories":[21],"tags":[],"class_list":["post-37855","post","type-post","status-publish","format-standard","has-post-thumbnail","hentry","category-locales"],"aioseo_notices":[],"views":8,"jetpack_publicize_connections":[],"jetpack_featured_media_url":"https:\/\/i0.wp.com\/elterritorialweb.com.ar\/web\/wp-content\/uploads\/2022\/03\/FB_IMG_1648749037265.jpg?fit=720%2C479&ssl=1","jetpack_sharing_enabled":true,"_links":{"self":[{"href":"https:\/\/elterritorialweb.com.ar\/web\/wp-json\/wp\/v2\/posts\/37855","targetHints":{"allow":["GET"]}}],"collection":[{"href":"https:\/\/elterritorialweb.com.ar\/web\/wp-json\/wp\/v2\/posts"}],"about":[{"href":"https:\/\/elterritorialweb.com.ar\/web\/wp-json\/wp\/v2\/types\/post"}],"author":[{"embeddable":true,"href":"https:\/\/elterritorialweb.com.ar\/web\/wp-json\/wp\/v2\/users\/2"}],"replies":[{"embeddable":true,"href":"https:\/\/elterritorialweb.com.ar\/web\/wp-json\/wp\/v2\/comments?post=37855"}],"version-history":[{"count":1,"href":"https:\/\/elterritorialweb.com.ar\/web\/wp-json\/wp\/v2\/posts\/37855\/revisions"}],"predecessor-version":[{"id":37861,"href":"https:\/\/elterritorialweb.com.ar\/web\/wp-json\/wp\/v2\/posts\/37855\/revisions\/37861"}],"wp:featuredmedia":[{"embeddable":true,"href":"https:\/\/elterritorialweb.com.ar\/web\/wp-json\/wp\/v2\/media\/37856"}],"wp:attachment":[{"href":"https:\/\/elterritorialweb.com.ar\/web\/wp-json\/wp\/v2\/media?parent=37855"}],"wp:term":[{"taxonomy":"category","embeddable":true,"href":"https:\/\/elterritorialweb.com.ar\/web\/wp-json\/wp\/v2\/categories?post=37855"},{"taxonomy":"post_tag","embeddable":true,"href":"https:\/\/elterritorialweb.com.ar\/web\/wp-json\/wp\/v2\/tags?post=37855"}],"curies":[{"name":"wp","href":"https:\/\/api.w.org\/{rel}","templated":true}]}}