{"id":37862,"date":"2022-03-31T20:08:03","date_gmt":"2022-03-31T20:08:03","guid":{"rendered":"http:\/\/elterritorialweb.com.ar\/web\/?p=37862"},"modified":"2022-03-31T20:08:03","modified_gmt":"2022-03-31T20:08:03","slug":"reprograman-la-agenda-del-moto-gp-en-termas-de-rio-hondo","status":"publish","type":"post","link":"https:\/\/elterritorialweb.com.ar\/web\/reprograman-la-agenda-del-moto-gp-en-termas-de-rio-hondo\/","title":{"rendered":"REPROGRAMAN LA AGENDA DEL MOTO GP EN TERMAS DE R\u00cdO HONDO"},"content":{"rendered":"\n<p>En Las Termas de R\u00edo Hondo est\u00e1 todo preparado para recibir la vuelta del\u00a0MotoGP\u00a0tras dos a\u00f1os de ausencia por la pandemia. La actividad en pista estaba programada para que arrancara este viernes en las tres categor\u00edas que integran. Pero no ser\u00e1 as\u00ed. <\/p>\n\n\n\n<p>Las motos reci\u00e9n podr\u00e1n circular desde este s\u00e1bado debido a que se produjo un inconveniente con un vuelo de carga que trasladaba algunos\u00a0equipos\u00a0de la especialidad reina, Moto2 y Moto3. Por su parte, el director ejecutivo de Dorna, Carmelo Ezpeleta, explic\u00f3 los motivos de que el Gran Premio Michelin de la Rep\u00fablica Argentina modificase este jueves el cronograma de\u00a0actividades. <\/p>\n\n\n\n<p>Entre los puntos que ofreci\u00f3 el CEO espa\u00f1ol hizo referencia a la invasi\u00f3n rusa en Ucrania, que perjudica en gran parte la log\u00edstica internacional.<\/p>\n\n\n\n<p>\u201cEste mi\u00e9rcoles salieron los vuelos de Lombok (Indonesia) a Argentina, pero uno de ellos tuvo un problema en Mombasa, \u00c1frica. Por tanto, tomamos la decisi\u00f3n de que uno de los vuelos que ya hab\u00eda llegado a este pa\u00cds regresara a Lombok para trasladar lo restante. Aunque por desgracia este avi\u00f3n tambi\u00e9n sufri\u00f3 un problema t\u00e9cnico en Mombasa\u201d, relat\u00f3 Carmelo Ezpeleta este mediod\u00eda en esta ciudad termense.<\/p>\n\n\n\n<p>Las terminales m\u00e1s afectadas son: Ducati, Gresini, VR46, Yamaha, RNF, Suzuki, KTM, Tech3 y Michelin, adem\u00e1s de equipos de Moto2 y Moto3. Seg\u00fan estima la organizaci\u00f3n, este viernes ya estar\u00e1n todos en boxes.<\/p>\n\n\n\n<figure class=\"wp-block-image is-resized\"><img data-recalc-dims=\"1\" decoding=\"async\" data-src=\"https:\/\/i0.wp.com\/media.lacapital.com.ar\/p\/0fc8f445705fe757516870cf5758d433\/adjuntos\/203\/imagenes\/100\/064\/0100064062\/642x0\/smart\/ezpeletajpg.jpg?resize=640%2C360&#038;ssl=1\" alt=\"El CEO de Dorna, Carmelo Ezpeleta conf\u00eda en que el vuelo que debe traer varios equipos llegue este viernes.\" width=\"640\" height=\"360\" src=\"data:image\/svg+xml;base64,PHN2ZyB3aWR0aD0iMSIgaGVpZ2h0PSIxIiB4bWxucz0iaHR0cDovL3d3dy53My5vcmcvMjAwMC9zdmciPjwvc3ZnPg==\" class=\"lazyload\" style=\"--smush-placeholder-width: 640px; --smush-placeholder-aspect-ratio: 640\/360;\" \/><\/figure>\n\n\n\n<p>\u201cEl objetivo era que llegara todo ayer (mi\u00e9rcoles), pero el problema era m\u00e1s grave de lo previsto. Estaba en una de las v\u00e1lvulas de los cuatro motores, por lo que hemos solicitado dos aviones de Londres y Par\u00eds, que llevar\u00e1n las v\u00e1lvulas a Mombasa. Si todo va bien el vuelo llegar\u00e1 a tiempo para poder cumplir el nuevo horario del s\u00e1bado\u201d, explic\u00f3.<\/p>\n\n\n\n<p>Ezpeleta, quien a su vez destac\u00f3 que la guerra entre Rusia y Ucrania afecto tambi\u00e9n la log\u00edstica del Mundial para que todo el cargamento llegue a Las Termas de R\u00edo Hondo.<\/p>\n\n\n\n<p>Las sanciones internacionales al pa\u00eds presidido por Vladimir Putin han reducido la flota internacional de vuelos de mercanc\u00edas, ya que en torno a un 20% de dichos vuelos son rusos: \u201cEs un problema que se ha agravado por la guerra en Ucrania, ya que muchos vuelos de mercanc\u00edas son de compa\u00f1\u00edas rusas y esos vuelos est\u00e1n cancelados ahora mismo\u201d, respondi\u00f3 el mandam\u00e1s de MotoGP.<\/p>\n\n\n\n<p>Por lo tanto, los fan\u00e1ticos que ya est\u00e1n llegando en masa a esta ciudad deber\u00e1n esperar un d\u00eda m\u00e1s para poder ver a las potentes motos girar en pista. No obstante, desde Dorna y la propia organizaci\u00f3n remarcaron que el paso de la 3\u00aa fecha del Mundial del MotoGP ser\u00e1 un \u00e9xito por la pasi\u00f3n que exhiben sus fans, quienes provienen de todo el rinc\u00f3n del pa\u00eds y diversos pa\u00edses vecinos.<\/p>\n","protected":false},"excerpt":{"rendered":"<p>El retraso de un vuelo de carga que tra\u00eda varios equipos de MotoGP, Moto2 y Moto3 oblig\u00f3 a suspender la actividad de este viernes y postergar todo para el s\u00e1bado<\/p>\n","protected":false},"author":2,"featured_media":37863,"comment_status":"open","ping_status":"open","sticky":false,"template":"","format":"standard","meta":{"om_disable_all_campaigns":false,"_monsterinsights_skip_tracking":false,"_monsterinsights_sitenote_active":false,"_monsterinsights_sitenote_note":"","_monsterinsights_sitenote_category":0,"_uf_show_specific_survey":0,"_uf_disable_surveys":false,"jetpack_post_was_ever_published":false,"_jetpack_newsletter_access":"","_jetpack_dont_email_post_to_subs":false,"_jetpack_newsletter_tier_id":0,"_jetpack_memberships_contains_paywalled_content":false,"_jetpack_memberships_contains_paid_content":false,"footnotes":"","jetpack_publicize_message":"","jetpack_publicize_feature_enabled":true,"jetpack_social_post_already_shared":false,"jetpack_social_options":{"image_generator_settings":{"template":"highway","default_image_id":0,"font":"","enabled":false},"version":2}},"categories":[6],"tags":[],"class_list":["post-37862","post","type-post","status-publish","format-standard","has-post-thumbnail","hentry","category-deportes"],"aioseo_notices":[],"views":14,"jetpack_publicize_connections":[],"jetpack_featured_media_url":"https:\/\/i0.wp.com\/elterritorialweb.com.ar\/web\/wp-content\/uploads\/2022\/03\/MOTO-GP.jpg?fit=512%2C281&ssl=1","jetpack_sharing_enabled":true,"_links":{"self":[{"href":"https:\/\/elterritorialweb.com.ar\/web\/wp-json\/wp\/v2\/posts\/37862","targetHints":{"allow":["GET"]}}],"collection":[{"href":"https:\/\/elterritorialweb.com.ar\/web\/wp-json\/wp\/v2\/posts"}],"about":[{"href":"https:\/\/elterritorialweb.com.ar\/web\/wp-json\/wp\/v2\/types\/post"}],"author":[{"embeddable":true,"href":"https:\/\/elterritorialweb.com.ar\/web\/wp-json\/wp\/v2\/users\/2"}],"replies":[{"embeddable":true,"href":"https:\/\/elterritorialweb.com.ar\/web\/wp-json\/wp\/v2\/comments?post=37862"}],"version-history":[{"count":1,"href":"https:\/\/elterritorialweb.com.ar\/web\/wp-json\/wp\/v2\/posts\/37862\/revisions"}],"predecessor-version":[{"id":37864,"href":"https:\/\/elterritorialweb.com.ar\/web\/wp-json\/wp\/v2\/posts\/37862\/revisions\/37864"}],"wp:featuredmedia":[{"embeddable":true,"href":"https:\/\/elterritorialweb.com.ar\/web\/wp-json\/wp\/v2\/media\/37863"}],"wp:attachment":[{"href":"https:\/\/elterritorialweb.com.ar\/web\/wp-json\/wp\/v2\/media?parent=37862"}],"wp:term":[{"taxonomy":"category","embeddable":true,"href":"https:\/\/elterritorialweb.com.ar\/web\/wp-json\/wp\/v2\/categories?post=37862"},{"taxonomy":"post_tag","embeddable":true,"href":"https:\/\/elterritorialweb.com.ar\/web\/wp-json\/wp\/v2\/tags?post=37862"}],"curies":[{"name":"wp","href":"https:\/\/api.w.org\/{rel}","templated":true}]}}