{"id":37865,"date":"2022-03-31T20:33:35","date_gmt":"2022-03-31T20:33:35","guid":{"rendered":"http:\/\/elterritorialweb.com.ar\/web\/?p=37865"},"modified":"2022-03-31T20:55:29","modified_gmt":"2022-03-31T20:55:29","slug":"vizzotti-santiago-tiene-la-oportunidad-enorme-de-ser-modelo-en-materia-de-salud-mental","status":"publish","type":"post","link":"https:\/\/elterritorialweb.com.ar\/web\/vizzotti-santiago-tiene-la-oportunidad-enorme-de-ser-modelo-en-materia-de-salud-mental\/","title":{"rendered":"VIZZOTTI: \u00abSANTIAGO TIENE LA OPORTUNIDAD ENORME DE SER MODELO EN MATERIA DE SALUD MENTAL\u00bb"},"content":{"rendered":"\n<p>Como parte de una cargada agenda desarrollada durante la ma\u00f1ana de este jueves, el gobernador Gerardo Zamora y la ministra de Salud de la Naci\u00f3n, Carla Vizzotti, inauguraron el Centro Integral de Salud Mental \u00abDr. Diego Alcorta\u00bb ubicado en la localidad de El Polear, departamento Banda.<\/p>\n\n\n\n<figure class=\"wp-block-image size-full\"><a href=\"https:\/\/i0.wp.com\/elterritorialweb.com.ar\/web\/wp-content\/uploads\/2022\/03\/DIEGO-ALCORTA.jpg\"><img data-recalc-dims=\"1\" decoding=\"async\" width=\"640\" height=\"426\" data-src=\"https:\/\/i0.wp.com\/elterritorialweb.com.ar\/web\/wp-content\/uploads\/2022\/03\/DIEGO-ALCORTA.jpg?resize=640%2C426\" alt=\"\" class=\"wp-image-37871 lazyload\" data-srcset=\"https:\/\/i0.wp.com\/elterritorialweb.com.ar\/web\/wp-content\/uploads\/2022\/03\/DIEGO-ALCORTA.jpg?w=960&amp;ssl=1 960w, https:\/\/i0.wp.com\/elterritorialweb.com.ar\/web\/wp-content\/uploads\/2022\/03\/DIEGO-ALCORTA.jpg?resize=300%2C200&amp;ssl=1 300w, https:\/\/i0.wp.com\/elterritorialweb.com.ar\/web\/wp-content\/uploads\/2022\/03\/DIEGO-ALCORTA.jpg?resize=768%2C511&amp;ssl=1 768w\" data-sizes=\"(max-width: 640px) 100vw, 640px\" src=\"data:image\/svg+xml;base64,PHN2ZyB3aWR0aD0iMSIgaGVpZ2h0PSIxIiB4bWxucz0iaHR0cDovL3d3dy53My5vcmcvMjAwMC9zdmciPjwvc3ZnPg==\" style=\"--smush-placeholder-width: 640px; --smush-placeholder-aspect-ratio: 640\/426;\" \/><\/a><\/figure>\n\n\n\n<p>Acompa\u00f1aron en el acto el vicegobernador Carlos Silva Neder; el jefe de Gabinete, El\u00edas Su\u00e1rez y la ministra de Salud de la Provincia, Natividad Nasif. Adem\u00e1s de funcionarios de otras \u00e1reas, legisladores nacionales y provinciales; representantes de obras sociales y de casas de altos estudios.<\/p>\n\n\n\n<figure class=\"wp-block-image size-full\"><a href=\"https:\/\/i0.wp.com\/elterritorialweb.com.ar\/web\/wp-content\/uploads\/2022\/03\/DIEGO-ALCORTA-1.jpg\"><img data-recalc-dims=\"1\" decoding=\"async\" width=\"640\" height=\"427\" data-src=\"https:\/\/i0.wp.com\/elterritorialweb.com.ar\/web\/wp-content\/uploads\/2022\/03\/DIEGO-ALCORTA-1.jpg?resize=640%2C427\" alt=\"\" class=\"wp-image-37872 lazyload\" data-srcset=\"https:\/\/i0.wp.com\/elterritorialweb.com.ar\/web\/wp-content\/uploads\/2022\/03\/DIEGO-ALCORTA-1.jpg?w=960&amp;ssl=1 960w, https:\/\/i0.wp.com\/elterritorialweb.com.ar\/web\/wp-content\/uploads\/2022\/03\/DIEGO-ALCORTA-1.jpg?resize=300%2C200&amp;ssl=1 300w, https:\/\/i0.wp.com\/elterritorialweb.com.ar\/web\/wp-content\/uploads\/2022\/03\/DIEGO-ALCORTA-1.jpg?resize=768%2C512&amp;ssl=1 768w\" data-sizes=\"(max-width: 640px) 100vw, 640px\" src=\"data:image\/svg+xml;base64,PHN2ZyB3aWR0aD0iMSIgaGVpZ2h0PSIxIiB4bWxucz0iaHR0cDovL3d3dy53My5vcmcvMjAwMC9zdmciPjwvc3ZnPg==\" style=\"--smush-placeholder-width: 640px; --smush-placeholder-aspect-ratio: 640\/427;\" \/><\/a><\/figure>\n\n\n\n<p>Este centro cuenta con 92 camas distribuidos en 28 habitaciones con ba\u00f1os privados y 15 camas para pacientes con capacidades diferentes con ba\u00f1o privado adecuado a las necesidades. En esta ocasi\u00f3n tambi\u00e9n fue entregada una ambulancia.<\/p>\n\n\n\n<figure class=\"wp-block-image size-full\"><a href=\"https:\/\/i0.wp.com\/elterritorialweb.com.ar\/web\/wp-content\/uploads\/2022\/03\/DIEGO-ALCORTA-2-1.jpg\"><img data-recalc-dims=\"1\" decoding=\"async\" width=\"640\" height=\"427\" data-src=\"https:\/\/i0.wp.com\/elterritorialweb.com.ar\/web\/wp-content\/uploads\/2022\/03\/DIEGO-ALCORTA-2-1.jpg?resize=640%2C427\" alt=\"\" class=\"wp-image-37873 lazyload\" data-srcset=\"https:\/\/i0.wp.com\/elterritorialweb.com.ar\/web\/wp-content\/uploads\/2022\/03\/DIEGO-ALCORTA-2-1.jpg?w=960&amp;ssl=1 960w, https:\/\/i0.wp.com\/elterritorialweb.com.ar\/web\/wp-content\/uploads\/2022\/03\/DIEGO-ALCORTA-2-1.jpg?resize=300%2C200&amp;ssl=1 300w, https:\/\/i0.wp.com\/elterritorialweb.com.ar\/web\/wp-content\/uploads\/2022\/03\/DIEGO-ALCORTA-2-1.jpg?resize=768%2C512&amp;ssl=1 768w\" data-sizes=\"(max-width: 640px) 100vw, 640px\" src=\"data:image\/svg+xml;base64,PHN2ZyB3aWR0aD0iMSIgaGVpZ2h0PSIxIiB4bWxucz0iaHR0cDovL3d3dy53My5vcmcvMjAwMC9zdmciPjwvc3ZnPg==\" style=\"--smush-placeholder-width: 640px; --smush-placeholder-aspect-ratio: 640\/427;\" \/><\/a><\/figure>\n\n\n\n<p>Tras el recorrido por el edificio el gobernador resalt\u00f3 la importancia de este espacio que permite avanzar hacia un cambio por un nuevo paradigma para el abordaje de la salud mental en la provincia. Tambi\u00e9n destac\u00f3 el proceso integral para fortalecer el sistema mediante la generaci\u00f3n de espacios de formaci\u00f3n de nuevos profesionales como la carrera Medicina de la Unse.<\/p>\n\n\n\n<figure class=\"wp-block-image size-full\"><a href=\"https:\/\/i0.wp.com\/elterritorialweb.com.ar\/web\/wp-content\/uploads\/2022\/03\/DIEGO-ALCORTA-3.jpg\"><img data-recalc-dims=\"1\" decoding=\"async\" width=\"640\" height=\"427\" data-src=\"https:\/\/i0.wp.com\/elterritorialweb.com.ar\/web\/wp-content\/uploads\/2022\/03\/DIEGO-ALCORTA-3.jpg?resize=640%2C427\" alt=\"\" class=\"wp-image-37874 lazyload\" data-srcset=\"https:\/\/i0.wp.com\/elterritorialweb.com.ar\/web\/wp-content\/uploads\/2022\/03\/DIEGO-ALCORTA-3.jpg?w=960&amp;ssl=1 960w, https:\/\/i0.wp.com\/elterritorialweb.com.ar\/web\/wp-content\/uploads\/2022\/03\/DIEGO-ALCORTA-3.jpg?resize=300%2C200&amp;ssl=1 300w, https:\/\/i0.wp.com\/elterritorialweb.com.ar\/web\/wp-content\/uploads\/2022\/03\/DIEGO-ALCORTA-3.jpg?resize=768%2C512&amp;ssl=1 768w\" data-sizes=\"(max-width: 640px) 100vw, 640px\" src=\"data:image\/svg+xml;base64,PHN2ZyB3aWR0aD0iMSIgaGVpZ2h0PSIxIiB4bWxucz0iaHR0cDovL3d3dy53My5vcmcvMjAwMC9zdmciPjwvc3ZnPg==\" style=\"--smush-placeholder-width: 640px; --smush-placeholder-aspect-ratio: 640\/427;\" \/><\/a><\/figure>\n\n\n\n<p>A su turno, Vizzotti hizo <em>\u00abun gran reconocimiento al Gobierno de Santiago del Estero porque hizo un enorme esfuerzo para mejorar su sistema de salud ya antes de la pandemia y ahora sigue avanzado\u00bb.En cuanto al flamante edificio del Centro \u00abDiego Alcorta\u00bb<\/em>, dijo: <em>\u00bb Santiago tiene la oportunidad enorme de ser modelo en materia de salud mental y su abordaje\u00bb.<\/em><\/p>\n","protected":false},"excerpt":{"rendered":"<p>As\u00ed lo afirm\u00f3 la ministra en la Inauguraci\u00f3n del Centro de Salud Mental \u00abDr. Diego Alcorta\u00bb<\/p>\n","protected":false},"author":2,"featured_media":37867,"comment_status":"open","ping_status":"open","sticky":false,"template":"","format":"standard","meta":{"om_disable_all_campaigns":false,"_monsterinsights_skip_tracking":false,"_monsterinsights_sitenote_active":false,"_monsterinsights_sitenote_note":"","_monsterinsights_sitenote_category":0,"_uf_show_specific_survey":0,"_uf_disable_surveys":false,"jetpack_post_was_ever_published":false,"_jetpack_newsletter_access":"","_jetpack_dont_email_post_to_subs":false,"_jetpack_newsletter_tier_id":0,"_jetpack_memberships_contains_paywalled_content":false,"_jetpack_memberships_contains_paid_content":false,"footnotes":"","jetpack_publicize_message":"","jetpack_publicize_feature_enabled":true,"jetpack_social_post_already_shared":false,"jetpack_social_options":{"image_generator_settings":{"template":"highway","default_image_id":0,"font":"","enabled":false},"version":2}},"categories":[21],"tags":[],"class_list":["post-37865","post","type-post","status-publish","format-standard","has-post-thumbnail","hentry","category-locales"],"aioseo_notices":[],"views":11,"jetpack_publicize_connections":[],"jetpack_featured_media_url":"https:\/\/i0.wp.com\/elterritorialweb.com.ar\/web\/wp-content\/uploads\/2022\/03\/VIZZOTTI-2.jpg?fit=633%2C363&ssl=1","jetpack_sharing_enabled":true,"_links":{"self":[{"href":"https:\/\/elterritorialweb.com.ar\/web\/wp-json\/wp\/v2\/posts\/37865","targetHints":{"allow":["GET"]}}],"collection":[{"href":"https:\/\/elterritorialweb.com.ar\/web\/wp-json\/wp\/v2\/posts"}],"about":[{"href":"https:\/\/elterritorialweb.com.ar\/web\/wp-json\/wp\/v2\/types\/post"}],"author":[{"embeddable":true,"href":"https:\/\/elterritorialweb.com.ar\/web\/wp-json\/wp\/v2\/users\/2"}],"replies":[{"embeddable":true,"href":"https:\/\/elterritorialweb.com.ar\/web\/wp-json\/wp\/v2\/comments?post=37865"}],"version-history":[{"count":3,"href":"https:\/\/elterritorialweb.com.ar\/web\/wp-json\/wp\/v2\/posts\/37865\/revisions"}],"predecessor-version":[{"id":37876,"href":"https:\/\/elterritorialweb.com.ar\/web\/wp-json\/wp\/v2\/posts\/37865\/revisions\/37876"}],"wp:featuredmedia":[{"embeddable":true,"href":"https:\/\/elterritorialweb.com.ar\/web\/wp-json\/wp\/v2\/media\/37867"}],"wp:attachment":[{"href":"https:\/\/elterritorialweb.com.ar\/web\/wp-json\/wp\/v2\/media?parent=37865"}],"wp:term":[{"taxonomy":"category","embeddable":true,"href":"https:\/\/elterritorialweb.com.ar\/web\/wp-json\/wp\/v2\/categories?post=37865"},{"taxonomy":"post_tag","embeddable":true,"href":"https:\/\/elterritorialweb.com.ar\/web\/wp-json\/wp\/v2\/tags?post=37865"}],"curies":[{"name":"wp","href":"https:\/\/api.w.org\/{rel}","templated":true}]}}