{"id":37882,"date":"2022-03-31T22:02:06","date_gmt":"2022-03-31T22:02:06","guid":{"rendered":"http:\/\/elterritorialweb.com.ar\/web\/?p=37882"},"modified":"2022-03-31T22:02:07","modified_gmt":"2022-03-31T22:02:07","slug":"se-registraron-2-784-casos-positivos-de-coronavirus-en-argentina","status":"publish","type":"post","link":"https:\/\/elterritorialweb.com.ar\/web\/se-registraron-2-784-casos-positivos-de-coronavirus-en-argentina\/","title":{"rendered":"SE REGISTRARON 2.784 CASOS POSITIVOS DE CORONAVIRUS EN ARGENTINA"},"content":{"rendered":"\n<p><strong>Otras 22 personas murieron y 2.784 fueron reportadas con coronavirus en las \u00faltimas 24 horas en la Argentina<\/strong>, con lo que suman 128.019 los fallecidos registrados oficialmente a nivel nacional y 9.037.911 los contagiados desde el inicio de la pandemia, inform\u00f3 este jueves el Ministerio de Salud.<\/p>\n\n\n\n<p>La cartera sanitaria indic\u00f3 que son 542 los internados con coronavirus en unidades de terapia intensiva, con un porcentaje de ocupaci\u00f3n de camas de adultos en el sector p\u00fablico y privado, para todas las patolog\u00edas de 37,2% en el pa\u00eds y de 38,1% en el \u00c1rea Metropolitana de Buenos Aires.<\/p>\n\n\n\n<p>De acuerdo con el&nbsp;<strong>Monitor P\u00fablico de Vacunaci\u00f3n, el total de dosis aplicadas es de 96.708.706<\/strong>, de los cuales 40.615.362 corresponden a primeras dosis, 36.966.698 a ambas, 3.027.530 a una adicional y 16.099.116 a refuerzo, mientras que las vacunas distribuidas a las jurisdicciones llegan a 104.147.164 y las donadas a 5.083.000.<\/p>\n\n\n\n<p>De los 9.037.911 contagiados, 8.860.078 recibieron el alta y 49.814 son casos confirmados activos.<\/p>\n\n\n\n<p>El parte precis\u00f3 que murieron 16 hombres, 1 en la provincia de Buenos Aires, 1 en la Ciudad de Buenos Aires, 1 en Chaco, 1 en Entre R\u00edos, 8 en Santa Fe y 4 en Tucum\u00e1n.<\/p>\n\n\n\n<p>Tambi\u00e9n fallecieron 6 mujeres: 3 en la Ciudad de Buenos Aires, 1 en Chubut, 1 en C\u00f3rdoba y 1 en Jujuy.<\/p>\n\n\n\n<p>Este jueves reportaron en la provincia de Buenos Aires 930 casos; en la Ciudad de Buenos Aires, 406; en Catamarca, 2; en Chaco, 8; en Chubut, 77; en Corrientes, 59; en C\u00f3rdoba, 340; en Entre R\u00edos, 44; en Formosa, 14; en Jujuy, 1; en La Pampa, 49; en La Rioja, 4; en Mendoza, 44; en Misiones, 295; en Neuqu\u00e9n, 33; en R\u00edo Negro, 84; en Salta, 8; en San Juan, 13; en San Luis, 63; en Santa Cruz, 41; en Santa Fe, 112; y en Tucum\u00e1n, 159.<\/p>\n\n\n\n<p>En tanto, Santiago del Estero (-2) reasign\u00f3 dos casos que pertenecen a otra jurisdicci\u00f3n y, por su parte, Tierra del Fuego no registr\u00f3 en las \u00faltimas 24 horas.<\/p>\n\n\n\n<p>El Ministerio indic\u00f3 adem\u00e1s que se realizaron en las \u00faltimas 24 horas 29.841 testeos y desde el inicio del brote ascienden a 35.400.982 las pruebas diagn\u00f3sticas para esta enfermedad.<\/p>\n\n\n\n<p>El total de acumulados por distrito indica para la provincia de Buenos Aires 3.542.289 casos; la Ciudad de Buenos Aires, 1.016.901; Catamarca, 86.901; Chaco, 167.611; Chubut, 117.758; Corrientes, 132.481; C\u00f3rdoba, 966.973; Entre R\u00edos, 200.863; Formosa, 113.892; Jujuy, 105.409; La Pampa, 106.296; La Rioja, 56.874; Mendoza, 271.937; Misiones, 65.506; Neuqu\u00e9n, 168.381; R\u00edo Negro, 146.822; Salta, 155.280; San Juan, 145.585; San Luis, 134.417; Santa Cruz, 87.740; Santa Fe, 738.906; Santiago del Estero, 124.847; Tierra del Fuego, 46.838; y Tucum\u00e1n, 337.404.<\/p>\n\n\n\n<p>Se incluyen casos existentes en las Islas Malvinas seg\u00fan informaci\u00f3n de prensa (debido a la ocupaci\u00f3n ilegal del Reino Unido, Gran Breta\u00f1a e Irlanda del Norte no es posible contar con informaci\u00f3n propia sobre el impacto de la Covid-19 en esa parte del territorio argentino).<\/p>\n","protected":false},"excerpt":{"rendered":"<p>El Ministerio de Salud indic\u00f3 que son 542 los internados por covid-19 en terapia intensiva, con un porcentaje de ocupaci\u00f3n de camas de adultos en el sector p\u00fablico y privado, para todas las patolog\u00edas de 37,2% en el pa\u00eds y 38,1% en el AMBA. <\/p>\n","protected":false},"author":2,"featured_media":31417,"comment_status":"open","ping_status":"open","sticky":false,"template":"","format":"standard","meta":{"om_disable_all_campaigns":false,"_monsterinsights_skip_tracking":false,"_monsterinsights_sitenote_active":false,"_monsterinsights_sitenote_note":"","_monsterinsights_sitenote_category":0,"_uf_show_specific_survey":0,"_uf_disable_surveys":false,"jetpack_post_was_ever_published":false,"_jetpack_newsletter_access":"","_jetpack_dont_email_post_to_subs":false,"_jetpack_newsletter_tier_id":0,"_jetpack_memberships_contains_paywalled_content":false,"_jetpack_memberships_contains_paid_content":false,"footnotes":"","jetpack_publicize_message":"","jetpack_publicize_feature_enabled":true,"jetpack_social_post_already_shared":false,"jetpack_social_options":{"image_generator_settings":{"template":"highway","default_image_id":0,"font":"","enabled":false},"version":2}},"categories":[3],"tags":[],"class_list":["post-37882","post","type-post","status-publish","format-standard","has-post-thumbnail","hentry","category-salud"],"aioseo_notices":[],"views":17,"jetpack_publicize_connections":[],"jetpack_featured_media_url":"https:\/\/i0.wp.com\/elterritorialweb.com.ar\/web\/wp-content\/uploads\/2021\/12\/NUEVOS-CASOS-11-DE-DICIEMBRE.jpg?fit=700%2C394&ssl=1","jetpack_sharing_enabled":true,"_links":{"self":[{"href":"https:\/\/elterritorialweb.com.ar\/web\/wp-json\/wp\/v2\/posts\/37882","targetHints":{"allow":["GET"]}}],"collection":[{"href":"https:\/\/elterritorialweb.com.ar\/web\/wp-json\/wp\/v2\/posts"}],"about":[{"href":"https:\/\/elterritorialweb.com.ar\/web\/wp-json\/wp\/v2\/types\/post"}],"author":[{"embeddable":true,"href":"https:\/\/elterritorialweb.com.ar\/web\/wp-json\/wp\/v2\/users\/2"}],"replies":[{"embeddable":true,"href":"https:\/\/elterritorialweb.com.ar\/web\/wp-json\/wp\/v2\/comments?post=37882"}],"version-history":[{"count":1,"href":"https:\/\/elterritorialweb.com.ar\/web\/wp-json\/wp\/v2\/posts\/37882\/revisions"}],"predecessor-version":[{"id":37883,"href":"https:\/\/elterritorialweb.com.ar\/web\/wp-json\/wp\/v2\/posts\/37882\/revisions\/37883"}],"wp:featuredmedia":[{"embeddable":true,"href":"https:\/\/elterritorialweb.com.ar\/web\/wp-json\/wp\/v2\/media\/31417"}],"wp:attachment":[{"href":"https:\/\/elterritorialweb.com.ar\/web\/wp-json\/wp\/v2\/media?parent=37882"}],"wp:term":[{"taxonomy":"category","embeddable":true,"href":"https:\/\/elterritorialweb.com.ar\/web\/wp-json\/wp\/v2\/categories?post=37882"},{"taxonomy":"post_tag","embeddable":true,"href":"https:\/\/elterritorialweb.com.ar\/web\/wp-json\/wp\/v2\/tags?post=37882"}],"curies":[{"name":"wp","href":"https:\/\/api.w.org\/{rel}","templated":true}]}}