{"id":37884,"date":"2022-04-01T12:57:04","date_gmt":"2022-04-01T12:57:04","guid":{"rendered":"http:\/\/elterritorialweb.com.ar\/web\/?p=37884"},"modified":"2022-04-01T12:57:04","modified_gmt":"2022-04-01T12:57:04","slug":"la-municipalidad-organizo-una-agenda-cultural-libre-y-gratuita-para-el-fin-de-semana","status":"publish","type":"post","link":"https:\/\/elterritorialweb.com.ar\/web\/la-municipalidad-organizo-una-agenda-cultural-libre-y-gratuita-para-el-fin-de-semana\/","title":{"rendered":"LA MUNICIPALIDAD ORGANIZ\u00d3 UNA AGENDA CULTURAL LIBRE Y GRATUITA PARA EL F\u00cdN DE SEMANA"},"content":{"rendered":"\n<p>El viernes 1 de abril, a las 19 horas, en el Centro Cultural Ricardo Rojas, sito en Libertad 1107, se presentar\u00e1 el libro \u00abPodr\u00eda ser un cielo\u00bb de la escritora santiague\u00f1a Valentina Qui\u00f1ones, que presentar\u00e1 una recopilaci\u00f3n de sus trabajos en verso a trav\u00e9s de la editorial tucumana Gerania. Ser\u00e1 presentado por las poetas Estafan\u00eda P\u00e1ez Jim\u00e9nez, Oriana Yanell D\u00edaz y Silvina Robato<br>Por otro lado, a las 20.30 en el edificio de La Vieja Estaci\u00f3n del Parque Oeste, se presentar\u00e1n las canciones que integran la obra multimedia \u201cEllas Hero\u00ednas Santiague\u00f1as\u201d, la cual consiste en relatos de mujeres que vivieron en tiempos de la declaraci\u00f3n de la autonom\u00eda provincial, y un \u00e1lbum de canciones en formato QR, obra conjunta con la escritora Adriana Gualtieri y la compositora Teresita Pereyra.<br>El repertorio del \u00e1lbum nace de descubrir a esas mujeres que acompa\u00f1aron a los h\u00e9roes del proceso autonomista, y se realiza con la intenci\u00f3n de revalorizar sus roles, siendo ellas las protagonistas de una \u00e9poca en la que el patriarcado reservaba para s\u00ed todos los aspectos de la vida social, pol\u00edtica, militar y familiar, posicion\u00e1ndolas en un lugar secundario.<br>En tanto, los d\u00edas s\u00e1bado 2 y domingo 3 desde las 18 en la Casa de la Historia y la Cultura del Bicentenario, del parque Aguirre, se llevar\u00e1 a cabo la tradicional Feria Artesanal que, adem\u00e1s de la variada oferta de productos que se comercializan all\u00ed, contar\u00e1 con las actuaciones el d\u00eda s\u00e1bado del conjunto folcl\u00f3rico \u00abMatar o morir\u00bb, integrado por Pablo Cantos, Mart\u00edn Salom\u00f3n e Ignacio Buxeda. Actuar\u00e1 tambi\u00e9n el ballet folcl\u00f3rico \u00abSue\u00f1os de Tradici\u00f3n\u00bb. El d\u00eda domingo se presentar\u00e1 el cantante de m\u00fasica popular Dany Pecci y actuar\u00e1n el ballet folcl\u00f3rico \u00abAlma de Baile\u00bb y el grupo de danza \u00abSilGym\u00bb.<\/p>\n","protected":false},"excerpt":{"rendered":"<p>Con el prop\u00f3sito de hacer accesible la cultura a los vecinos de la ciudad, este fin de semana contin\u00faan las actividades culturales con entrada libre y gratuita que organiza la Municipalidad de la Capital.<br \/>\nEl director de Cultura, Francisco Avenda\u00f1o, expres\u00f3 que para estos d\u00edas habr\u00e1 una \u201cagenda de actividades diversa e interesante y con una fuerte impronta de g\u00e9nero\u201d.<\/p>\n","protected":false},"author":2,"featured_media":37886,"comment_status":"open","ping_status":"open","sticky":false,"template":"","format":"standard","meta":{"om_disable_all_campaigns":false,"_monsterinsights_skip_tracking":false,"_monsterinsights_sitenote_active":false,"_monsterinsights_sitenote_note":"","_monsterinsights_sitenote_category":0,"_uf_show_specific_survey":0,"_uf_disable_surveys":false,"jetpack_post_was_ever_published":false,"_jetpack_newsletter_access":"","_jetpack_dont_email_post_to_subs":false,"_jetpack_newsletter_tier_id":0,"_jetpack_memberships_contains_paywalled_content":false,"_jetpack_memberships_contains_paid_content":false,"footnotes":"","jetpack_publicize_message":"","jetpack_publicize_feature_enabled":true,"jetpack_social_post_already_shared":false,"jetpack_social_options":{"image_generator_settings":{"template":"highway","default_image_id":0,"font":"","enabled":false},"version":2}},"categories":[21],"tags":[],"class_list":["post-37884","post","type-post","status-publish","format-standard","has-post-thumbnail","hentry","category-locales"],"aioseo_notices":[],"views":8,"jetpack_publicize_connections":[],"jetpack_featured_media_url":"https:\/\/i0.wp.com\/elterritorialweb.com.ar\/web\/wp-content\/uploads\/2022\/04\/cultura-fin-de-semana.jpeg?fit=1280%2C960&ssl=1","jetpack_sharing_enabled":true,"_links":{"self":[{"href":"https:\/\/elterritorialweb.com.ar\/web\/wp-json\/wp\/v2\/posts\/37884","targetHints":{"allow":["GET"]}}],"collection":[{"href":"https:\/\/elterritorialweb.com.ar\/web\/wp-json\/wp\/v2\/posts"}],"about":[{"href":"https:\/\/elterritorialweb.com.ar\/web\/wp-json\/wp\/v2\/types\/post"}],"author":[{"embeddable":true,"href":"https:\/\/elterritorialweb.com.ar\/web\/wp-json\/wp\/v2\/users\/2"}],"replies":[{"embeddable":true,"href":"https:\/\/elterritorialweb.com.ar\/web\/wp-json\/wp\/v2\/comments?post=37884"}],"version-history":[{"count":1,"href":"https:\/\/elterritorialweb.com.ar\/web\/wp-json\/wp\/v2\/posts\/37884\/revisions"}],"predecessor-version":[{"id":37887,"href":"https:\/\/elterritorialweb.com.ar\/web\/wp-json\/wp\/v2\/posts\/37884\/revisions\/37887"}],"wp:featuredmedia":[{"embeddable":true,"href":"https:\/\/elterritorialweb.com.ar\/web\/wp-json\/wp\/v2\/media\/37886"}],"wp:attachment":[{"href":"https:\/\/elterritorialweb.com.ar\/web\/wp-json\/wp\/v2\/media?parent=37884"}],"wp:term":[{"taxonomy":"category","embeddable":true,"href":"https:\/\/elterritorialweb.com.ar\/web\/wp-json\/wp\/v2\/categories?post=37884"},{"taxonomy":"post_tag","embeddable":true,"href":"https:\/\/elterritorialweb.com.ar\/web\/wp-json\/wp\/v2\/tags?post=37884"}],"curies":[{"name":"wp","href":"https:\/\/api.w.org\/{rel}","templated":true}]}}