{"id":37891,"date":"2022-04-01T13:12:41","date_gmt":"2022-04-01T13:12:41","guid":{"rendered":"http:\/\/elterritorialweb.com.ar\/web\/?p=37891"},"modified":"2022-04-01T13:12:41","modified_gmt":"2022-04-01T13:12:41","slug":"presentacion-del-sistema-de-generacion-de-pliegos-sigep","status":"publish","type":"post","link":"https:\/\/elterritorialweb.com.ar\/web\/presentacion-del-sistema-de-generacion-de-pliegos-sigep\/","title":{"rendered":"PRESENTACI\u00d3N DEL SISTEMA DE GENERACI\u00d3N DE PLIEGOS (SIGEP)"},"content":{"rendered":"\n<p>La presentacion estuvo a cargo de la ministra de Justicia y Derechos Humanos de la Provincia, Dra. Matilde O&#8217;Mill, y el presidente del Tribunal de Cuentas de la Provincia, Dr. Martin Diaz Achaval acompa\u00f1ado por los vocales C.P.N, Alfredo Juri, C.P.N, Ricardo Rubio y Dra. Noem\u00ed Garnica. Adem\u00e1s estuvieron la ministra de Salud, Lic. Natividad Nassif, el ministro de Gobierno, Dr. Barbur, el ministro de Producci\u00f3n, Med.Vet. Miguel Mandrile; el Fiscal de Estado, Dr. Ra\u00fal Abate, entre otras autoridades provinciales, judiciales y dem\u00e1s invitados especiales.<\/p>\n\n\n\n<p>En la presentaci\u00f3n se puso a disposici\u00f3n el sistema SIGEP de manera de cumplir con las disposiciones establecidas en Ley N\u00b0 7.253, que trata del R\u00c9GIMEN \u00daNICO DE CONTRATACI\u00d3NES P\u00daBLICAS DE LA PROVINCIA DE SANTIAGO DEL ESTERO, y brindar soluciones y herramientas tecnol\u00f3gicas previstas adem\u00e1s en el PROGRAMA DE FORTALECIMIENTO INSTITUCIONAL.<\/p>\n\n\n\n<figure class=\"wp-block-image size-large\"><a href=\"https:\/\/i0.wp.com\/elterritorialweb.com.ar\/web\/wp-content\/uploads\/2022\/04\/pliegos-omill-1.jpg\"><img data-recalc-dims=\"1\" decoding=\"async\" width=\"640\" height=\"479\" data-src=\"https:\/\/i0.wp.com\/elterritorialweb.com.ar\/web\/wp-content\/uploads\/2022\/04\/pliegos-omill-1.jpg?resize=640%2C479\" alt=\"\" class=\"wp-image-37893 lazyload\" data-srcset=\"https:\/\/i0.wp.com\/elterritorialweb.com.ar\/web\/wp-content\/uploads\/2022\/04\/pliegos-omill-1.jpg?resize=1024%2C767&amp;ssl=1 1024w, https:\/\/i0.wp.com\/elterritorialweb.com.ar\/web\/wp-content\/uploads\/2022\/04\/pliegos-omill-1.jpg?resize=300%2C225&amp;ssl=1 300w, https:\/\/i0.wp.com\/elterritorialweb.com.ar\/web\/wp-content\/uploads\/2022\/04\/pliegos-omill-1.jpg?resize=768%2C575&amp;ssl=1 768w, https:\/\/i0.wp.com\/elterritorialweb.com.ar\/web\/wp-content\/uploads\/2022\/04\/pliegos-omill-1.jpg?w=1280&amp;ssl=1 1280w\" data-sizes=\"(max-width: 640px) 100vw, 640px\" src=\"data:image\/svg+xml;base64,PHN2ZyB3aWR0aD0iMSIgaGVpZ2h0PSIxIiB4bWxucz0iaHR0cDovL3d3dy53My5vcmcvMjAwMC9zdmciPjwvc3ZnPg==\" style=\"--smush-placeholder-width: 640px; --smush-placeholder-aspect-ratio: 640\/479;\" \/><\/a><\/figure>\n\n\n\n<p>La Dra. O&#8217;Mill destaco el trabajo del equipo t\u00e9cnico del Tribunal de Cuentas por la realizaci\u00f3n de este sistema que \u00abpermite hacer realidad el r\u00e9gimen de contrataci\u00f3nes y que es acortar tiempos, simplificar tr\u00e1mites, achicar circuitos, con el objetivo de cumplir con todos los tr\u00e1mites legales y las expectativas de transparencia que tiene que tener una contrataci\u00f3n p\u00fablica y ver como a trav\u00e9s de la tecnolog\u00eda y la utilizaci\u00f3n de algunas herramientas se pueden facilitar estos procesos en lo que hace a licitaci\u00f3nes y contrataci\u00f3n directa de manera m\u00e1s simple y transparente\u00bb.<\/p>\n\n\n\n<p>Seguidamente el Dr. Mart\u00edn D\u00edaz Achaval realiz\u00f3 la presentaci\u00f3n digital del SIGEP y destac\u00f3 que \u00abmarca la vocaci\u00f3n pol\u00edtica de que se avance en estos conceptos de simplificaci\u00f3n normativa, de celeridad, de transparencia, trazabilidad\u00bb.<\/p>\n","protected":false},"excerpt":{"rendered":"<p>En el Sal\u00f3n Auditorio de casa de Gobierno se realizo el lanzamiento del \u00abSistema de Generaci\u00f3n de Pliegos Generales para Contratacion de Bienes y Servicios, Obra P\u00fablica, Contrataci\u00f3n Directa por Excepci\u00f3n\u00bb (SIGEP).<\/p>\n","protected":false},"author":2,"featured_media":37892,"comment_status":"open","ping_status":"open","sticky":false,"template":"","format":"standard","meta":{"om_disable_all_campaigns":false,"_monsterinsights_skip_tracking":false,"_monsterinsights_sitenote_active":false,"_monsterinsights_sitenote_note":"","_monsterinsights_sitenote_category":0,"_uf_show_specific_survey":0,"_uf_disable_surveys":false,"jetpack_post_was_ever_published":false,"_jetpack_newsletter_access":"","_jetpack_dont_email_post_to_subs":false,"_jetpack_newsletter_tier_id":0,"_jetpack_memberships_contains_paywalled_content":false,"_jetpack_memberships_contains_paid_content":false,"footnotes":"","jetpack_publicize_message":"","jetpack_publicize_feature_enabled":true,"jetpack_social_post_already_shared":false,"jetpack_social_options":{"image_generator_settings":{"template":"highway","default_image_id":0,"font":"","enabled":false},"version":2}},"categories":[21],"tags":[],"class_list":["post-37891","post","type-post","status-publish","format-standard","has-post-thumbnail","hentry","category-locales"],"aioseo_notices":[],"views":8,"jetpack_publicize_connections":[],"jetpack_featured_media_url":"https:\/\/i0.wp.com\/elterritorialweb.com.ar\/web\/wp-content\/uploads\/2022\/04\/pliegos-omill.jpg?fit=1280%2C853&ssl=1","jetpack_sharing_enabled":true,"_links":{"self":[{"href":"https:\/\/elterritorialweb.com.ar\/web\/wp-json\/wp\/v2\/posts\/37891","targetHints":{"allow":["GET"]}}],"collection":[{"href":"https:\/\/elterritorialweb.com.ar\/web\/wp-json\/wp\/v2\/posts"}],"about":[{"href":"https:\/\/elterritorialweb.com.ar\/web\/wp-json\/wp\/v2\/types\/post"}],"author":[{"embeddable":true,"href":"https:\/\/elterritorialweb.com.ar\/web\/wp-json\/wp\/v2\/users\/2"}],"replies":[{"embeddable":true,"href":"https:\/\/elterritorialweb.com.ar\/web\/wp-json\/wp\/v2\/comments?post=37891"}],"version-history":[{"count":1,"href":"https:\/\/elterritorialweb.com.ar\/web\/wp-json\/wp\/v2\/posts\/37891\/revisions"}],"predecessor-version":[{"id":37894,"href":"https:\/\/elterritorialweb.com.ar\/web\/wp-json\/wp\/v2\/posts\/37891\/revisions\/37894"}],"wp:featuredmedia":[{"embeddable":true,"href":"https:\/\/elterritorialweb.com.ar\/web\/wp-json\/wp\/v2\/media\/37892"}],"wp:attachment":[{"href":"https:\/\/elterritorialweb.com.ar\/web\/wp-json\/wp\/v2\/media?parent=37891"}],"wp:term":[{"taxonomy":"category","embeddable":true,"href":"https:\/\/elterritorialweb.com.ar\/web\/wp-json\/wp\/v2\/categories?post=37891"},{"taxonomy":"post_tag","embeddable":true,"href":"https:\/\/elterritorialweb.com.ar\/web\/wp-json\/wp\/v2\/tags?post=37891"}],"curies":[{"name":"wp","href":"https:\/\/api.w.org\/{rel}","templated":true}]}}