{"id":39421,"date":"2022-04-30T12:46:07","date_gmt":"2022-04-30T12:46:07","guid":{"rendered":"http:\/\/elterritorialweb.com.ar\/web\/?p=39421"},"modified":"2022-04-30T12:46:07","modified_gmt":"2022-04-30T12:46:07","slug":"lisandro-paz-regresa-a-santiago","status":"publish","type":"post","link":"https:\/\/elterritorialweb.com.ar\/web\/lisandro-paz-regresa-a-santiago\/","title":{"rendered":"LISANDRO PAZ REGRESA A SANTIAGO"},"content":{"rendered":"\n<p>El viernes 6 de mayo, desde las 22 horas, en Independencia 1694, presentar\u00e1 un espect\u00e1culo donde repasar\u00e1 canciones de su autor\u00eda. Entre ellas, la \u00faltima editada el a\u00f1o pasado, \u201c\u00bfPara qu\u00e9 est\u00e1s aqu\u00ed?\u201d junto a Peteco Carabajal.<\/p>\n\n\n\n<p>Lisandro es guitarrista y cantautor, sus pasos en la m\u00fasica siempre estuvieron ligados al folclore y acompa\u00f1\u00f3 a artistas como Vislumbre del Esteko y Marcelo Mitre, adem\u00e1s de compartir escenario con el Rally Barrionuevo y el D\u00fao Coplanacu.<\/p>\n\n\n\n<p>Lider\u00f3 durante muchos a\u00f1os el proyecto Revolucionar con el cual recorri\u00f3 el pa\u00eds y lleg\u00f3 a Uruguay.<\/p>\n\n\n\n<p>Cabe resaltar que es uno de los m\u00fasicos que atraves\u00f3 un proceso de rehabilitaci\u00f3n importante y fue fuertemente apoyado por amigos, artistas y p\u00fablico general<\/p>\n","protected":false},"excerpt":{"rendered":"<p>El cantautor santiague\u00f1o, radicado hace un tiempo en Buenos Aires, regresa a la provincia para dar un concierto \u00fanico.<\/p>\n","protected":false},"author":2,"featured_media":39422,"comment_status":"open","ping_status":"open","sticky":false,"template":"","format":"standard","meta":{"om_disable_all_campaigns":false,"_monsterinsights_skip_tracking":false,"_monsterinsights_sitenote_active":false,"_monsterinsights_sitenote_note":"","_monsterinsights_sitenote_category":0,"_uf_show_specific_survey":0,"_uf_disable_surveys":false,"jetpack_post_was_ever_published":false,"_jetpack_newsletter_access":"","_jetpack_dont_email_post_to_subs":false,"_jetpack_newsletter_tier_id":0,"_jetpack_memberships_contains_paywalled_content":false,"_jetpack_memberships_contains_paid_content":false,"footnotes":"","jetpack_publicize_message":"","jetpack_publicize_feature_enabled":true,"jetpack_social_post_already_shared":false,"jetpack_social_options":{"image_generator_settings":{"template":"highway","default_image_id":0,"font":"","enabled":false},"version":2}},"categories":[20],"tags":[],"class_list":["post-39421","post","type-post","status-publish","format-standard","has-post-thumbnail","hentry","category-especysociales"],"aioseo_notices":[],"views":14,"jetpack_publicize_connections":[],"jetpack_featured_media_url":"https:\/\/i0.wp.com\/elterritorialweb.com.ar\/web\/wp-content\/uploads\/2022\/04\/WhatsApp-Image-2022-04-30-at-2.49.59-AM.jpeg?fit=1437%2C958&ssl=1","jetpack_sharing_enabled":true,"_links":{"self":[{"href":"https:\/\/elterritorialweb.com.ar\/web\/wp-json\/wp\/v2\/posts\/39421","targetHints":{"allow":["GET"]}}],"collection":[{"href":"https:\/\/elterritorialweb.com.ar\/web\/wp-json\/wp\/v2\/posts"}],"about":[{"href":"https:\/\/elterritorialweb.com.ar\/web\/wp-json\/wp\/v2\/types\/post"}],"author":[{"embeddable":true,"href":"https:\/\/elterritorialweb.com.ar\/web\/wp-json\/wp\/v2\/users\/2"}],"replies":[{"embeddable":true,"href":"https:\/\/elterritorialweb.com.ar\/web\/wp-json\/wp\/v2\/comments?post=39421"}],"version-history":[{"count":1,"href":"https:\/\/elterritorialweb.com.ar\/web\/wp-json\/wp\/v2\/posts\/39421\/revisions"}],"predecessor-version":[{"id":39423,"href":"https:\/\/elterritorialweb.com.ar\/web\/wp-json\/wp\/v2\/posts\/39421\/revisions\/39423"}],"wp:featuredmedia":[{"embeddable":true,"href":"https:\/\/elterritorialweb.com.ar\/web\/wp-json\/wp\/v2\/media\/39422"}],"wp:attachment":[{"href":"https:\/\/elterritorialweb.com.ar\/web\/wp-json\/wp\/v2\/media?parent=39421"}],"wp:term":[{"taxonomy":"category","embeddable":true,"href":"https:\/\/elterritorialweb.com.ar\/web\/wp-json\/wp\/v2\/categories?post=39421"},{"taxonomy":"post_tag","embeddable":true,"href":"https:\/\/elterritorialweb.com.ar\/web\/wp-json\/wp\/v2\/tags?post=39421"}],"curies":[{"name":"wp","href":"https:\/\/api.w.org\/{rel}","templated":true}]}}