{"id":39430,"date":"2022-04-30T13:10:17","date_gmt":"2022-04-30T13:10:17","guid":{"rendered":"http:\/\/elterritorialweb.com.ar\/web\/?p=39430"},"modified":"2022-04-30T14:48:58","modified_gmt":"2022-04-30T14:48:58","slug":"hondo-pesar-por-el-fallecimiento-del-periodista-y-profesor-angel-becky-stancampiano","status":"publish","type":"post","link":"https:\/\/elterritorialweb.com.ar\/web\/hondo-pesar-por-el-fallecimiento-del-periodista-y-profesor-angel-becky-stancampiano\/","title":{"rendered":"HONDO PESAR POR EL FALLECIMIENTO DEL PERIODISTA Y PROFESOR \u00c1NGEL \u00abBECKY\u00bb STANCAMPIANO"},"content":{"rendered":"\n<p>Este s\u00e1bado, Santiago del Estero amaneci\u00f3 con la triste noticia del fallecimiento del periodista \u00c1ngel \u00abBeky\u00bb Stancampiano.<\/p>\n\n\n\n<p>\u00abBeky\u00bb, era un conocido comunicador y profesor que hace algunos a\u00f1os fue trasplantado de coraz\u00f3n tras m\u00e1s de un a\u00f1o en lista de espera, internado en el sanatorio Allende, de C\u00f3rdoba.<\/p>\n\n\n\n<iframe data-src=\"https:\/\/www.facebook.com\/plugins\/post.php?href=https%3A%2F%2Fwww.facebook.com%2Fpermalink.php%3Fstory_fbid%3D7528311620544692%26id%3D154938337882094&amp;show_text=true&amp;width=500\" width=\"500\" height=\"793\" style=\"border:none;overflow:hidden\" scrolling=\"no\" frameborder=\"0\" allowfullscreen=\"true\" allow=\"autoplay; clipboard-write; encrypted-media; picture-in-picture; web-share\" src=\"data:image\/svg+xml;base64,PHN2ZyB3aWR0aD0iMSIgaGVpZ2h0PSIxIiB4bWxucz0iaHR0cDovL3d3dy53My5vcmcvMjAwMC9zdmciPjwvc3ZnPg==\" class=\"lazyload\" data-load-mode=\"1\"><\/iframe>\n\n\n\n<p>Stancampiano ten\u00eda 58 a\u00f1os y era miembro del C\u00edrculo de Periodistas Deportivos, entidad que hoy dio a conocer su fallecimiento: \u00abLa comisi\u00f3n directiva y socios del C\u00edrculo de Periodistas Deportivos de Santiago del Estero expresan su profundo pesar por el fallecimiento &nbsp;del socio de nuestra instituci\u00f3n, \u00c1ngel \u00abBeky\u00bb Stancampiano. Sus restos ser\u00e1n velados este s\u00e1bado de 8 a 13, en la sala velatoria de Pedro Le\u00f3n Gallo al 300&#8243;, indicaron en su cuenta de Facebook.<\/p>\n\n\n\n<p>De inmediato, los mensajes de dolor se multiplicaron en las redes, despidiendo al c\u00e1lido amigo y profesor.<\/p>\n","protected":false},"excerpt":{"rendered":"<p>Dolor y conmoci\u00f3n por su muerte. Hab\u00eda sido trasplantado de coraz\u00f3n hace algunos a\u00f1os. Pesar en las redes por su inesperada partida.<\/p>\n","protected":false},"author":2,"featured_media":39432,"comment_status":"open","ping_status":"open","sticky":false,"template":"","format":"standard","meta":{"om_disable_all_campaigns":false,"_monsterinsights_skip_tracking":false,"_monsterinsights_sitenote_active":false,"_monsterinsights_sitenote_note":"","_monsterinsights_sitenote_category":0,"_uf_show_specific_survey":0,"_uf_disable_surveys":false,"jetpack_post_was_ever_published":false,"_jetpack_newsletter_access":"","_jetpack_dont_email_post_to_subs":false,"_jetpack_newsletter_tier_id":0,"_jetpack_memberships_contains_paywalled_content":false,"_jetpack_memberships_contains_paid_content":false,"footnotes":"","jetpack_publicize_message":"","jetpack_publicize_feature_enabled":true,"jetpack_social_post_already_shared":false,"jetpack_social_options":{"image_generator_settings":{"template":"highway","default_image_id":0,"font":"","enabled":false},"version":2}},"categories":[21],"tags":[],"class_list":["post-39430","post","type-post","status-publish","format-standard","has-post-thumbnail","hentry","category-locales"],"aioseo_notices":[],"views":22,"jetpack_publicize_connections":[],"jetpack_featured_media_url":"https:\/\/i0.wp.com\/elterritorialweb.com.ar\/web\/wp-content\/uploads\/2022\/04\/BECKY-STANCAMPIANO-2.jpg?fit=1022%2C932&ssl=1","jetpack_sharing_enabled":true,"_links":{"self":[{"href":"https:\/\/elterritorialweb.com.ar\/web\/wp-json\/wp\/v2\/posts\/39430","targetHints":{"allow":["GET"]}}],"collection":[{"href":"https:\/\/elterritorialweb.com.ar\/web\/wp-json\/wp\/v2\/posts"}],"about":[{"href":"https:\/\/elterritorialweb.com.ar\/web\/wp-json\/wp\/v2\/types\/post"}],"author":[{"embeddable":true,"href":"https:\/\/elterritorialweb.com.ar\/web\/wp-json\/wp\/v2\/users\/2"}],"replies":[{"embeddable":true,"href":"https:\/\/elterritorialweb.com.ar\/web\/wp-json\/wp\/v2\/comments?post=39430"}],"version-history":[{"count":2,"href":"https:\/\/elterritorialweb.com.ar\/web\/wp-json\/wp\/v2\/posts\/39430\/revisions"}],"predecessor-version":[{"id":39434,"href":"https:\/\/elterritorialweb.com.ar\/web\/wp-json\/wp\/v2\/posts\/39430\/revisions\/39434"}],"wp:featuredmedia":[{"embeddable":true,"href":"https:\/\/elterritorialweb.com.ar\/web\/wp-json\/wp\/v2\/media\/39432"}],"wp:attachment":[{"href":"https:\/\/elterritorialweb.com.ar\/web\/wp-json\/wp\/v2\/media?parent=39430"}],"wp:term":[{"taxonomy":"category","embeddable":true,"href":"https:\/\/elterritorialweb.com.ar\/web\/wp-json\/wp\/v2\/categories?post=39430"},{"taxonomy":"post_tag","embeddable":true,"href":"https:\/\/elterritorialweb.com.ar\/web\/wp-json\/wp\/v2\/tags?post=39430"}],"curies":[{"name":"wp","href":"https:\/\/api.w.org\/{rel}","templated":true}]}}