{"id":39435,"date":"2022-05-01T00:07:40","date_gmt":"2022-05-01T00:07:40","guid":{"rendered":"http:\/\/elterritorialweb.com.ar\/web\/?p=39435"},"modified":"2022-05-01T00:07:41","modified_gmt":"2022-05-01T00:07:41","slug":"un-nuevo-vecino-bandeno-se-sumo-a-la-lista-de-emprendiendo-suenos","status":"publish","type":"post","link":"https:\/\/elterritorialweb.com.ar\/web\/un-nuevo-vecino-bandeno-se-sumo-a-la-lista-de-emprendiendo-suenos\/","title":{"rendered":"UN NUEVO VECINO BANDE\u00d1O SE SUM\u00d3 A LA LISTA DE EMPRENDIENDO SUE\u00d1OS"},"content":{"rendered":"\n<p>En esta oportunidad, el beneficiario del programa Municipal \u201cEmprendiendo Sue\u00f1os\u201d fue para Diego Mendoza que se dedica a la venta de comida en su domicilio, siendo merecedor de un horno pizzero, de una batidora manual; herramientas que le permitir\u00e1 aumentar su producci\u00f3n.<br>En esta oportunidad, la familia se mostr\u00f3 agradecida, expresando que, \u201cLos papeles presentamos el a\u00f1o pasado y tuvimos la suerte de que haya salido este a\u00f1o\u201d. Los vecinos que quieran probar sus s\u00e1ndwiches y pizzas podr\u00e1n comunicarse al celular (0385) 5156504.<br>Cabe recordar, que los interesados para acceder a este beneficio, pueden descargar y completar el formulario en la p\u00e1gina de la comuna bande\u00f1a www.labanda.gob.ar y presentarlos en Mesa de Entrada del municipio de lunes a viernes de 9 a 12.<\/p>\n","protected":false},"excerpt":{"rendered":"<p>El intendente de la Municipalidad de La Banda, Roger Nediani junto al Secretario de Desarrollo Humano y Pol\u00edticas Sanitarias, Ramiro Barrera y al encargado de la Oficina de Emprendedores, Marcelo Abraham realizaron la entrega de materiales a un vecino del barrio Salta Prolongaci\u00f3n.<\/p>\n","protected":false},"author":2,"featured_media":39436,"comment_status":"open","ping_status":"open","sticky":false,"template":"","format":"standard","meta":{"om_disable_all_campaigns":false,"_monsterinsights_skip_tracking":false,"_monsterinsights_sitenote_active":false,"_monsterinsights_sitenote_note":"","_monsterinsights_sitenote_category":0,"_uf_show_specific_survey":0,"_uf_disable_surveys":false,"jetpack_post_was_ever_published":false,"_jetpack_newsletter_access":"","_jetpack_dont_email_post_to_subs":false,"_jetpack_newsletter_tier_id":0,"_jetpack_memberships_contains_paywalled_content":false,"_jetpack_memberships_contains_paid_content":false,"footnotes":"","jetpack_publicize_message":"","jetpack_publicize_feature_enabled":true,"jetpack_social_post_already_shared":false,"jetpack_social_options":{"image_generator_settings":{"template":"highway","default_image_id":0,"font":"","enabled":false},"version":2}},"categories":[21],"tags":[],"class_list":["post-39435","post","type-post","status-publish","format-standard","has-post-thumbnail","hentry","category-locales"],"aioseo_notices":[],"views":7,"jetpack_publicize_connections":[],"jetpack_featured_media_url":"https:\/\/i0.wp.com\/elterritorialweb.com.ar\/web\/wp-content\/uploads\/2022\/05\/WhatsApp-Image-2022-04-30-at-8.29.33-PM.jpeg?fit=1280%2C853&ssl=1","jetpack_sharing_enabled":true,"_links":{"self":[{"href":"https:\/\/elterritorialweb.com.ar\/web\/wp-json\/wp\/v2\/posts\/39435","targetHints":{"allow":["GET"]}}],"collection":[{"href":"https:\/\/elterritorialweb.com.ar\/web\/wp-json\/wp\/v2\/posts"}],"about":[{"href":"https:\/\/elterritorialweb.com.ar\/web\/wp-json\/wp\/v2\/types\/post"}],"author":[{"embeddable":true,"href":"https:\/\/elterritorialweb.com.ar\/web\/wp-json\/wp\/v2\/users\/2"}],"replies":[{"embeddable":true,"href":"https:\/\/elterritorialweb.com.ar\/web\/wp-json\/wp\/v2\/comments?post=39435"}],"version-history":[{"count":1,"href":"https:\/\/elterritorialweb.com.ar\/web\/wp-json\/wp\/v2\/posts\/39435\/revisions"}],"predecessor-version":[{"id":39437,"href":"https:\/\/elterritorialweb.com.ar\/web\/wp-json\/wp\/v2\/posts\/39435\/revisions\/39437"}],"wp:featuredmedia":[{"embeddable":true,"href":"https:\/\/elterritorialweb.com.ar\/web\/wp-json\/wp\/v2\/media\/39436"}],"wp:attachment":[{"href":"https:\/\/elterritorialweb.com.ar\/web\/wp-json\/wp\/v2\/media?parent=39435"}],"wp:term":[{"taxonomy":"category","embeddable":true,"href":"https:\/\/elterritorialweb.com.ar\/web\/wp-json\/wp\/v2\/categories?post=39435"},{"taxonomy":"post_tag","embeddable":true,"href":"https:\/\/elterritorialweb.com.ar\/web\/wp-json\/wp\/v2\/tags?post=39435"}],"curies":[{"name":"wp","href":"https:\/\/api.w.org\/{rel}","templated":true}]}}