{"id":39442,"date":"2022-05-01T00:23:28","date_gmt":"2022-05-01T00:23:28","guid":{"rendered":"http:\/\/elterritorialweb.com.ar\/web\/?p=39442"},"modified":"2022-05-01T00:23:30","modified_gmt":"2022-05-01T00:23:30","slug":"la-intendente-fuentes-y-la-ministra-nassif-lanzaron-el-punto-progresar-para-la-capital","status":"publish","type":"post","link":"https:\/\/elterritorialweb.com.ar\/web\/la-intendente-fuentes-y-la-ministra-nassif-lanzaron-el-punto-progresar-para-la-capital\/","title":{"rendered":"LA INTENDENTE FUENTES Y LA MINISTRA NASSIF LANZARON EL PUNTO PROGRESAR PARA LA CAPITAL"},"content":{"rendered":"\n<p>La ceremonia se realiz\u00f3 en el marco del convenio celebrado entre el Ministerio de Educaci\u00f3n de la provincia y la Municipalidad de la Capital para implementar el programa y permitir a los j\u00f3venes la inclusi\u00f3n y la continuidad de sus estudios con el apoyo de la beca nacional.<\/p>\n\n\n\n<p>Participaron tambi\u00e9n los secretarios de Gobierno, N\u00e9stor Machado; de Planeamiento, Obras y Servicios P\u00fablicos, Jorge Vila; el diputado provincial, Lelio Manzanares; directores, vecinos de ese sector barrial y estudiantes y docentes de las&nbsp; Escuelas de Comercio \u201cAntenor Ferreyra\u201d y de Bellas Artes \u201cJuan Yapari\u201d y miembros de la Asociaci\u00f3n Vecinal barrio Tradici\u00f3n y de la Asociaci\u00f3n Siminisqa y del Taller de Arte Sana.<\/p>\n\n\n\n<p>La ministra Nassif se\u00f1al\u00f3 que es importante que los j\u00f3venes est\u00e9n en la escuela, despu\u00e9s de tiempos de pandemia, porque es la \u201cescuela el lugar que les va a brindar un lugar en el futuro y de progreso individual y colectivo para todos nosotros\u201d.<\/p>\n\n\n\n<p>Dijo tambi\u00e9n que, para la provincia significa un logro importante que se vio reflejado hasta esta semana con la inscripci\u00f3n de m\u00e1s 33 mil alumnos&nbsp; en la educaci\u00f3n obligatoria y m\u00e1s de 13 mil en la educaci\u00f3n superior.<\/p>\n\n\n\n<p>En tanto, agradeci\u00f3 a la Intendente y a su equipo de trabajo por unirse a \u00e9ste programa para acompa\u00f1ar a los j\u00f3venes en la educaci\u00f3n.<\/p>\n\n\n\n<p>A su turno, la intendente Fuentes record\u00f3 una frase del gobernador Gerardo Zamora, indicando que, est\u00e1 en la educaci\u00f3n la igualdad y es la que permite que muchos j\u00f3venes puedan avanzar en sus estudios y formarse para los tiempos que vienen.<\/p>\n\n\n\n<p>Dijo tambi\u00e9n que es necesario pensar hoy en una juventud con oportunidades y con ganas de seguir creciendo y la escuela es el lugar junto a esta ayuda econ\u00f3mica para llegar a ese objetivo.<\/p>\n\n\n\n<p>Asimismo agradeci\u00f3 a la ministra Nassif por pensar en la ciudad y en acciones conjuntas para que los j\u00f3venes, para que puedan acceder a las becas.<\/p>\n\n\n\n<p>El espacio f\u00edsico del Punto Progresar funcionar\u00e1 en la Direcci\u00f3n de Desarrollo Social de la Municipalidad de la Capital, sito en Absal\u00f3n Rojas 248, donde se podr\u00e1n realizar consultas y solicitar asesoramiento. Tambi\u00e9n se realizar\u00e1n acciones y acompa\u00f1amiento de las trayectorias educativas de los becarios.<\/p>\n","protected":false},"excerpt":{"rendered":"<p>La intendente Ing. Norma Fuentes y la ministra de Educaci\u00f3n de la Provincia, Dra. Mariela Nassif, lanzaron oficialmente el Punto Progresar para la ciudad Capital desde la Plaza Andr\u00e9s Figueroa en el barrio Alberdi con la presencia de estudiantes y comunidades educativas.<\/p>\n","protected":false},"author":2,"featured_media":39443,"comment_status":"open","ping_status":"open","sticky":false,"template":"","format":"standard","meta":{"om_disable_all_campaigns":false,"_monsterinsights_skip_tracking":false,"_monsterinsights_sitenote_active":false,"_monsterinsights_sitenote_note":"","_monsterinsights_sitenote_category":0,"_uf_show_specific_survey":0,"_uf_disable_surveys":false,"jetpack_post_was_ever_published":false,"_jetpack_newsletter_access":"","_jetpack_dont_email_post_to_subs":false,"_jetpack_newsletter_tier_id":0,"_jetpack_memberships_contains_paywalled_content":false,"_jetpack_memberships_contains_paid_content":false,"footnotes":"","jetpack_publicize_message":"","jetpack_publicize_feature_enabled":true,"jetpack_social_post_already_shared":false,"jetpack_social_options":{"image_generator_settings":{"template":"highway","default_image_id":0,"font":"","enabled":false},"version":2}},"categories":[21],"tags":[],"class_list":["post-39442","post","type-post","status-publish","format-standard","has-post-thumbnail","hentry","category-locales"],"aioseo_notices":[],"views":8,"jetpack_publicize_connections":[],"jetpack_featured_media_url":"https:\/\/i0.wp.com\/elterritorialweb.com.ar\/web\/wp-content\/uploads\/2022\/05\/lanzamiento-progresar.jpeg?fit=1124%2C750&ssl=1","jetpack_sharing_enabled":true,"_links":{"self":[{"href":"https:\/\/elterritorialweb.com.ar\/web\/wp-json\/wp\/v2\/posts\/39442","targetHints":{"allow":["GET"]}}],"collection":[{"href":"https:\/\/elterritorialweb.com.ar\/web\/wp-json\/wp\/v2\/posts"}],"about":[{"href":"https:\/\/elterritorialweb.com.ar\/web\/wp-json\/wp\/v2\/types\/post"}],"author":[{"embeddable":true,"href":"https:\/\/elterritorialweb.com.ar\/web\/wp-json\/wp\/v2\/users\/2"}],"replies":[{"embeddable":true,"href":"https:\/\/elterritorialweb.com.ar\/web\/wp-json\/wp\/v2\/comments?post=39442"}],"version-history":[{"count":1,"href":"https:\/\/elterritorialweb.com.ar\/web\/wp-json\/wp\/v2\/posts\/39442\/revisions"}],"predecessor-version":[{"id":39444,"href":"https:\/\/elterritorialweb.com.ar\/web\/wp-json\/wp\/v2\/posts\/39442\/revisions\/39444"}],"wp:featuredmedia":[{"embeddable":true,"href":"https:\/\/elterritorialweb.com.ar\/web\/wp-json\/wp\/v2\/media\/39443"}],"wp:attachment":[{"href":"https:\/\/elterritorialweb.com.ar\/web\/wp-json\/wp\/v2\/media?parent=39442"}],"wp:term":[{"taxonomy":"category","embeddable":true,"href":"https:\/\/elterritorialweb.com.ar\/web\/wp-json\/wp\/v2\/categories?post=39442"},{"taxonomy":"post_tag","embeddable":true,"href":"https:\/\/elterritorialweb.com.ar\/web\/wp-json\/wp\/v2\/tags?post=39442"}],"curies":[{"name":"wp","href":"https:\/\/api.w.org\/{rel}","templated":true}]}}