{"id":39445,"date":"2022-05-01T00:30:01","date_gmt":"2022-05-01T00:30:01","guid":{"rendered":"http:\/\/elterritorialweb.com.ar\/web\/?p=39445"},"modified":"2022-05-01T00:30:01","modified_gmt":"2022-05-01T00:30:01","slug":"alberto-fernandez-el-dia-del-trabajo-se-celebra-creando-trabajo-en-la-argnetina","status":"publish","type":"post","link":"https:\/\/elterritorialweb.com.ar\/web\/alberto-fernandez-el-dia-del-trabajo-se-celebra-creando-trabajo-en-la-argnetina\/","title":{"rendered":"ALBERTO FERN\u00c1NDEZ: \u00abEL D\u00cdA DEL TRABAJO SE CELEBRA CREANDO TRABAJO EN LA ARGNETINA\u00bb"},"content":{"rendered":"\n<p>\u00abEn la Argentina cuando se registr\u00f3 el mayor n\u00famero de trabajadores de la construcci\u00f3n hab\u00eda 420 mil, un tercio trabajaban en la obra p\u00fablica, dos tercios trabajaban en la actividad privada\u00bb, expres\u00f3 el mandatario acompa\u00f1ado del ministro de Obras P\u00fablicas, Gabriel Katopodis, el Administrador General de Vialidad Nacional, Gustavo Arrieta y el intendente local, Nicol\u00e1s Mantegazza.<\/p>\n\n\n\n<p>En este marco, agreg\u00f3 \u00abnos pusimos en la cabeza que la Argentina federal necesitaba un plan de obras y logramos un crecimiento que hoy se traduce en m\u00e1s de 4 mil obras en todo el pa\u00eds. Eso determin\u00f3 que crezca el empleo y hoy celebremos 400 mil trabajadores de la construcci\u00f3n. De esa cifra la mitad es del sector privado y la otra es obra p\u00fablica que el Estado est\u00e1 llevando adelante\u00bb.<\/p>\n\n\n\n<p>\u00abTodos sabemos el pa\u00eds que recibimos y todo lo que tuvimos que hacer para recuperarlo. Hab\u00eda que poner la econom\u00eda en marcha, volver a reactivarla, prender la econom\u00eda. Lo logramos, crecimos m\u00e1s del 10 por ciento. Ahora todo nuestro empe\u00f1o est\u00e1 en crear trabajo\u00bb por eso \u00abel D\u00eda del Trabajo se celebra creando trabajo en la Argentina\u00bb asever\u00f3 el Presidente.<\/p>\n\n\n\n<p>Por \u00faltimo, anticip\u00f3 que \u00abahora que la econom\u00eda avanz\u00f3, se desarrolla, crece, tenemos una sola preocupaci\u00f3n; que el salario crezca d\u00eda a d\u00eda, que los bolsillos de los argentinos se fortalezcan, que los trabajadores le ganen a la inflaci\u00f3n con sus sueldos, ese es el modo de construir una Argentina justa. Porque con crecer no alcanza, necesitamos que el crecimiento debe ser repartido de un modo equilibrado\u00bb.<\/p>\n\n\n\n<p><br><strong>Sobre la obra de la Autopista Presidente Per\u00f3n<\/strong><\/p>\n\n\n\n<p>-Actualmente se encuentran en ejecuci\u00f3n tres (de los cuatro tramos) de la nueva Autopista semiurbana que se realiza sobre traza nueva, e incluye dos carriles por sentido, colectoras, distribuidores, pasos a nivel, iluminaci\u00f3n y nueva se\u00f1alizaci\u00f3n inteligente.<\/p>\n\n\n\n<p><br>-Esta v\u00eda conformar\u00e1 el tercer anillo de circunvalaci\u00f3n del AMBA, junto al Camino de Cintura y la Av. General Paz, e integrar\u00e1 a 12 municipios: San Isidro, General San Mart\u00edn, Tres de Febrero, Hurlingham, Ituzaing\u00f3, Merlo, La Matanza, Ezeiza, San Vicente, Presidente Per\u00f3n, Florencio Varela y Berazategui.<\/p>\n\n\n\n<p><br>-La Autopista conectar\u00e1 con todos los accesos a la Ciudad Aut\u00f3noma de Buenos Aires y permitir\u00e1 agilizar la salida desde los parques industriales que se encuentran a lo largo de su recorrido, facilitando el acceso al puerto de La Plata y a los aeropuertos de Mor\u00f3n, El Palomar y Ezeiza.<\/p>\n\n\n\n<p><br>-En su conjunto, el nuevo corredor optimizar\u00e1 la conexi\u00f3n entre el norte y sur de la Provincia, y brindar\u00e1 impulso al desarrollo industrial, comercial y habitacional de toda el \u00c1rea Metropolitana. Los 4 tramos de la obra tendr\u00e1n una inversi\u00f3n total de $41.517 millones de pesos, beneficiar\u00e1 a m\u00e1s de 12 millones de personas y generar\u00e1 2.800 puestos de trabajo.<\/p>\n","protected":false},"excerpt":{"rendered":"<p>El presidente Alberto Fern\u00e1ndez anunci\u00f3 el trabajador 400 mil de la construcci\u00f3n en la Argentina, en el marco del D\u00eda Internacional del Trabajador, en el cruce de la Autopista Presidente Per\u00f3n y la Ruta provincial 58 a la altura del municipio de San Vicente.<\/p>\n","protected":false},"author":2,"featured_media":39446,"comment_status":"open","ping_status":"open","sticky":false,"template":"","format":"standard","meta":{"om_disable_all_campaigns":false,"_monsterinsights_skip_tracking":false,"_monsterinsights_sitenote_active":false,"_monsterinsights_sitenote_note":"","_monsterinsights_sitenote_category":0,"_uf_show_specific_survey":0,"_uf_disable_surveys":false,"jetpack_post_was_ever_published":false,"_jetpack_newsletter_access":"","_jetpack_dont_email_post_to_subs":false,"_jetpack_newsletter_tier_id":0,"_jetpack_memberships_contains_paywalled_content":false,"_jetpack_memberships_contains_paid_content":false,"footnotes":"","jetpack_publicize_message":"","jetpack_publicize_feature_enabled":true,"jetpack_social_post_already_shared":false,"jetpack_social_options":{"image_generator_settings":{"template":"highway","default_image_id":0,"font":"","enabled":false},"version":2}},"categories":[18],"tags":[],"class_list":["post-39445","post","type-post","status-publish","format-standard","has-post-thumbnail","hentry","category-politica"],"aioseo_notices":[],"views":8,"jetpack_publicize_connections":[],"jetpack_featured_media_url":"https:\/\/i0.wp.com\/elterritorialweb.com.ar\/web\/wp-content\/uploads\/2022\/05\/Diadeltrabajador.jpg?fit=1940%2C1293&ssl=1","jetpack_sharing_enabled":true,"_links":{"self":[{"href":"https:\/\/elterritorialweb.com.ar\/web\/wp-json\/wp\/v2\/posts\/39445","targetHints":{"allow":["GET"]}}],"collection":[{"href":"https:\/\/elterritorialweb.com.ar\/web\/wp-json\/wp\/v2\/posts"}],"about":[{"href":"https:\/\/elterritorialweb.com.ar\/web\/wp-json\/wp\/v2\/types\/post"}],"author":[{"embeddable":true,"href":"https:\/\/elterritorialweb.com.ar\/web\/wp-json\/wp\/v2\/users\/2"}],"replies":[{"embeddable":true,"href":"https:\/\/elterritorialweb.com.ar\/web\/wp-json\/wp\/v2\/comments?post=39445"}],"version-history":[{"count":1,"href":"https:\/\/elterritorialweb.com.ar\/web\/wp-json\/wp\/v2\/posts\/39445\/revisions"}],"predecessor-version":[{"id":39447,"href":"https:\/\/elterritorialweb.com.ar\/web\/wp-json\/wp\/v2\/posts\/39445\/revisions\/39447"}],"wp:featuredmedia":[{"embeddable":true,"href":"https:\/\/elterritorialweb.com.ar\/web\/wp-json\/wp\/v2\/media\/39446"}],"wp:attachment":[{"href":"https:\/\/elterritorialweb.com.ar\/web\/wp-json\/wp\/v2\/media?parent=39445"}],"wp:term":[{"taxonomy":"category","embeddable":true,"href":"https:\/\/elterritorialweb.com.ar\/web\/wp-json\/wp\/v2\/categories?post=39445"},{"taxonomy":"post_tag","embeddable":true,"href":"https:\/\/elterritorialweb.com.ar\/web\/wp-json\/wp\/v2\/tags?post=39445"}],"curies":[{"name":"wp","href":"https:\/\/api.w.org\/{rel}","templated":true}]}}