{"id":39462,"date":"2022-05-01T02:22:29","date_gmt":"2022-05-01T02:22:29","guid":{"rendered":"http:\/\/elterritorialweb.com.ar\/web\/?p=39462"},"modified":"2022-05-01T02:22:59","modified_gmt":"2022-05-01T02:22:59","slug":"la-intendente-fuentes-participo-de-la-octava-jornada-por-el-dia-del-animal-en-el-parque-aguirre","status":"publish","type":"post","link":"https:\/\/elterritorialweb.com.ar\/web\/la-intendente-fuentes-participo-de-la-octava-jornada-por-el-dia-del-animal-en-el-parque-aguirre\/","title":{"rendered":"LA INTENDENTE FUENTES PARTICIP\u00d3 DE LA OCTAVA JORNADA POR EL D\u00cdA DEL ANIMAL EN EL PARQUE AGUIRRE"},"content":{"rendered":"\n<p>La jefa comunal estuvo acompa\u00f1ada por la secretaria de Coordinaci\u00f3n, Alejandra Yoshitake y el subsecretario de Desarrollo Comunitario, Mauro Kalinski, con quienes recorri\u00f3 los diferentes stands de organizaciones que trabajan por los derechos de los animales.<\/p>\n\n\n\n<p>En su mensaje a los presentes, la Ing. Fuentes resalt\u00f3 que es un d\u00eda de reflexi\u00f3n y felicit\u00f3 a las asociaciones por el trabajo que realizan a favor de los animales.<\/p>\n\n\n\n<p>Afirm\u00f3 que desde el municipio, se trabaja en forma permanente junto a las entidades protectoras y desde el Programa de Zoonosis y Tenencia Responsable con las castraciones en los diferentes barrios. \u201cNo queremos perros en las calles, queremos perros cuidados y castrados\u201d, indic\u00f3.<\/p>\n\n\n\n<p>La Ing. Fuentes record\u00f3 la enorme tarea que el municipio conjuntamente con diferentes organizaciones para concretar el traslado de los felinos hacia los santuarios en \u00c1frica y que signific\u00f3 el cierre definitivo del zool\u00f3gico.<\/p>\n\n\n\n<p>Por su parte, Adriana Albornoz agradeci\u00f3 a la intendente y a las dependencias del municipio por su colaboraci\u00f3n contin\u00faa con las entidades protectoras y por ceder el espacio del Parque Aguirre para \u00e9sta jornada que a\u00f1o a a\u00f1o se supera y que convoca a muchos vecinos con sus mascotas.<\/p>\n\n\n\n<p>Acerca de la jornada, dijo que este a\u00f1o se sumaron los stands de emprendedores para ofrecer sus productos y con sus ganancias continuar aportando al proyecto de cuidar a los animales, alimentarlos y castrarlos.<\/p>\n\n\n\n<p>Por \u00faltimo, la diputada provincial Cecilia Vald\u00e9z entreg\u00f3 a las asociaciones la declaraci\u00f3n de inter\u00e9s del evento aprobada por la C\u00e1mara de Diputados.<\/p>\n","protected":false},"excerpt":{"rendered":"<p>La Intendente, Ing. Norma Fuentes, particip\u00f3 de la 8\u00aa Jornada por el d\u00eda de animal organizada por la Asociaci\u00f3n Civil  Arca de Santiago, que se celebr\u00f3 en el Parque Aguirre y que convoc\u00f3 a diferentes entidades protectoras y a vecinos que se acercaron con sus mascotas.<\/p>\n","protected":false},"author":2,"featured_media":39463,"comment_status":"open","ping_status":"open","sticky":false,"template":"","format":"standard","meta":{"om_disable_all_campaigns":false,"_monsterinsights_skip_tracking":false,"_monsterinsights_sitenote_active":false,"_monsterinsights_sitenote_note":"","_monsterinsights_sitenote_category":0,"_uf_show_specific_survey":0,"_uf_disable_surveys":false,"jetpack_post_was_ever_published":false,"_jetpack_newsletter_access":"","_jetpack_dont_email_post_to_subs":false,"_jetpack_newsletter_tier_id":0,"_jetpack_memberships_contains_paywalled_content":false,"_jetpack_memberships_contains_paid_content":false,"footnotes":"","jetpack_publicize_message":"","jetpack_publicize_feature_enabled":true,"jetpack_social_post_already_shared":false,"jetpack_social_options":{"image_generator_settings":{"template":"highway","default_image_id":0,"font":"","enabled":false},"version":2}},"categories":[21],"tags":[],"class_list":["post-39462","post","type-post","status-publish","format-standard","has-post-thumbnail","hentry","category-locales"],"aioseo_notices":[],"views":8,"jetpack_publicize_connections":[],"jetpack_featured_media_url":"https:\/\/i0.wp.com\/elterritorialweb.com.ar\/web\/wp-content\/uploads\/2022\/05\/dia-del-animal-parque-aguirre.jpeg?fit=1124%2C750&ssl=1","jetpack_sharing_enabled":true,"_links":{"self":[{"href":"https:\/\/elterritorialweb.com.ar\/web\/wp-json\/wp\/v2\/posts\/39462","targetHints":{"allow":["GET"]}}],"collection":[{"href":"https:\/\/elterritorialweb.com.ar\/web\/wp-json\/wp\/v2\/posts"}],"about":[{"href":"https:\/\/elterritorialweb.com.ar\/web\/wp-json\/wp\/v2\/types\/post"}],"author":[{"embeddable":true,"href":"https:\/\/elterritorialweb.com.ar\/web\/wp-json\/wp\/v2\/users\/2"}],"replies":[{"embeddable":true,"href":"https:\/\/elterritorialweb.com.ar\/web\/wp-json\/wp\/v2\/comments?post=39462"}],"version-history":[{"count":1,"href":"https:\/\/elterritorialweb.com.ar\/web\/wp-json\/wp\/v2\/posts\/39462\/revisions"}],"predecessor-version":[{"id":39464,"href":"https:\/\/elterritorialweb.com.ar\/web\/wp-json\/wp\/v2\/posts\/39462\/revisions\/39464"}],"wp:featuredmedia":[{"embeddable":true,"href":"https:\/\/elterritorialweb.com.ar\/web\/wp-json\/wp\/v2\/media\/39463"}],"wp:attachment":[{"href":"https:\/\/elterritorialweb.com.ar\/web\/wp-json\/wp\/v2\/media?parent=39462"}],"wp:term":[{"taxonomy":"category","embeddable":true,"href":"https:\/\/elterritorialweb.com.ar\/web\/wp-json\/wp\/v2\/categories?post=39462"},{"taxonomy":"post_tag","embeddable":true,"href":"https:\/\/elterritorialweb.com.ar\/web\/wp-json\/wp\/v2\/tags?post=39462"}],"curies":[{"name":"wp","href":"https:\/\/api.w.org\/{rel}","templated":true}]}}