{"id":39465,"date":"2022-05-01T02:30:38","date_gmt":"2022-05-01T02:30:38","guid":{"rendered":"http:\/\/elterritorialweb.com.ar\/web\/?p=39465"},"modified":"2022-05-01T02:30:40","modified_gmt":"2022-05-01T02:30:40","slug":"marcelo-tinelli-renuncio-a-la-presidencia-de-san-lorenzo","status":"publish","type":"post","link":"https:\/\/elterritorialweb.com.ar\/web\/marcelo-tinelli-renuncio-a-la-presidencia-de-san-lorenzo\/","title":{"rendered":"MARCELO TINELLI RENUNCI\u00d3 A LA PRESIDENCIA DE SAN LORENZO"},"content":{"rendered":"\n<p>Marcelo Tinelli anunci\u00f3 este s\u00e1bado su renuncia a la presidencia de San Lorenzo sobre el vencimiento de la licencia de un a\u00f1o que hab\u00eda tomado en mayo de 2021 por motivos familiares y profesionales.<\/p>\n\n\n\n<p>El empresario televisivo, de 62 a\u00f1os, comunic\u00f3 p\u00fablicamente su decisi\u00f3n con un mensaje en sus redes sociales, en el que&nbsp;<strong>asumi\u00f3 su intenci\u00f3n de no generar \u00abdivisiones y violencia entre los sanlorencistas\u00bb&nbsp;<\/strong>en un momento de severa crisis institucional y deportiva.<\/p>\n\n\n\n<p>Tinelli tom\u00f3 la presidencia del club en diciembre de 2019 con el 82% de respaldo de la masa societaria y ejerci\u00f3 efectivamente el cargo hasta mayo del a\u00f1o pasado cuando lo dej\u00f3 en manos del vice primero Horacio Arreceygor, en medio de cuestionamientos por un deterioro pol\u00edtico, econ\u00f3mico, financiero y futbol\u00edstico.<\/p>\n\n\n\n<figure class=\"wp-block-embed is-type-rich is-provider-twitter wp-block-embed-twitter\"><div class=\"wp-block-embed__wrapper\">\nhttps:\/\/twitter.com\/cuervotinelli\/status\/1520453501645512704\n<\/div><\/figure>\n\n\n\n<p>\u00abSiempre que se toman decisiones es imposible complacer a todos. He decidido dejar mi cargo como presidente de San Lorenzo de Almagro\u00bb, introdujo en su publicaci\u00f3n acompa\u00f1ada por fotos vinculadas a su etapa en el club.<\/p>\n\n\n\n<p>Tinelli se convirti\u00f3 en dirigente de San Lorenzo durante el segundo semestre de 2012 como vicepresidente primero de Mat\u00edas Lammens, etapa en la que se consiguieron importantes logros, especialmente la primera y \u00fanica Copa Libertadores de la historia del club (2014).<\/p>\n\n\n\n<p>En su comunicaci\u00f3n formal,&nbsp;<strong>el presidente renunciante pidi\u00f3 \u00abmil disculpas por no haber podido estar m\u00e1s tiempo\u00bb en su funci\u00f3n<\/strong>&nbsp;y se excus\u00f3 con que sus otras actividades \u00abmuy p\u00fablicas\u00bb le impiden estar \u00ab100 por ciento en un lugar que requiere un trabajo full time\u00bb.<\/p>\n\n\n\n<p>\u00abMi familia y mi trabajo profesional hoy tambi\u00e9n me ponen freno a este proyecto\u00bb, explic\u00f3 antes de aclarar su disposici\u00f3n para \u00abayudar\u00bb al club desde el lugar que lo necesite.<\/p>\n\n\n\n<p>Tras su salida efectiva de la presidencia, Tinelli fue una figura repudiada por socios e hinchas de San Lorenzo, quienes en los \u00faltimos partidos en el Nuevo Gas\u00f3metro reclamaron a viva voz el adelantamiento de las elecciones fijadas para fines de 2023.<\/p>\n\n\n\n<h3 class=\"wp-block-heading\">El texto completo de la renuncia<\/h3>\n\n\n\n<p><em>\u00abHola a todos: quiero comunicarme con ustedes por este medio porque siento que es la mejor forma de poder expresarles en forma genuina lo que siento. Siempre que se toman decisiones es imposible complacer a todos.<\/em><\/p>\n\n\n\n<p><em>He decidido dejar mi cargo como presidente de San Lorenzo de Almagro. Como lo he expresado en muchas ocasiones, el f\u00fatbol es mi pasi\u00f3n. Todos los que me conocen bien lo saben. Incluso he llegado a pensar y so\u00f1ar que tiene mucho que ver con mi misi\u00f3n en la vida. Los deseos de uno y la realidad que se expresa en cada momento, muchas veces no van de la mano. O mejor dicho, lo que uno siente cuando cree que est\u00e1 dando lo mejor, en ciertos momentos no se plasma en una realidad concreta o no alcanza.<\/em><\/p>\n\n\n\n<p><em>He transitado muchas dificultades en mi vida, me he nutrido de ellas, pero he entendido muchas veces los datos de la realidad y ah\u00ed, en este tiempo de distancia, puedo ver que m\u00e1s all\u00e1 de todo lo que di y tengo para dar, quiz\u00e1s no sea el momento, aunque me duela.<\/em><\/p>\n\n\n\n<p><em>Gracias a todos los hinchas y socios de San Lorenzo por el amor, por el cari\u00f1o y el apoyo en las \u00faltimas elecciones. Mis disculpas por no haber podido estar m\u00e1s tiempo. Mis otras actividades son muy p\u00fablicas y no me permiten estar al 100 por ciento en un lugar que requiere un trabajo full time. He dejado el alma y muchas cosas en estos casi 10 a\u00f1os y tambi\u00e9n junto a un equipo maravilloso, hemos dejado algunos logros imborrables para la historia del club, como la Copa Libertadores, jugar la final intercontinental con Real Madrid, infinidad de obras donadas para la instituci\u00f3n, la vuelta a la Liga Nacional de B\u00e1squetbol, 5 t\u00edtulos naciones, 2 campeonatos de Am\u00e9rica, 2 juegos contra equipos de la NBA (hecho in\u00e9dito del b\u00e1squet argentino), la Ley de Restituci\u00f3n Hist\u00f3rica, la Ley de Rezonificaci\u00f3n y la compra de los terrenos de Avenida La Plata.<\/em><\/p>\n\n\n\n<p><em>Jam\u00e1s permitir\u00eda que una presencia m\u00eda genere divisiones o violencia entre los sanlorencistas que amamos al club o que San Lorenzo sea perjudicado en cualquier \u00e1mbito. Mi familia y mi trabajo profesional hoy tambi\u00e9n me ponen un freno a este proyecto. Gracias a todos los que me acompa\u00f1aron y fueron leales en todo momento. Siempre estar\u00e9 para ayudar a San Lorenzo desde donde se me necesite, como lo hice en este per\u00edodo y a lo largo de m\u00e1s de 30 a\u00f1os. No es un adi\u00f3s, sino un hasta luego. Nos volveremos a ver pronto en esta pasi\u00f3n maravillosa que es el f\u00fatbol y en este amor \u00fanico e indisoluble que es San Lorenzo. Los quiero mucho\u00bb.<\/em><\/p>\n","protected":false},"excerpt":{"rendered":"<p>Lo public\u00f3 en su cuenta de Twitter. La decisi\u00f3n fue tomada sobre el vencimiento de la licencia de un a\u00f1o, que comenz\u00f3 en mayo de 2021.<\/p>\n","protected":false},"author":2,"featured_media":39466,"comment_status":"open","ping_status":"open","sticky":false,"template":"","format":"standard","meta":{"om_disable_all_campaigns":false,"_monsterinsights_skip_tracking":false,"_monsterinsights_sitenote_active":false,"_monsterinsights_sitenote_note":"","_monsterinsights_sitenote_category":0,"_uf_show_specific_survey":0,"_uf_disable_surveys":false,"jetpack_post_was_ever_published":false,"_jetpack_newsletter_access":"","_jetpack_dont_email_post_to_subs":false,"_jetpack_newsletter_tier_id":0,"_jetpack_memberships_contains_paywalled_content":false,"_jetpack_memberships_contains_paid_content":false,"footnotes":"","jetpack_publicize_message":"","jetpack_publicize_feature_enabled":true,"jetpack_social_post_already_shared":false,"jetpack_social_options":{"image_generator_settings":{"template":"highway","default_image_id":0,"font":"","enabled":false},"version":2}},"categories":[6],"tags":[],"class_list":["post-39465","post","type-post","status-publish","format-standard","has-post-thumbnail","hentry","category-deportes"],"aioseo_notices":[],"views":7,"jetpack_publicize_connections":[],"jetpack_featured_media_url":"https:\/\/i0.wp.com\/elterritorialweb.com.ar\/web\/wp-content\/uploads\/2022\/05\/TINELLI-RENUNCIO-A-SAN-LORENZO.png?fit=680%2C389&ssl=1","jetpack_sharing_enabled":true,"_links":{"self":[{"href":"https:\/\/elterritorialweb.com.ar\/web\/wp-json\/wp\/v2\/posts\/39465","targetHints":{"allow":["GET"]}}],"collection":[{"href":"https:\/\/elterritorialweb.com.ar\/web\/wp-json\/wp\/v2\/posts"}],"about":[{"href":"https:\/\/elterritorialweb.com.ar\/web\/wp-json\/wp\/v2\/types\/post"}],"author":[{"embeddable":true,"href":"https:\/\/elterritorialweb.com.ar\/web\/wp-json\/wp\/v2\/users\/2"}],"replies":[{"embeddable":true,"href":"https:\/\/elterritorialweb.com.ar\/web\/wp-json\/wp\/v2\/comments?post=39465"}],"version-history":[{"count":1,"href":"https:\/\/elterritorialweb.com.ar\/web\/wp-json\/wp\/v2\/posts\/39465\/revisions"}],"predecessor-version":[{"id":39467,"href":"https:\/\/elterritorialweb.com.ar\/web\/wp-json\/wp\/v2\/posts\/39465\/revisions\/39467"}],"wp:featuredmedia":[{"embeddable":true,"href":"https:\/\/elterritorialweb.com.ar\/web\/wp-json\/wp\/v2\/media\/39466"}],"wp:attachment":[{"href":"https:\/\/elterritorialweb.com.ar\/web\/wp-json\/wp\/v2\/media?parent=39465"}],"wp:term":[{"taxonomy":"category","embeddable":true,"href":"https:\/\/elterritorialweb.com.ar\/web\/wp-json\/wp\/v2\/categories?post=39465"},{"taxonomy":"post_tag","embeddable":true,"href":"https:\/\/elterritorialweb.com.ar\/web\/wp-json\/wp\/v2\/tags?post=39465"}],"curies":[{"name":"wp","href":"https:\/\/api.w.org\/{rel}","templated":true}]}}