{"id":39477,"date":"2022-05-02T01:30:51","date_gmt":"2022-05-02T01:30:51","guid":{"rendered":"http:\/\/elterritorialweb.com.ar\/web\/?p=39477"},"modified":"2022-05-09T17:59:42","modified_gmt":"2022-05-09T17:59:42","slug":"el-intendente-nediani-entrego-indumentaria-a-personal-de-transito","status":"publish","type":"post","link":"https:\/\/elterritorialweb.com.ar\/web\/el-intendente-nediani-entrego-indumentaria-a-personal-de-transito\/","title":{"rendered":"EL INTENDENTE NEDIANI ENTREG\u00d3 INDUMENTARIA A PERSONAL DE TR\u00c1NSITO"},"content":{"rendered":"\n<p>En este sentido, el jefe comunal, acompa\u00f1ado del coordinador del \u00e1rea, Matias Lezcano y dem\u00e1s autoridades, visit\u00f3 las instalaciones y realiz\u00f3 la entrega de chalecos, camperas y chombas para todos los empleados de la direcci\u00f3n.<br>En la oportunidad, Nediani dijo: \u201cEs muy grato tener la posibilidad de compartir y dialogar con los compa\u00f1eros, de todo el gran trabajo que se viene realizando y planificar para la mejora y capacitaci\u00f3n de todos los empleados, para as\u00ed poder brindar un mejor servicio a los vecinos\u201d.<\/p>\n\n\n\n<figure class=\"wp-block-image size-large\"><a href=\"https:\/\/i0.wp.com\/elterritorialweb.com.ar\/web\/wp-content\/uploads\/2022\/05\/WhatsApp-Image-2022-05-01-at-8.27.39-PM-1.jpeg\"><img data-recalc-dims=\"1\" decoding=\"async\" width=\"640\" height=\"480\" data-src=\"https:\/\/i0.wp.com\/elterritorialweb.com.ar\/web\/wp-content\/uploads\/2022\/05\/WhatsApp-Image-2022-05-01-at-8.27.39-PM-1.jpeg?resize=640%2C480\" alt=\"\" class=\"wp-image-39479 lazyload\" data-srcset=\"https:\/\/i0.wp.com\/elterritorialweb.com.ar\/web\/wp-content\/uploads\/2022\/05\/WhatsApp-Image-2022-05-01-at-8.27.39-PM-1.jpeg?resize=1024%2C768&amp;ssl=1 1024w, https:\/\/i0.wp.com\/elterritorialweb.com.ar\/web\/wp-content\/uploads\/2022\/05\/WhatsApp-Image-2022-05-01-at-8.27.39-PM-1.jpeg?resize=300%2C225&amp;ssl=1 300w, https:\/\/i0.wp.com\/elterritorialweb.com.ar\/web\/wp-content\/uploads\/2022\/05\/WhatsApp-Image-2022-05-01-at-8.27.39-PM-1.jpeg?resize=768%2C576&amp;ssl=1 768w, https:\/\/i0.wp.com\/elterritorialweb.com.ar\/web\/wp-content\/uploads\/2022\/05\/WhatsApp-Image-2022-05-01-at-8.27.39-PM-1.jpeg?resize=1536%2C1152&amp;ssl=1 1536w, https:\/\/i0.wp.com\/elterritorialweb.com.ar\/web\/wp-content\/uploads\/2022\/05\/WhatsApp-Image-2022-05-01-at-8.27.39-PM-1.jpeg?w=1600&amp;ssl=1 1600w, https:\/\/i0.wp.com\/elterritorialweb.com.ar\/web\/wp-content\/uploads\/2022\/05\/WhatsApp-Image-2022-05-01-at-8.27.39-PM-1.jpeg?w=1280 1280w\" data-sizes=\"(max-width: 640px) 100vw, 640px\" src=\"data:image\/svg+xml;base64,PHN2ZyB3aWR0aD0iMSIgaGVpZ2h0PSIxIiB4bWxucz0iaHR0cDovL3d3dy53My5vcmcvMjAwMC9zdmciPjwvc3ZnPg==\" style=\"--smush-placeholder-width: 640px; --smush-placeholder-aspect-ratio: 640\/480;\" \/><\/a><\/figure>\n\n\n\n<p>\u201cPara nosotros es importante la calidad institucional y todo lo implica el ambiente de trabajo de todos nuestros empleados, por lo que venimos trabajando y continuaremos, para adem\u00e1s y por sobretodo, el beneficio de los bande\u00f1os\u201d, finaliz\u00f3 el mandatario.<br>Por su parte, Lezcano dijo: \u201cMuy agradecido con nuestro intendente por el acompa\u00f1amiento y sobre todo el compromiso para con nuestra \u00e1rea, en esta oportunidad entregando la indumentaria para que nuestros empleados desarrollen sus tareas de la manera correcta e identificados\u201d.<\/p>\n","protected":false},"excerpt":{"rendered":"<p>El intendente de la ciudad de La Banda, Roger Nediani visit\u00f3 las instalaciones de la Direcci\u00f3n de Tr\u00e1nsito y Transporte Urbano de la ciudad y entreg\u00f3 indumentaria de trabajo al personal.<\/p>\n","protected":false},"author":2,"featured_media":39478,"comment_status":"open","ping_status":"open","sticky":false,"template":"","format":"standard","meta":{"om_disable_all_campaigns":false,"_monsterinsights_skip_tracking":false,"_monsterinsights_sitenote_active":false,"_monsterinsights_sitenote_note":"","_monsterinsights_sitenote_category":0,"_uf_show_specific_survey":0,"_uf_disable_surveys":false,"jetpack_post_was_ever_published":false,"_jetpack_newsletter_access":"","_jetpack_dont_email_post_to_subs":false,"_jetpack_newsletter_tier_id":0,"_jetpack_memberships_contains_paywalled_content":false,"_jetpack_memberships_contains_paid_content":false,"footnotes":"","jetpack_publicize_message":"","jetpack_publicize_feature_enabled":true,"jetpack_social_post_already_shared":false,"jetpack_social_options":{"image_generator_settings":{"template":"highway","default_image_id":0,"font":"","enabled":false},"version":2}},"categories":[21],"tags":[],"class_list":["post-39477","post","type-post","status-publish","format-standard","has-post-thumbnail","hentry","category-locales"],"aioseo_notices":[],"views":10,"jetpack_publicize_connections":[],"jetpack_featured_media_url":"https:\/\/i0.wp.com\/elterritorialweb.com.ar\/web\/wp-content\/uploads\/2022\/05\/WhatsApp-Image-2022-05-01-at-8.27.39-PM.jpeg?fit=1600%2C1200&ssl=1","jetpack_sharing_enabled":true,"_links":{"self":[{"href":"https:\/\/elterritorialweb.com.ar\/web\/wp-json\/wp\/v2\/posts\/39477","targetHints":{"allow":["GET"]}}],"collection":[{"href":"https:\/\/elterritorialweb.com.ar\/web\/wp-json\/wp\/v2\/posts"}],"about":[{"href":"https:\/\/elterritorialweb.com.ar\/web\/wp-json\/wp\/v2\/types\/post"}],"author":[{"embeddable":true,"href":"https:\/\/elterritorialweb.com.ar\/web\/wp-json\/wp\/v2\/users\/2"}],"replies":[{"embeddable":true,"href":"https:\/\/elterritorialweb.com.ar\/web\/wp-json\/wp\/v2\/comments?post=39477"}],"version-history":[{"count":1,"href":"https:\/\/elterritorialweb.com.ar\/web\/wp-json\/wp\/v2\/posts\/39477\/revisions"}],"predecessor-version":[{"id":39480,"href":"https:\/\/elterritorialweb.com.ar\/web\/wp-json\/wp\/v2\/posts\/39477\/revisions\/39480"}],"wp:featuredmedia":[{"embeddable":true,"href":"https:\/\/elterritorialweb.com.ar\/web\/wp-json\/wp\/v2\/media\/39478"}],"wp:attachment":[{"href":"https:\/\/elterritorialweb.com.ar\/web\/wp-json\/wp\/v2\/media?parent=39477"}],"wp:term":[{"taxonomy":"category","embeddable":true,"href":"https:\/\/elterritorialweb.com.ar\/web\/wp-json\/wp\/v2\/categories?post=39477"},{"taxonomy":"post_tag","embeddable":true,"href":"https:\/\/elterritorialweb.com.ar\/web\/wp-json\/wp\/v2\/tags?post=39477"}],"curies":[{"name":"wp","href":"https:\/\/api.w.org\/{rel}","templated":true}]}}