{"id":39481,"date":"2022-05-02T01:48:02","date_gmt":"2022-05-02T01:48:02","guid":{"rendered":"http:\/\/elterritorialweb.com.ar\/web\/?p=39481"},"modified":"2022-05-02T01:48:03","modified_gmt":"2022-05-02T01:48:03","slug":"fuentes-participo-de-un-oficio-religioso-en-recordacion-de-los-trabajadores-fallecidos","status":"publish","type":"post","link":"https:\/\/elterritorialweb.com.ar\/web\/fuentes-participo-de-un-oficio-religioso-en-recordacion-de-los-trabajadores-fallecidos\/","title":{"rendered":"FUENTES PARTICIP\u00d3 DE UN OFICIO RELIGIOSO EN RECORDACI\u00d3N DE LOS TRABAJADORES FALLECIDOS"},"content":{"rendered":"\n<p>La ceremonia fue organizada por la Secretar\u00eda de Trabajo de la Provincia, a cargo de Julia Com\u00e1n. La jefa comunal estuvo acompa\u00f1ada por miembros de su gabinete y procedi\u00f3 a la colocaci\u00f3n de una ofrenda floral al pie de la Cruz Mayor del cementerio.<\/p>\n\n\n\n<p>\u201cVolvemos a encontrarnos en este contexto recordando a todos los compa\u00f1eros que ya no est\u00e1n, homenajeando a los trabajadores santiague\u00f1os, muchos&nbsp; de ellos conocidos&nbsp; que&nbsp; nos han dejado\u201d, expres\u00f3 la intendente Fuentes.<\/p>\n\n\n\n<p>Asimismo, la titular del Departamento Ejecutivo sostuvo que es importante seguir generando pol\u00edticas p\u00fablicas que generen las mismas posibilidades para todos.<\/p>\n\n\n\n<p>El oficio religioso estuvo a cargo del Padre Marcelo Trejo quien se refiri\u00f3 a la necesidad de mirar y trabajar principalmente por los trabajadores migrantes o golondrinas.<\/p>\n","protected":false},"excerpt":{"rendered":"<p>La intendente de la Capital, Ing. Norma Fuentes, particip\u00f3 de un oficio religioso y colocaci\u00f3n de ofrendas florales realizada en el Cementerio \u201cLa Piedad\u201d este domingo 1 de mayo por el D\u00eda del Trabajador, en recordaci\u00f3n de los trabajadores fallecidos.<\/p>\n","protected":false},"author":2,"featured_media":39482,"comment_status":"open","ping_status":"open","sticky":false,"template":"","format":"standard","meta":{"om_disable_all_campaigns":false,"_monsterinsights_skip_tracking":false,"_monsterinsights_sitenote_active":false,"_monsterinsights_sitenote_note":"","_monsterinsights_sitenote_category":0,"_uf_show_specific_survey":0,"_uf_disable_surveys":false,"jetpack_post_was_ever_published":false,"_jetpack_newsletter_access":"","_jetpack_dont_email_post_to_subs":false,"_jetpack_newsletter_tier_id":0,"_jetpack_memberships_contains_paywalled_content":false,"_jetpack_memberships_contains_paid_content":false,"footnotes":"","jetpack_publicize_message":"","jetpack_publicize_feature_enabled":true,"jetpack_social_post_already_shared":false,"jetpack_social_options":{"image_generator_settings":{"template":"highway","default_image_id":0,"font":"","enabled":false},"version":2}},"categories":[21],"tags":[],"class_list":["post-39481","post","type-post","status-publish","format-standard","has-post-thumbnail","hentry","category-locales"],"aioseo_notices":[],"views":12,"jetpack_publicize_connections":[],"jetpack_featured_media_url":"https:\/\/i0.wp.com\/elterritorialweb.com.ar\/web\/wp-content\/uploads\/2022\/05\/recordacion-trabajadores.jpeg?fit=1170%2C725&ssl=1","jetpack_sharing_enabled":true,"_links":{"self":[{"href":"https:\/\/elterritorialweb.com.ar\/web\/wp-json\/wp\/v2\/posts\/39481","targetHints":{"allow":["GET"]}}],"collection":[{"href":"https:\/\/elterritorialweb.com.ar\/web\/wp-json\/wp\/v2\/posts"}],"about":[{"href":"https:\/\/elterritorialweb.com.ar\/web\/wp-json\/wp\/v2\/types\/post"}],"author":[{"embeddable":true,"href":"https:\/\/elterritorialweb.com.ar\/web\/wp-json\/wp\/v2\/users\/2"}],"replies":[{"embeddable":true,"href":"https:\/\/elterritorialweb.com.ar\/web\/wp-json\/wp\/v2\/comments?post=39481"}],"version-history":[{"count":1,"href":"https:\/\/elterritorialweb.com.ar\/web\/wp-json\/wp\/v2\/posts\/39481\/revisions"}],"predecessor-version":[{"id":39483,"href":"https:\/\/elterritorialweb.com.ar\/web\/wp-json\/wp\/v2\/posts\/39481\/revisions\/39483"}],"wp:featuredmedia":[{"embeddable":true,"href":"https:\/\/elterritorialweb.com.ar\/web\/wp-json\/wp\/v2\/media\/39482"}],"wp:attachment":[{"href":"https:\/\/elterritorialweb.com.ar\/web\/wp-json\/wp\/v2\/media?parent=39481"}],"wp:term":[{"taxonomy":"category","embeddable":true,"href":"https:\/\/elterritorialweb.com.ar\/web\/wp-json\/wp\/v2\/categories?post=39481"},{"taxonomy":"post_tag","embeddable":true,"href":"https:\/\/elterritorialweb.com.ar\/web\/wp-json\/wp\/v2\/tags?post=39481"}],"curies":[{"name":"wp","href":"https:\/\/api.w.org\/{rel}","templated":true}]}}