{"id":39484,"date":"2022-05-02T01:53:10","date_gmt":"2022-05-02T01:53:10","guid":{"rendered":"http:\/\/elterritorialweb.com.ar\/web\/?p=39484"},"modified":"2022-05-02T01:53:10","modified_gmt":"2022-05-02T01:53:10","slug":"continua-el-programa-de-infancia-y-salud-de-los-jardines-de-infantes-de-la-municipalidad","status":"publish","type":"post","link":"https:\/\/elterritorialweb.com.ar\/web\/continua-el-programa-de-infancia-y-salud-de-los-jardines-de-infantes-de-la-municipalidad\/","title":{"rendered":"CONTIN\u00daA EL PROGRAMA DE INFANCIA Y SALUD DE LOS JARDINES DE INFANTES DE LA MUNICIPALIDAD"},"content":{"rendered":"\n<p>La iniciativa, desarrollada en el Patio del Indio Froil\u00e1n, fue organizada en esta oportunidad por el Jard\u00edn de Infantes Municipal N\u00b03 \u00abRosario Vera Pe\u00f1aloza\u00bb, con el prop\u00f3sito de revalorizar la identidad y las tradiciones santiague\u00f1as.<\/p>\n\n\n\n<p>En este sentido, la directora de la instituci\u00f3n, Lic. Celia Cajal, se\u00f1al\u00f3 que \u00abla propuesta apunta a mejorar la salud emocional de los ni\u00f1os, quienes, por medio de actividades l\u00fadicas y art\u00edsticas, pueden aprender a reconocer, manifestar y gestionar sus emociones\u00bb.<\/p>\n\n\n\n<p>\u00abAdem\u00e1s, en colaboraci\u00f3n con la DiGAIA, realizamos tareas de prevenci\u00f3n contra las adicciones, buscando fortalecer el v\u00ednculo de los ni\u00f1os con sus familias y transmitiendo valores de compa\u00f1erismo, solidaridad y amor\u00bb, remarc\u00f3.<\/p>\n","protected":false},"excerpt":{"rendered":"<p>Dentro del programa Infancia y Salud del Servicio Educativo de la Municipalidad de la Capital se realiz\u00f3 un colorido Patio Criollo; en el cual alumnos, familias y docentes compartieron representaciones teatrales, danzas folcl\u00f3ricas y talleres de pintura y escultura, entre otras actividades art\u00edsticas.<\/p>\n","protected":false},"author":2,"featured_media":39485,"comment_status":"open","ping_status":"open","sticky":false,"template":"","format":"standard","meta":{"om_disable_all_campaigns":false,"_monsterinsights_skip_tracking":false,"_monsterinsights_sitenote_active":false,"_monsterinsights_sitenote_note":"","_monsterinsights_sitenote_category":0,"_uf_show_specific_survey":0,"_uf_disable_surveys":false,"jetpack_post_was_ever_published":false,"_jetpack_newsletter_access":"","_jetpack_dont_email_post_to_subs":false,"_jetpack_newsletter_tier_id":0,"_jetpack_memberships_contains_paywalled_content":false,"_jetpack_memberships_contains_paid_content":false,"footnotes":"","jetpack_publicize_message":"","jetpack_publicize_feature_enabled":true,"jetpack_social_post_already_shared":false,"jetpack_social_options":{"image_generator_settings":{"template":"highway","default_image_id":0,"font":"","enabled":false},"version":2}},"categories":[19],"tags":[],"class_list":["post-39484","post","type-post","status-publish","format-standard","has-post-thumbnail","hentry","category-educacion"],"aioseo_notices":[],"views":9,"jetpack_publicize_connections":[],"jetpack_featured_media_url":"https:\/\/i0.wp.com\/elterritorialweb.com.ar\/web\/wp-content\/uploads\/2022\/05\/programa-jardines-municipales.jpeg?fit=1600%2C1027&ssl=1","jetpack_sharing_enabled":true,"_links":{"self":[{"href":"https:\/\/elterritorialweb.com.ar\/web\/wp-json\/wp\/v2\/posts\/39484","targetHints":{"allow":["GET"]}}],"collection":[{"href":"https:\/\/elterritorialweb.com.ar\/web\/wp-json\/wp\/v2\/posts"}],"about":[{"href":"https:\/\/elterritorialweb.com.ar\/web\/wp-json\/wp\/v2\/types\/post"}],"author":[{"embeddable":true,"href":"https:\/\/elterritorialweb.com.ar\/web\/wp-json\/wp\/v2\/users\/2"}],"replies":[{"embeddable":true,"href":"https:\/\/elterritorialweb.com.ar\/web\/wp-json\/wp\/v2\/comments?post=39484"}],"version-history":[{"count":1,"href":"https:\/\/elterritorialweb.com.ar\/web\/wp-json\/wp\/v2\/posts\/39484\/revisions"}],"predecessor-version":[{"id":39486,"href":"https:\/\/elterritorialweb.com.ar\/web\/wp-json\/wp\/v2\/posts\/39484\/revisions\/39486"}],"wp:featuredmedia":[{"embeddable":true,"href":"https:\/\/elterritorialweb.com.ar\/web\/wp-json\/wp\/v2\/media\/39485"}],"wp:attachment":[{"href":"https:\/\/elterritorialweb.com.ar\/web\/wp-json\/wp\/v2\/media?parent=39484"}],"wp:term":[{"taxonomy":"category","embeddable":true,"href":"https:\/\/elterritorialweb.com.ar\/web\/wp-json\/wp\/v2\/categories?post=39484"},{"taxonomy":"post_tag","embeddable":true,"href":"https:\/\/elterritorialweb.com.ar\/web\/wp-json\/wp\/v2\/tags?post=39484"}],"curies":[{"name":"wp","href":"https:\/\/api.w.org\/{rel}","templated":true}]}}