{"id":39487,"date":"2022-05-02T01:59:11","date_gmt":"2022-05-02T01:59:11","guid":{"rendered":"http:\/\/elterritorialweb.com.ar\/web\/?p=39487"},"modified":"2022-05-02T01:59:12","modified_gmt":"2022-05-02T01:59:12","slug":"ofrecen-cargos-y-horas-catedras-titulares-y-suplentes-del-primer-grado-del-escalafon-2","status":"publish","type":"post","link":"https:\/\/elterritorialweb.com.ar\/web\/ofrecen-cargos-y-horas-catedras-titulares-y-suplentes-del-primer-grado-del-escalafon-2\/","title":{"rendered":"OFRECEN CARGOS Y HORAS CATEDRAS TITULARES Y SUPLENTES DEL PRIMER GRADO DEL ESCALAF\u00d3N"},"content":{"rendered":"\n<p>El Consejo General de Educaci\u00f3n comunica a los docentes de los Niveles Inicial, Primario y Modalidades, Secundario y Superior,&nbsp; que a partir&nbsp; de las 00 hs. del d\u00eda Lunes 02&nbsp; y hasta las 23:59 hs. del d\u00eda Martes 03 de Mayo de 2022, se realizar\u00e1 el OFRECIMIENTO de Cargos y Horas C\u00e1tedra Titulares y Suplentes del primer grado del escalaf\u00f3n de los establecimientos educativos de los&nbsp; Niveles Inicial, Primario y Modalidades, Secundario y Superior en el sistema \u201cConsejo Virtual\u201d, ingresando en el Portal Oficial del CGE www.cgesantiago.gob.ar &#8211; Secci\u00f3n \u201cConsejo virtual\u201d. Los ofrecimientos se realizar\u00e1n conforme al LOM 2022 y las pautas establecidas en la Resoluci\u00f3n N\u00b0 162\/2022, en forma progresiva respetando las medidas sanitarias establecidas para frenar el avance del COVID-19.<\/p>\n\n\n\n<p><strong>Nivel Inicial<\/strong><\/p>\n\n\n\n<p>1.&nbsp;&nbsp;&nbsp;&nbsp;&nbsp;&nbsp;&nbsp; Jard\u00edn de Infantes N\u00b07 Centenario -Regi\u00f3n 1- Santiago del Estero, Dpto. Capital<\/p>\n\n\n\n<p>2.&nbsp;&nbsp;&nbsp;&nbsp;&nbsp;&nbsp;&nbsp; Jard\u00edn de Infantes N\u00b025 Los Pastorcitos &#8211; Regi\u00f3n 1- Santiago del Estero, Dpto. Capital<\/p>\n\n\n\n<p>3.&nbsp;&nbsp;&nbsp;&nbsp;&nbsp;&nbsp;&nbsp; Jard\u00edn de Infantes N\u00b030 Infanta Mendocina -Regi\u00f3n 1-Santiago del Estero, Dpto. Capital<\/p>\n\n\n\n<p>4.&nbsp;&nbsp;&nbsp;&nbsp;&nbsp;&nbsp;&nbsp; Jard\u00edn de Infantes N\u00b0 386&nbsp; Huahuitas Huasitun &#8211; Regi\u00f3n 1- San Vicente, Dpto. Loreto<\/p>\n\n\n\n<p>5.&nbsp;&nbsp;&nbsp;&nbsp;&nbsp;&nbsp;&nbsp; Jard\u00edn de Infantes N\u00b0 72&nbsp; Bambi-Regi\u00f3n 1- Santiago del Estero. Dpto. Capital<\/p>\n\n\n\n<p>6.&nbsp;&nbsp;&nbsp;&nbsp;&nbsp;&nbsp;&nbsp; Jard\u00edn de Infantes N\u00b0 205 Cielito Lindo &#8211; Regi\u00f3n 2 &#8211; La Aurora, Dpto. Banda<\/p>\n\n\n\n<p>7.&nbsp;&nbsp;&nbsp;&nbsp;&nbsp;&nbsp;&nbsp; Jard\u00edn de Infantes N\u00b0 181 anexo Esc. N\u00b0 838 &#8211; Regi\u00f3n 2 &#8211; La Florida, Dpto. Robles<\/p>\n\n\n\n<p>8.&nbsp;&nbsp;&nbsp;&nbsp;&nbsp;&nbsp;&nbsp; Jard\u00edn de Infantes N\u00b0 40 Rinc\u00f3n de Sue\u00f1os &#8211; Regi\u00f3n 2 &#8211; La Ca\u00f1ada, Dpto. Figueroa<\/p>\n\n\n\n<p>9.&nbsp;&nbsp;&nbsp;&nbsp;&nbsp;&nbsp;&nbsp; Jard\u00edn de Infantes N\u00b0 75&nbsp; Esperanza &#8211; Regi\u00f3n 3 &#8211; Nueva Esperanza, Dpto. Pellegrini<\/p>\n\n\n\n<p>10.&nbsp;&nbsp;&nbsp;&nbsp;&nbsp; Jard\u00edn de Infantes N\u00b0141&nbsp; Abrojitos &#8211; Regi\u00f3n 3 -Pozo Hondo, Dpto. Jim\u00e9nez<\/p>\n\n\n\n<p>11.&nbsp;&nbsp;&nbsp;&nbsp;&nbsp; Jard\u00edn de Infantes N\u00b0187 Cebollitas -Regi\u00f3n 3- El Charco &#8211; Dpto. Jim\u00e9nez<\/p>\n\n\n\n<p>12.&nbsp;&nbsp;&nbsp;&nbsp;&nbsp; Jard\u00edn de Infantes N\u00b0 107&nbsp; Sayaneritos &#8211; Regi\u00f3n 4 &#8211; Real Sayana, Dpto. Avellaneda<\/p>\n\n\n\n<p>13.&nbsp;&nbsp;&nbsp;&nbsp;&nbsp; Jard\u00edn de Infantes N\u00b0 902 anexo a Esc. N\u00b0 686 Vacasmioj &#8211; Regi\u00f3n 4 &#8211; Real Sayana, Dpto. Avellaneda<\/p>\n\n\n\n<p>14.&nbsp;&nbsp;&nbsp;&nbsp;&nbsp; Jard\u00edn de Infantes N\u00b0 81 Copitos de Amor \u2013 Regi\u00f3n 6 \u2013 Los Pirpintos, Dpto. Copo<\/p>\n\n\n\n<p>15.&nbsp;&nbsp;&nbsp;&nbsp;&nbsp; Jard\u00edn de Infantes N\u00b0130 &#8211; Regi\u00f3n 8 \u2013 Sumampa, Dpto. Quebrachos<\/p>\n\n\n\n<p><strong>Nivel Primario<\/strong><\/p>\n\n\n\n<p>1.&nbsp;&nbsp;&nbsp;&nbsp;&nbsp;&nbsp;&nbsp; Escuela N\u00b0 446 Dr. Carlos Coronel &#8211; Jornada Simple (Regi\u00f3n II) &#8211; La Banda, Dpto. Banda<\/p>\n\n\n\n<p>2.&nbsp;&nbsp;&nbsp;&nbsp;&nbsp;&nbsp;&nbsp; Escuela N\u00b0 1073 &#8211; Jornada Simple (Regi\u00f3n VII)- Ancajan, Dpto. Choya<\/p>\n\n\n\n<p>3.&nbsp;&nbsp;&nbsp;&nbsp;&nbsp;&nbsp;&nbsp; Escuela Juan Antonio Neirot N\u00b0 54 -Jornada Simple &#8211; (Regi\u00f3n I)-Sgo. del Estero, Dpto. Capital<\/p>\n\n\n\n<p>4.&nbsp;&nbsp;&nbsp;&nbsp;&nbsp;&nbsp;&nbsp; Escuela N\u00b0 418 Jos\u00e9 Ra\u00fal Villagr\u00e1n &#8211; Jornada Simple (Regi\u00f3n III) &#8211; Nueva Esperanza, Dpto. Pellegrini<\/p>\n\n\n\n<p>5.&nbsp;&nbsp;&nbsp;&nbsp;&nbsp;&nbsp;&nbsp; Esc. Sup. Prov. de San Luis N\u00ba 198 &#8211; Jornada Simple &#8211; (Regi\u00f3n V)-Quimil\u00ed, Dpto. Moreno<\/p>\n\n\n\n<p>6.&nbsp;&nbsp;&nbsp;&nbsp;&nbsp;&nbsp;&nbsp; Escuela N\u00b0 1170 &#8211; Jornada Completa &#8211; Los Sorias, Dpto. Banda<\/p>\n\n\n\n<p>7.&nbsp;&nbsp;&nbsp;&nbsp;&nbsp;&nbsp;&nbsp; Esc. Sup. N\u00ba 169 Julio A. Roca &#8211; Jornada Simple &#8211; (Regi\u00f3n IV) \u2013 A\u00f1atuya, Dpto. Gral. Taboada<\/p>\n\n\n\n<p>8.&nbsp;&nbsp;&nbsp;&nbsp;&nbsp;&nbsp;&nbsp; Esc. N\u00b0 761 Rafael Obligado &#8211; Jornada Simple &#8211; (Regi\u00f3n III)-Termas de R\u00edo Hondo, Dpto. R\u00edo Hondo<\/p>\n\n\n\n<p>9.&nbsp;&nbsp;&nbsp;&nbsp;&nbsp;&nbsp;&nbsp; Escuela N\u00b0 1115 &#8211; Jornada Simple &#8211; (Regi\u00f3n VII)- Choya, Dpto. Choya<\/p>\n\n\n\n<p>10.&nbsp;&nbsp;&nbsp;&nbsp;&nbsp; Esc.&nbsp; N\u00ba 95 P\u00e9rez Bulnes &#8211; Jornada Simple- (Regi\u00f3n VII) \u2013 Choya, Dpto. Choya<\/p>\n\n\n\n<p>11.&nbsp;&nbsp;&nbsp;&nbsp;&nbsp; Escuela N\u00ba 243 Manuel Alberti &#8211; Jornada Simple- (Regi\u00f3n VII)-Fr\u00edas, Dpto. Choya<\/p>\n\n\n\n<p>12.&nbsp;&nbsp;&nbsp;&nbsp;&nbsp; Escuela N\u00ba 1241 Benjam\u00edn Santill\u00e1n- Jornada Completa \u2013 Sgo. del Estero, Dpto. Capital<\/p>\n\n\n\n<p>13.&nbsp;&nbsp;&nbsp;&nbsp;&nbsp; Esc. N\u00ba 41 Remedios de Escalada de San Mart\u00edn &#8211; Jornada Simple -(Regi\u00f3n II)-San Javier, Dpto. Banda<\/p>\n\n\n\n<p>14.&nbsp;&nbsp;&nbsp;&nbsp;&nbsp; Esc. Sup. N\u00b0155 Luisa de Romero &#8211; Jornada Simple &#8211; (Regi\u00f3n IV) \u2013 A\u00f1atuya, Dpto. Gral. Taboada<\/p>\n\n\n\n<p>15.&nbsp;&nbsp;&nbsp;&nbsp;&nbsp; Escuela N\u00b0 1099 Pedro L. Gallo-Jornada Simple- (Regi\u00f3n I)-Loreto, Dpto. Loreto<\/p>\n\n\n\n<p>16.&nbsp;&nbsp;&nbsp;&nbsp;&nbsp; Escuela&nbsp; N\u00ba 17 F\u00e9lix Fr\u00edas -Jornada Simple (Regi\u00f3n VII)- Fr\u00edas, Dpto. Choya<\/p>\n\n\n\n<p><strong>Nivel Secundario<\/strong><\/p>\n\n\n\n<p>1.&nbsp;&nbsp;&nbsp;&nbsp;&nbsp;&nbsp;&nbsp; Colegio Secundario \u00abLeopoldo Lugones\u00bb &#8211; Ojo De Agua &#8211; Ojo De Agua<\/p>\n\n\n\n<p>2.&nbsp;&nbsp;&nbsp;&nbsp;&nbsp;&nbsp;&nbsp; Colegio Secundario \u00abSachayoj\u00bb \u2013 Sachayoj \u2013 Alberdi<\/p>\n\n\n\n<p>3.&nbsp;&nbsp;&nbsp;&nbsp;&nbsp;&nbsp;&nbsp; Colegio Secundario \u00abNicol\u00e1s Avellaneda\u00bb &#8211; Santiago del Estero &#8211; Capital<\/p>\n\n\n\n<p>4.&nbsp;&nbsp;&nbsp;&nbsp;&nbsp;&nbsp;&nbsp; Colegio Secundario \u00abJorge Washington \u00c1balos\u00bb &#8211; Los Telares &#8211; Salavina<\/p>\n\n\n\n<p>5.&nbsp;&nbsp;&nbsp;&nbsp;&nbsp;&nbsp;&nbsp; Colegio Secundario \u201c2 De Abril\u201d &#8211; Santiago del Estero &#8211; Capital<\/p>\n\n\n\n<p>6.&nbsp;&nbsp;&nbsp;&nbsp;&nbsp;&nbsp;&nbsp; Colegio del Bicentenario de la Revoluci\u00f3n de Mayo &#8211; Santiago del Estero &#8211; Capital<\/p>\n\n\n\n<p>7.&nbsp;&nbsp;&nbsp;&nbsp;&nbsp;&nbsp;&nbsp; Colegio Agrot\u00e9cnico Madre Tierra &#8211; Fern\u00e1ndez &#8211; Robles<\/p>\n\n\n\n<p><strong>Nivel Superior<\/strong><\/p>\n\n\n\n<p>1-&nbsp;&nbsp;&nbsp;&nbsp;&nbsp;&nbsp;&nbsp; E.N.S. Rep. del&nbsp; Ecuador &#8211; Fr\u00edas, Dpto. Choya<\/p>\n\n\n\n<p>2-&nbsp;&nbsp;&nbsp;&nbsp;&nbsp;&nbsp;&nbsp; E.N.S. Manuel Belgrano &#8211;&nbsp; Santiago del Estero, Dpto. Capital<\/p>\n\n\n\n<p>3-&nbsp;&nbsp;&nbsp;&nbsp;&nbsp;&nbsp;&nbsp; E.S.P.E.A. N\u00b0 1 &#8211; Santiago del Estero, Dpto. Capital<\/p>\n\n\n\n<p>4-&nbsp;&nbsp;&nbsp;&nbsp;&nbsp;&nbsp;&nbsp; I.S.E.T. N\u00b0 2 &#8211; Santiago del Estero, Dpto. Capital<\/p>\n\n\n\n<p>Nivel Primario<\/p>\n\n\n\n<p>1-&nbsp;&nbsp;&nbsp;&nbsp;&nbsp;&nbsp;&nbsp; E.N.S. Rep. del Ecuador \u2013 Fr\u00edas, Dpto. Choya<\/p>\n\n\n\n<p><strong>Modalidades Educativas<\/strong><\/p>\n\n\n\n<p>1.- CEIJA Marisa Wagner &#8211; Modalidad Especial &#8211; Sgo. del Estero, Dpto. Capital<\/p>\n\n\n\n<p>2.- CEIJA Banda &#8211;&nbsp; Modalidad Especial &#8211; La Banda, Dpto. Banda<\/p>\n","protected":false},"excerpt":{"rendered":"<p>As\u00ed lo inform\u00f3 mediante un comunicado el Consejo General de Educaci\u00f3n.<\/p>\n","protected":false},"author":2,"featured_media":18585,"comment_status":"open","ping_status":"open","sticky":false,"template":"","format":"standard","meta":{"om_disable_all_campaigns":false,"_monsterinsights_skip_tracking":false,"_monsterinsights_sitenote_active":false,"_monsterinsights_sitenote_note":"","_monsterinsights_sitenote_category":0,"_uf_show_specific_survey":0,"_uf_disable_surveys":false,"jetpack_post_was_ever_published":false,"_jetpack_newsletter_access":"","_jetpack_dont_email_post_to_subs":false,"_jetpack_newsletter_tier_id":0,"_jetpack_memberships_contains_paywalled_content":false,"_jetpack_memberships_contains_paid_content":false,"footnotes":"","jetpack_publicize_message":"","jetpack_publicize_feature_enabled":true,"jetpack_social_post_already_shared":false,"jetpack_social_options":{"image_generator_settings":{"template":"highway","default_image_id":0,"font":"","enabled":false},"version":2}},"categories":[19],"tags":[],"class_list":["post-39487","post","type-post","status-publish","format-standard","has-post-thumbnail","hentry","category-educacion"],"aioseo_notices":[],"views":9,"jetpack_publicize_connections":[],"jetpack_featured_media_url":"https:\/\/i0.wp.com\/elterritorialweb.com.ar\/web\/wp-content\/uploads\/2021\/03\/CONSEJO-DE-EDUCACION.jpg?fit=1500%2C850&ssl=1","jetpack_sharing_enabled":true,"_links":{"self":[{"href":"https:\/\/elterritorialweb.com.ar\/web\/wp-json\/wp\/v2\/posts\/39487","targetHints":{"allow":["GET"]}}],"collection":[{"href":"https:\/\/elterritorialweb.com.ar\/web\/wp-json\/wp\/v2\/posts"}],"about":[{"href":"https:\/\/elterritorialweb.com.ar\/web\/wp-json\/wp\/v2\/types\/post"}],"author":[{"embeddable":true,"href":"https:\/\/elterritorialweb.com.ar\/web\/wp-json\/wp\/v2\/users\/2"}],"replies":[{"embeddable":true,"href":"https:\/\/elterritorialweb.com.ar\/web\/wp-json\/wp\/v2\/comments?post=39487"}],"version-history":[{"count":1,"href":"https:\/\/elterritorialweb.com.ar\/web\/wp-json\/wp\/v2\/posts\/39487\/revisions"}],"predecessor-version":[{"id":39488,"href":"https:\/\/elterritorialweb.com.ar\/web\/wp-json\/wp\/v2\/posts\/39487\/revisions\/39488"}],"wp:featuredmedia":[{"embeddable":true,"href":"https:\/\/elterritorialweb.com.ar\/web\/wp-json\/wp\/v2\/media\/18585"}],"wp:attachment":[{"href":"https:\/\/elterritorialweb.com.ar\/web\/wp-json\/wp\/v2\/media?parent=39487"}],"wp:term":[{"taxonomy":"category","embeddable":true,"href":"https:\/\/elterritorialweb.com.ar\/web\/wp-json\/wp\/v2\/categories?post=39487"},{"taxonomy":"post_tag","embeddable":true,"href":"https:\/\/elterritorialweb.com.ar\/web\/wp-json\/wp\/v2\/tags?post=39487"}],"curies":[{"name":"wp","href":"https:\/\/api.w.org\/{rel}","templated":true}]}}