{"id":39489,"date":"2022-05-02T02:08:01","date_gmt":"2022-05-02T02:08:01","guid":{"rendered":"http:\/\/elterritorialweb.com.ar\/web\/?p=39489"},"modified":"2022-05-02T02:08:01","modified_gmt":"2022-05-02T02:08:01","slug":"nediani-oficializo-nuevas-juntas-vecinales-de-diferentes-barrios-bandenos","status":"publish","type":"post","link":"https:\/\/elterritorialweb.com.ar\/web\/nediani-oficializo-nuevas-juntas-vecinales-de-diferentes-barrios-bandenos\/","title":{"rendered":"NEDIANI OFICIALIZ\u00d3 NUEVAS JUNTAS VECINALES DE DIFERENTES BARRIOS BANDE\u00d1OS"},"content":{"rendered":"\n<p>En este sentido, el jefe comunal estuvo acompa\u00f1ado por el director de Juntas Vecinales, Diego Torres, con quien recibi\u00f3 a vecinos representantes de ciertos barrios, manteniendo un dialogo ameno. Los mismos, expresaron diversas problem\u00e1ticas, proyectos a futuro y dem\u00e1s temas barriales que necesitan del apoyo de la comuna.<br>En la oportunidad, los funcionarios realizaron la entrega de la documentaci\u00f3n oficial, como sello, libro de actas y decreto.<br>El mandatario resalt\u00f3 la creaci\u00f3n de la junta N\u00b0 82 , de los 90 barrios bande\u00f1os, adem\u00e1s, destac\u00f3 la gran labor que realiza el \u00e1rea mencionada y dijo: \u201cLa idea de esta gesti\u00f3n, es mantener la cercan\u00eda con el vecino. Entendemos que, muchas veces el municipio planea y realiza obras en los barrios, que en ocasiones no son las que solicitan los vecinos por causas mayores, pero el objetivo de esto, es la buena comunicaci\u00f3n y poder llegar a cumplir y cubrir todas las necesidades, para as\u00ed brindar desde nuestro lugar, una mejor calidad de vida para los bande\u00f1os\u201d.<\/p>\n\n\n\n<figure class=\"wp-block-image size-large\"><a href=\"https:\/\/i0.wp.com\/elterritorialweb.com.ar\/web\/wp-content\/uploads\/2022\/05\/WhatsApp-Image-2022-05-01-at-8.27.41-PM.jpeg\"><img data-recalc-dims=\"1\" decoding=\"async\" width=\"640\" height=\"411\" data-src=\"https:\/\/i0.wp.com\/elterritorialweb.com.ar\/web\/wp-content\/uploads\/2022\/05\/WhatsApp-Image-2022-05-01-at-8.27.41-PM.jpeg?resize=640%2C411\" alt=\"\" class=\"wp-image-39491 lazyload\" data-srcset=\"https:\/\/i0.wp.com\/elterritorialweb.com.ar\/web\/wp-content\/uploads\/2022\/05\/WhatsApp-Image-2022-05-01-at-8.27.41-PM.jpeg?resize=1024%2C657&amp;ssl=1 1024w, https:\/\/i0.wp.com\/elterritorialweb.com.ar\/web\/wp-content\/uploads\/2022\/05\/WhatsApp-Image-2022-05-01-at-8.27.41-PM.jpeg?resize=300%2C192&amp;ssl=1 300w, https:\/\/i0.wp.com\/elterritorialweb.com.ar\/web\/wp-content\/uploads\/2022\/05\/WhatsApp-Image-2022-05-01-at-8.27.41-PM.jpeg?resize=768%2C493&amp;ssl=1 768w, https:\/\/i0.wp.com\/elterritorialweb.com.ar\/web\/wp-content\/uploads\/2022\/05\/WhatsApp-Image-2022-05-01-at-8.27.41-PM.jpeg?resize=1115%2C715&amp;ssl=1 1115w, https:\/\/i0.wp.com\/elterritorialweb.com.ar\/web\/wp-content\/uploads\/2022\/05\/WhatsApp-Image-2022-05-01-at-8.27.41-PM.jpeg?w=1280&amp;ssl=1 1280w\" data-sizes=\"(max-width: 640px) 100vw, 640px\" src=\"data:image\/svg+xml;base64,PHN2ZyB3aWR0aD0iMSIgaGVpZ2h0PSIxIiB4bWxucz0iaHR0cDovL3d3dy53My5vcmcvMjAwMC9zdmciPjwvc3ZnPg==\" style=\"--smush-placeholder-width: 640px; --smush-placeholder-aspect-ratio: 640\/411;\" \/><\/a><\/figure>\n\n\n\n<p>Por su parte, Diego Torres destac\u00f3 la importancia de las juntas vecinales, \u201cpara poder as\u00ed los vecinos,\u00a0acordar y gestionar las necesidades y problem\u00e1ticas barriales con la comuna,\u00a0logrando respuestas y soluciones de la manera m\u00e1s r\u00e1pida y favorable posible, generando una relaci\u00f3n de trabajo mancomunado, realizando mejoras y dem\u00e1s beneficios para los vecinos\u201d, e invit\u00f3 a los barrios y sectores que no cuenten con una junta vecinal, iniciar los tramites correspondientes en el Palacio Municipal.<\/p>\n","protected":false},"excerpt":{"rendered":"<p>El intendente de la ciudad de La Banda, Roger Nediani recibi\u00f3 a vecinos de diferentes barrios, con quienes oficializ\u00f3 la creaci\u00f3n de nuevas juntas vecinales de los barrios Gorrini, Villa Gambetti, Rio Dulce y IV Centenario.<\/p>\n","protected":false},"author":2,"featured_media":39490,"comment_status":"open","ping_status":"open","sticky":false,"template":"","format":"standard","meta":{"om_disable_all_campaigns":false,"_monsterinsights_skip_tracking":false,"_monsterinsights_sitenote_active":false,"_monsterinsights_sitenote_note":"","_monsterinsights_sitenote_category":0,"_uf_show_specific_survey":0,"_uf_disable_surveys":false,"jetpack_post_was_ever_published":false,"_jetpack_newsletter_access":"","_jetpack_dont_email_post_to_subs":false,"_jetpack_newsletter_tier_id":0,"_jetpack_memberships_contains_paywalled_content":false,"_jetpack_memberships_contains_paid_content":false,"footnotes":"","jetpack_publicize_message":"","jetpack_publicize_feature_enabled":true,"jetpack_social_post_already_shared":false,"jetpack_social_options":{"image_generator_settings":{"template":"highway","default_image_id":0,"font":"","enabled":false},"version":2}},"categories":[21],"tags":[],"class_list":["post-39489","post","type-post","status-publish","format-standard","has-post-thumbnail","hentry","category-locales"],"aioseo_notices":[],"views":7,"jetpack_publicize_connections":[],"jetpack_featured_media_url":"https:\/\/i0.wp.com\/elterritorialweb.com.ar\/web\/wp-content\/uploads\/2022\/05\/WhatsApp-Image-2022-05-01-at-8.27.40-PM.jpeg?fit=1280%2C853&ssl=1","jetpack_sharing_enabled":true,"_links":{"self":[{"href":"https:\/\/elterritorialweb.com.ar\/web\/wp-json\/wp\/v2\/posts\/39489","targetHints":{"allow":["GET"]}}],"collection":[{"href":"https:\/\/elterritorialweb.com.ar\/web\/wp-json\/wp\/v2\/posts"}],"about":[{"href":"https:\/\/elterritorialweb.com.ar\/web\/wp-json\/wp\/v2\/types\/post"}],"author":[{"embeddable":true,"href":"https:\/\/elterritorialweb.com.ar\/web\/wp-json\/wp\/v2\/users\/2"}],"replies":[{"embeddable":true,"href":"https:\/\/elterritorialweb.com.ar\/web\/wp-json\/wp\/v2\/comments?post=39489"}],"version-history":[{"count":1,"href":"https:\/\/elterritorialweb.com.ar\/web\/wp-json\/wp\/v2\/posts\/39489\/revisions"}],"predecessor-version":[{"id":39492,"href":"https:\/\/elterritorialweb.com.ar\/web\/wp-json\/wp\/v2\/posts\/39489\/revisions\/39492"}],"wp:featuredmedia":[{"embeddable":true,"href":"https:\/\/elterritorialweb.com.ar\/web\/wp-json\/wp\/v2\/media\/39490"}],"wp:attachment":[{"href":"https:\/\/elterritorialweb.com.ar\/web\/wp-json\/wp\/v2\/media?parent=39489"}],"wp:term":[{"taxonomy":"category","embeddable":true,"href":"https:\/\/elterritorialweb.com.ar\/web\/wp-json\/wp\/v2\/categories?post=39489"},{"taxonomy":"post_tag","embeddable":true,"href":"https:\/\/elterritorialweb.com.ar\/web\/wp-json\/wp\/v2\/tags?post=39489"}],"curies":[{"name":"wp","href":"https:\/\/api.w.org\/{rel}","templated":true}]}}