{"id":40173,"date":"2022-05-18T01:40:01","date_gmt":"2022-05-18T01:40:01","guid":{"rendered":"http:\/\/elterritorialweb.com.ar\/web\/?p=40173"},"modified":"2022-05-18T01:40:01","modified_gmt":"2022-05-18T01:40:01","slug":"el-intendente-nediani-camino-junto-a-los-vecinos-el-barrio-finca-de-ramos","status":"publish","type":"post","link":"https:\/\/elterritorialweb.com.ar\/web\/el-intendente-nediani-camino-junto-a-los-vecinos-el-barrio-finca-de-ramos\/","title":{"rendered":"EL INTENDENTE NEDIANI CAMIN\u00d3 JUNTO A LOS VECINOS EL BARRIO FINCA DE RAMOS"},"content":{"rendered":"\n<p>Esta actividad se realiz\u00f3 el lunes a la tarde y fue organizada por M\u00f3nica Concha donde tambi\u00e9n participaron autoridades municipales, concejales, dirigentes barriales y bande\u00f1os en general.<br>Nediani destac\u00f3 lo siguiente sobre la caminata: \u00abHoy tuvimos la oportunidad de realizar una caminata muy positiva por el barrio Finca de Ramos junto a los dirigentes, funcionarios y compa\u00f1eros municipales que nos acompa\u00f1an en cada una de las caminatas donde hablamos con los vecinos y tenemos la oportunidad de escuchar sus inquietudes sobre todo\u201d.<br>Adem\u00e1s, el jefe comunal dijo que, \u201chace poco realizamos en este sector el aporte de suelo y base estabilizada, tambi\u00e9n se mejor\u00f3 el sistema de iluminaci\u00f3n, no obstante falta por mejorar varios servicios, en este sentido el contacto y di\u00e1logo permanente y el contacto con el vecino nos permite trabajar juntos e ir mejorando el sector.<\/p>\n\n\n\n<figure class=\"wp-block-image size-large\"><a href=\"https:\/\/i0.wp.com\/elterritorialweb.com.ar\/web\/wp-content\/uploads\/2022\/05\/NEDIANI-JUNTO-A-VECINOS.jpeg\"><img data-recalc-dims=\"1\" decoding=\"async\" width=\"640\" height=\"437\" data-src=\"https:\/\/i0.wp.com\/elterritorialweb.com.ar\/web\/wp-content\/uploads\/2022\/05\/NEDIANI-JUNTO-A-VECINOS.jpeg?resize=640%2C437\" alt=\"\" class=\"wp-image-40175 lazyload\" data-srcset=\"https:\/\/i0.wp.com\/elterritorialweb.com.ar\/web\/wp-content\/uploads\/2022\/05\/NEDIANI-JUNTO-A-VECINOS.jpeg?resize=1024%2C699&amp;ssl=1 1024w, https:\/\/i0.wp.com\/elterritorialweb.com.ar\/web\/wp-content\/uploads\/2022\/05\/NEDIANI-JUNTO-A-VECINOS.jpeg?resize=300%2C205&amp;ssl=1 300w, https:\/\/i0.wp.com\/elterritorialweb.com.ar\/web\/wp-content\/uploads\/2022\/05\/NEDIANI-JUNTO-A-VECINOS.jpeg?resize=768%2C524&amp;ssl=1 768w, https:\/\/i0.wp.com\/elterritorialweb.com.ar\/web\/wp-content\/uploads\/2022\/05\/NEDIANI-JUNTO-A-VECINOS.jpeg?w=1280&amp;ssl=1 1280w\" data-sizes=\"(max-width: 640px) 100vw, 640px\" src=\"data:image\/svg+xml;base64,PHN2ZyB3aWR0aD0iMSIgaGVpZ2h0PSIxIiB4bWxucz0iaHR0cDovL3d3dy53My5vcmcvMjAwMC9zdmciPjwvc3ZnPg==\" style=\"--smush-placeholder-width: 640px; --smush-placeholder-aspect-ratio: 640\/437;\" \/><\/a><\/figure>\n\n\n\n<p>Tambi\u00e9n, agreg\u00f3 que \u201cfue muy positiva esta actividad por eso la continuaremos realizando en otros barrios donde seguiremos dialogando con los vecinos en un contacto directo que proponemos desde el municipio de modo que tengamos la posibilidad de conocernos y entre todos poder continuar mejorando la ciudad\u00bb.<br>En la oportunidad, Nediani tambi\u00e9n realiz\u00f3 la entrega de juegos de camisetas de f\u00fatbol para el Club Arist\u00f3bulo del Valle que participa en la Liga de Veteranos de La Banda en la Categor\u00eda C50.<br>La indumentaria deportiva fue recibida por el se\u00f1or Jos\u00e9 Luis D\u00edas, integrante del cuerpo t\u00e9cnico, que agradeci\u00f3 la colaboraci\u00f3n del municipio y destac\u00f3 que las camisetas son elementos fundamentales para la competencia deportiva.<\/p>\n","protected":false},"excerpt":{"rendered":"<p>El intendente de la ciudad de La Banda, Roger Nediani, realiz\u00f3 una caminata por el barrio Finca de Ramos donde dialog\u00f3 con los vecinos y se interioriz\u00f3 de las necesidades del sector.<\/p>\n","protected":false},"author":2,"featured_media":40174,"comment_status":"open","ping_status":"open","sticky":false,"template":"","format":"standard","meta":{"om_disable_all_campaigns":false,"_monsterinsights_skip_tracking":false,"_monsterinsights_sitenote_active":false,"_monsterinsights_sitenote_note":"","_monsterinsights_sitenote_category":0,"_uf_show_specific_survey":0,"_uf_disable_surveys":false,"jetpack_post_was_ever_published":false,"_jetpack_newsletter_access":"","_jetpack_dont_email_post_to_subs":false,"_jetpack_newsletter_tier_id":0,"_jetpack_memberships_contains_paywalled_content":false,"_jetpack_memberships_contains_paid_content":false,"footnotes":"","jetpack_publicize_message":"","jetpack_publicize_feature_enabled":true,"jetpack_social_post_already_shared":false,"jetpack_social_options":{"image_generator_settings":{"template":"highway","default_image_id":0,"font":"","enabled":false},"version":2}},"categories":[21],"tags":[],"class_list":["post-40173","post","type-post","status-publish","format-standard","has-post-thumbnail","hentry","category-locales"],"aioseo_notices":[],"views":9,"jetpack_publicize_connections":[],"jetpack_featured_media_url":"https:\/\/i0.wp.com\/elterritorialweb.com.ar\/web\/wp-content\/uploads\/2022\/05\/NEDIANI-JUNTO-A-VECINOS-1.jpeg?fit=1280%2C770&ssl=1","jetpack_sharing_enabled":true,"_links":{"self":[{"href":"https:\/\/elterritorialweb.com.ar\/web\/wp-json\/wp\/v2\/posts\/40173","targetHints":{"allow":["GET"]}}],"collection":[{"href":"https:\/\/elterritorialweb.com.ar\/web\/wp-json\/wp\/v2\/posts"}],"about":[{"href":"https:\/\/elterritorialweb.com.ar\/web\/wp-json\/wp\/v2\/types\/post"}],"author":[{"embeddable":true,"href":"https:\/\/elterritorialweb.com.ar\/web\/wp-json\/wp\/v2\/users\/2"}],"replies":[{"embeddable":true,"href":"https:\/\/elterritorialweb.com.ar\/web\/wp-json\/wp\/v2\/comments?post=40173"}],"version-history":[{"count":1,"href":"https:\/\/elterritorialweb.com.ar\/web\/wp-json\/wp\/v2\/posts\/40173\/revisions"}],"predecessor-version":[{"id":40176,"href":"https:\/\/elterritorialweb.com.ar\/web\/wp-json\/wp\/v2\/posts\/40173\/revisions\/40176"}],"wp:featuredmedia":[{"embeddable":true,"href":"https:\/\/elterritorialweb.com.ar\/web\/wp-json\/wp\/v2\/media\/40174"}],"wp:attachment":[{"href":"https:\/\/elterritorialweb.com.ar\/web\/wp-json\/wp\/v2\/media?parent=40173"}],"wp:term":[{"taxonomy":"category","embeddable":true,"href":"https:\/\/elterritorialweb.com.ar\/web\/wp-json\/wp\/v2\/categories?post=40173"},{"taxonomy":"post_tag","embeddable":true,"href":"https:\/\/elterritorialweb.com.ar\/web\/wp-json\/wp\/v2\/tags?post=40173"}],"curies":[{"name":"wp","href":"https:\/\/api.w.org\/{rel}","templated":true}]}}